{"id":6713,"date":"2026-07-07T17:27:34","date_gmt":"2026-07-07T23:27:34","guid":{"rendered":"https:\/\/elcardinal.com\/?p=6713"},"modified":"2026-08-07T09:28:49","modified_gmt":"2026-08-07T15:28:49","slug":"ihe-fortalece-preservacion-de-lenguas-indigenas-con-programa-cazadores-de-saberes","status":"publish","type":"post","link":"https:\/\/elcardinal.com\/?p=6713","title":{"rendered":"IHE fortalece preservaci\u00f3n de lenguas ind\u00edgenas con programa Cazadores de Saberes"},"content":{"rendered":"<p>Redacci\u00f3n<\/p>\n<p><span style=\"font-weight: 400;\">El Instituto Hidalguense de Educaci\u00f3n (IHE), a trav\u00e9s del Centro Estatal de Lenguas y Culturas Ind\u00edgenas (CELCI), impuls\u00f3 durante el ciclo escolar 2025-2026 el programa <\/span><i><span style=\"font-weight: 400;\">Cazadores de Saberes<\/span><\/i><span style=\"font-weight: 400;\">. <\/span><i><span style=\"font-weight: 400;\">Ni\u00f1as y ni\u00f1os preservando su cultura<\/span><\/i><span style=\"font-weight: 400;\">, iniciativa que promueve la participaci\u00f3n de estudiantes como guardianes y difusores de sus lenguas originarias, tradiciones y conocimientos comunitarios.<\/span><\/p>\n<p><span style=\"font-weight: 400;\">En concordancia con la visi\u00f3n del gobernador Julio Menchaca Salazar y del secretario de Educaci\u00f3n P\u00fablica de Hidalgo, Natividad Castrej\u00f3n Valdez, este programa fortalece la educaci\u00f3n intercultural y la identidad de los pueblos originarios mediante acciones orientadas a la revitalizaci\u00f3n de las lenguas ind\u00edgenas y la preservaci\u00f3n del patrimonio cultural de la entidad.<\/span><\/p>\n<p><span style=\"font-weight: 400;\">A trav\u00e9s de investigaciones realizadas por ni\u00f1as y ni\u00f1os de distintas regiones del estado, durante el ciclo escolar 2025-2026 se publicaron cuatro ediciones de la revista <\/span><i><span style=\"font-weight: 400;\">Cazadores de Saberes<\/span><\/i><span style=\"font-weight: 400;\">, resultado del trabajo acad\u00e9mico y comunitario que documenta conocimientos, costumbres, historias y expresiones culturales de sus comunidades.<\/span><\/p>\n<p><span style=\"font-weight: 400;\">La edici\u00f3n n\u00famero 20 cont\u00f3 con la participaci\u00f3n de 12 alumnas y alumnos de la escuela primaria biling\u00fce \u201cMiguel Hidalgo y Costilla\u201d, ubicada en la comunidad de Llano Segundo, municipio de Zimap\u00e1n, quienes realizaron investigaciones en lengua h\u00f1\u00e4h\u00f1u.<\/span><\/p>\n<p><span style=\"font-weight: 400;\">Por su parte, la edici\u00f3n n\u00famero 21 integr\u00f3 los trabajos de 35 estudiantes de la escuela primaria ind\u00edgena \u201cDistribuidor Nissan No. 82\u201d, de la comunidad de Santa Ana Hueytlalpan, municipio de Tulancingo, con investigaciones desarrolladas en la variante otom\u00ed de la Sierra de Tenango de Doria.<\/span><\/p>\n<p><span style=\"font-weight: 400;\">Asimismo, la edici\u00f3n n\u00famero 22 reuni\u00f3 las aportaciones de 19 alumnas y alumnos de la escuela primaria ind\u00edgena \u201cNigromante\u201d, de la comunidad de Ustheje, municipio de Ixmiquilpan, quienes realizaron investigaciones en la variante h\u00f1\u00e4h\u00f1u.<\/span><\/p>\n<p><span style=\"font-weight: 400;\">Como parte de los logros alcanzados, se public\u00f3 tambi\u00e9n un n\u00famero especial que recopila trabajos elaborados por ni\u00f1as y ni\u00f1os participantes desde la primera hasta la vig\u00e9sima edici\u00f3n de la revista, con lo que se consolidan m\u00e1s de 10 a\u00f1os de trabajo continuo en favor de la preservaci\u00f3n y revitalizaci\u00f3n ling\u00fc\u00edstica y cultural de Hidalgo.<\/span><\/p>\n<p><span style=\"font-weight: 400;\">De igual manera, el programa ha tenido presencia en espacios de promoci\u00f3n cultural y educativa, como las Ferias del Libro organizadas por la Secretar\u00eda de Cultura de Hidalgo y la Universidad Aut\u00f3noma del Estado de Hidalgo (UAEH), donde se difunden sus resultados y se invita a m\u00e1s instituciones educativas a sumarse a esta estrategia para fortalecer el reconocimiento, la valoraci\u00f3n y la transmisi\u00f3n de los saberes de los pueblos originarios.<\/span><\/p>\n","protected":false},"excerpt":{"rendered":"<p>Redacci\u00f3n El Instituto Hidalguense de Educaci\u00f3n (IHE), a trav\u00e9s del Centro Estatal de Lenguas y Culturas Ind\u00edgenas (CELCI), impuls\u00f3 durante el ciclo escolar 2025-2026 el programa Cazadores de Saberes. Ni\u00f1as y ni\u00f1os preservando su cultura, iniciativa que promueve la participaci\u00f3n de estudiantes como guardianes y difusores de sus lenguas originarias, tradiciones y conocimientos comunitarios. En<\/p>\n","protected":false},"author":2,"featured_media":6714,"comment_status":"open","ping_status":"open","sticky":false,"template":"","format":"standard","meta":{"footnotes":""},"categories":[404,31,44],"tags":[],"class_list":["post-6713","post","type-post","status-publish","format-standard","has-post-thumbnail","category-educacion","category-hidalgo","category-minuto-a-minuto"],"yoast_head":"<!-- This site is optimized with the Yoast SEO plugin v28.0 - https:\/\/yoast.com\/product\/yoast-seo-wordpress\/ -->\n<title>IHE fortalece preservaci\u00f3n de lenguas ind\u00edgenas con programa Cazadores de Saberes - El Cardinal<\/title>\n<meta name=\"robots\" content=\"index, follow, max-snippet:-1, max-image-preview:large, max-video-preview:-1\" \/>\n<link rel=\"canonical\" href=\"https:\/\/elcardinal.com\/?p=6713\" \/>\n<meta property=\"og:locale\" content=\"es_MX\" \/>\n<meta property=\"og:type\" content=\"article\" \/>\n<meta property=\"og:title\" content=\"IHE fortalece preservaci\u00f3n de lenguas ind\u00edgenas con programa Cazadores de Saberes - El Cardinal\" \/>\n<meta property=\"og:description\" content=\"Redacci\u00f3n El Instituto Hidalguense de Educaci\u00f3n (IHE), a trav\u00e9s del Centro Estatal de Lenguas y Culturas Ind\u00edgenas (CELCI), impuls\u00f3 durante el ciclo escolar 2025-2026 el programa Cazadores de Saberes. Ni\u00f1as y ni\u00f1os preservando su cultura, iniciativa que promueve la participaci\u00f3n de estudiantes como guardianes y difusores de sus lenguas originarias, tradiciones y conocimientos comunitarios. En\" \/>\n<meta property=\"og:url\" content=\"https:\/\/elcardinal.com\/?p=6713\" \/>\n<meta property=\"og:site_name\" content=\"El Cardinal\" \/>\n<meta property=\"article:publisher\" content=\"https:\/\/www.facebook.com\/profile.php?id=100063093107011\" \/>\n<meta property=\"article:published_time\" content=\"2026-07-07T23:27:34+00:00\" \/>\n<meta property=\"article:modified_time\" content=\"2026-08-07T15:28:49+00:00\" \/>\n<meta property=\"og:image\" content=\"https:\/\/elcardinal.com\/wp-content\/uploads\/2026\/08\/IHE-fortalece-preservacion-de-lenguas-indigenas-con-programa-Cazadores-de-Saberes-1.jpeg\" \/>\n\t<meta property=\"og:image:width\" content=\"1125\" \/>\n\t<meta property=\"og:image:height\" content=\"824\" \/>\n\t<meta property=\"og:image:type\" content=\"image\/jpeg\" \/>\n<meta name=\"author\" content=\"Antonio Alcaraz\" \/>\n<meta name=\"twitter:card\" content=\"summary_large_image\" \/>\n<meta name=\"twitter:creator\" content=\"@ElCardinal_Mx\" \/>\n<meta name=\"twitter:site\" content=\"@ElCardinal_Mx\" \/>\n<meta name=\"twitter:label1\" content=\"Escrito por\" \/>\n\t<meta name=\"twitter:data1\" content=\"Antonio Alcaraz\" \/>\n\t<meta name=\"twitter:label2\" content=\"Tiempo de lectura\" \/>\n\t<meta name=\"twitter:data2\" content=\"3 minutos\" \/>\n<script type=\"application\/ld+json\" class=\"yoast-schema-graph\">{\"@context\":\"https:\\\/\\\/schema.org\",\"@graph\":[{\"@type\":\"Article\",\"@id\":\"https:\\\/\\\/elcardinal.com\\\/?p=6713#article\",\"isPartOf\":{\"@id\":\"https:\\\/\\\/elcardinal.com\\\/?p=6713\"},\"author\":{\"name\":\"Antonio Alcaraz\",\"@id\":\"https:\\\/\\\/elcardinal.com\\\/#\\\/schema\\\/person\\\/3c352ec0a33987fe275c0e8a2ea69f8b\"},\"headline\":\"IHE fortalece preservaci\u00f3n de lenguas ind\u00edgenas con programa Cazadores de Saberes\",\"datePublished\":\"2026-07-07T23:27:34+00:00\",\"dateModified\":\"2026-08-07T15:28:49+00:00\",\"mainEntityOfPage\":{\"@id\":\"https:\\\/\\\/elcardinal.com\\\/?p=6713\"},\"wordCount\":452,\"commentCount\":0,\"publisher\":{\"@id\":\"https:\\\/\\\/elcardinal.com\\\/#organization\"},\"image\":{\"@id\":\"https:\\\/\\\/elcardinal.com\\\/?p=6713#primaryimage\"},\"thumbnailUrl\":\"https:\\\/\\\/elcardinal.com\\\/wp-content\\\/uploads\\\/2026\\\/08\\\/IHE-fortalece-preservacion-de-lenguas-indigenas-con-programa-Cazadores-de-Saberes-1.jpeg\",\"articleSection\":[\"Educaci\u00f3n\",\"Hidalgo\",\"Minuto a Minuto\"],\"inLanguage\":\"es\",\"potentialAction\":[{\"@type\":\"CommentAction\",\"name\":\"Comment\",\"target\":[\"https:\\\/\\\/elcardinal.com\\\/?p=6713#respond\"]}]},{\"@type\":\"WebPage\",\"@id\":\"https:\\\/\\\/elcardinal.com\\\/?p=6713\",\"url\":\"https:\\\/\\\/elcardinal.com\\\/?p=6713\",\"name\":\"IHE fortalece preservaci\u00f3n de lenguas ind\u00edgenas con programa Cazadores de Saberes - El Cardinal\",\"isPartOf\":{\"@id\":\"https:\\\/\\\/elcardinal.com\\\/#website\"},\"primaryImageOfPage\":{\"@id\":\"https:\\\/\\\/elcardinal.com\\\/?p=6713#primaryimage\"},\"image\":{\"@id\":\"https:\\\/\\\/elcardinal.com\\\/?p=6713#primaryimage\"},\"thumbnailUrl\":\"https:\\\/\\\/elcardinal.com\\\/wp-content\\\/uploads\\\/2026\\\/08\\\/IHE-fortalece-preservacion-de-lenguas-indigenas-con-programa-Cazadores-de-Saberes-1.jpeg\",\"datePublished\":\"2026-07-07T23:27:34+00:00\",\"dateModified\":\"2026-08-07T15:28:49+00:00\",\"breadcrumb\":{\"@id\":\"https:\\\/\\\/elcardinal.com\\\/?p=6713#breadcrumb\"},\"inLanguage\":\"es\",\"potentialAction\":[{\"@type\":\"ReadAction\",\"target\":[\"https:\\\/\\\/elcardinal.com\\\/?p=6713\"]}]},{\"@type\":\"ImageObject\",\"inLanguage\":\"es\",\"@id\":\"https:\\\/\\\/elcardinal.com\\\/?p=6713#primaryimage\",\"url\":\"https:\\\/\\\/elcardinal.com\\\/wp-content\\\/uploads\\\/2026\\\/08\\\/IHE-fortalece-preservacion-de-lenguas-indigenas-con-programa-Cazadores-de-Saberes-1.jpeg\",\"contentUrl\":\"https:\\\/\\\/elcardinal.com\\\/wp-content\\\/uploads\\\/2026\\\/08\\\/IHE-fortalece-preservacion-de-lenguas-indigenas-con-programa-Cazadores-de-Saberes-1.jpeg\",\"width\":1125,\"height\":824},{\"@type\":\"BreadcrumbList\",\"@id\":\"https:\\\/\\\/elcardinal.com\\\/?p=6713#breadcrumb\",\"itemListElement\":[{\"@type\":\"ListItem\",\"position\":1,\"name\":\"Inicio\",\"item\":\"https:\\\/\\\/elcardinal.com\\\/\"},{\"@type\":\"ListItem\",\"position\":2,\"name\":\"IHE fortalece preservaci\u00f3n de lenguas ind\u00edgenas con programa Cazadores de Saberes\"}]},{\"@type\":\"WebSite\",\"@id\":\"https:\\\/\\\/elcardinal.com\\\/#website\",\"url\":\"https:\\\/\\\/elcardinal.com\\\/\",\"name\":\"El Cardinal\",\"description\":\"Periodismo honesto, con valor, sentido humano, a veces sarc\u00e1stico y divertido.\",\"publisher\":{\"@id\":\"https:\\\/\\\/elcardinal.com\\\/#organization\"},\"alternateName\":\"El Cardinal Noticias\",\"potentialAction\":[{\"@type\":\"SearchAction\",\"target\":{\"@type\":\"EntryPoint\",\"urlTemplate\":\"https:\\\/\\\/elcardinal.com\\\/?s={search_term_string}\"},\"query-input\":{\"@type\":\"PropertyValueSpecification\",\"valueRequired\":true,\"valueName\":\"search_term_string\"}}],\"inLanguage\":\"es\"},{\"@type\":\"Organization\",\"@id\":\"https:\\\/\\\/elcardinal.com\\\/#organization\",\"name\":\"El Cardinal\",\"url\":\"https:\\\/\\\/elcardinal.com\\\/\",\"logo\":{\"@type\":\"ImageObject\",\"inLanguage\":\"es\",\"@id\":\"https:\\\/\\\/elcardinal.com\\\/#\\\/schema\\\/logo\\\/image\\\/\",\"url\":\"https:\\\/\\\/elcardinal.com\\\/wp-content\\\/uploads\\\/2025\\\/04\\\/LOGO-EL-CARDINAL-Periodismo-con-valor.png\",\"contentUrl\":\"https:\\\/\\\/elcardinal.com\\\/wp-content\\\/uploads\\\/2025\\\/04\\\/LOGO-EL-CARDINAL-Periodismo-con-valor.png\",\"width\":755,\"height\":636,\"caption\":\"El Cardinal\"},\"image\":{\"@id\":\"https:\\\/\\\/elcardinal.com\\\/#\\\/schema\\\/logo\\\/image\\\/\"},\"sameAs\":[\"https:\\\/\\\/www.facebook.com\\\/profile.php?id=100063093107011\",\"https:\\\/\\\/x.com\\\/ElCardinal_Mx\"]},{\"@type\":\"Person\",\"@id\":\"https:\\\/\\\/elcardinal.com\\\/#\\\/schema\\\/person\\\/3c352ec0a33987fe275c0e8a2ea69f8b\",\"name\":\"Antonio Alcaraz\",\"image\":{\"@type\":\"ImageObject\",\"inLanguage\":\"es\",\"@id\":\"https:\\\/\\\/elcardinal.com\\\/wp-content\\\/uploads\\\/2025\\\/05\\\/cropped-TONO-96x96.jpg\",\"url\":\"https:\\\/\\\/elcardinal.com\\\/wp-content\\\/uploads\\\/2025\\\/05\\\/cropped-TONO-96x96.jpg\",\"contentUrl\":\"https:\\\/\\\/elcardinal.com\\\/wp-content\\\/uploads\\\/2025\\\/05\\\/cropped-TONO-96x96.jpg\",\"caption\":\"Antonio Alcaraz\"},\"url\":\"https:\\\/\\\/elcardinal.com\\\/?author=2\"}]}<\/script>\n<!-- \/ Yoast SEO plugin. -->","yoast_head_json":{"title":"IHE fortalece preservaci\u00f3n de lenguas ind\u00edgenas con programa Cazadores de Saberes - El Cardinal","robots":{"index":"index","follow":"follow","max-snippet":"max-snippet:-1","max-image-preview":"max-image-preview:large","max-video-preview":"max-video-preview:-1"},"canonical":"https:\/\/elcardinal.com\/?p=6713","og_locale":"es_MX","og_type":"article","og_title":"IHE fortalece preservaci\u00f3n de lenguas ind\u00edgenas con programa Cazadores de Saberes - El Cardinal","og_description":"Redacci\u00f3n El Instituto Hidalguense de Educaci\u00f3n (IHE), a trav\u00e9s del Centro Estatal de Lenguas y Culturas Ind\u00edgenas (CELCI), impuls\u00f3 durante el ciclo escolar 2025-2026 el programa Cazadores de Saberes. Ni\u00f1as y ni\u00f1os preservando su cultura, iniciativa que promueve la participaci\u00f3n de estudiantes como guardianes y difusores de sus lenguas originarias, tradiciones y conocimientos comunitarios. En","og_url":"https:\/\/elcardinal.com\/?p=6713","og_site_name":"El Cardinal","article_publisher":"https:\/\/www.facebook.com\/profile.php?id=100063093107011","article_published_time":"2026-07-07T23:27:34+00:00","article_modified_time":"2026-08-07T15:28:49+00:00","og_image":[{"width":1125,"height":824,"url":"https:\/\/elcardinal.com\/wp-content\/uploads\/2026\/08\/IHE-fortalece-preservacion-de-lenguas-indigenas-con-programa-Cazadores-de-Saberes-1.jpeg","type":"image\/jpeg"}],"author":"Antonio Alcaraz","twitter_card":"summary_large_image","twitter_creator":"@ElCardinal_Mx","twitter_site":"@ElCardinal_Mx","twitter_misc":{"Escrito por":"Antonio Alcaraz","Tiempo de lectura":"3 minutos"},"schema":{"@context":"https:\/\/schema.org","@graph":[{"@type":"Article","@id":"https:\/\/elcardinal.com\/?p=6713#article","isPartOf":{"@id":"https:\/\/elcardinal.com\/?p=6713"},"author":{"name":"Antonio Alcaraz","@id":"https:\/\/elcardinal.com\/#\/schema\/person\/3c352ec0a33987fe275c0e8a2ea69f8b"},"headline":"IHE fortalece preservaci\u00f3n de lenguas ind\u00edgenas con programa Cazadores de Saberes","datePublished":"2026-07-07T23:27:34+00:00","dateModified":"2026-08-07T15:28:49+00:00","mainEntityOfPage":{"@id":"https:\/\/elcardinal.com\/?p=6713"},"wordCount":452,"commentCount":0,"publisher":{"@id":"https:\/\/elcardinal.com\/#organization"},"image":{"@id":"https:\/\/elcardinal.com\/?p=6713#primaryimage"},"thumbnailUrl":"https:\/\/elcardinal.com\/wp-content\/uploads\/2026\/08\/IHE-fortalece-preservacion-de-lenguas-indigenas-con-programa-Cazadores-de-Saberes-1.jpeg","articleSection":["Educaci\u00f3n","Hidalgo","Minuto a Minuto"],"inLanguage":"es","potentialAction":[{"@type":"CommentAction","name":"Comment","target":["https:\/\/elcardinal.com\/?p=6713#respond"]}]},{"@type":"WebPage","@id":"https:\/\/elcardinal.com\/?p=6713","url":"https:\/\/elcardinal.com\/?p=6713","name":"IHE fortalece preservaci\u00f3n de lenguas ind\u00edgenas con programa Cazadores de Saberes - El Cardinal","isPartOf":{"@id":"https:\/\/elcardinal.com\/#website"},"primaryImageOfPage":{"@id":"https:\/\/elcardinal.com\/?p=6713#primaryimage"},"image":{"@id":"https:\/\/elcardinal.com\/?p=6713#primaryimage"},"thumbnailUrl":"https:\/\/elcardinal.com\/wp-content\/uploads\/2026\/08\/IHE-fortalece-preservacion-de-lenguas-indigenas-con-programa-Cazadores-de-Saberes-1.jpeg","datePublished":"2026-07-07T23:27:34+00:00","dateModified":"2026-08-07T15:28:49+00:00","breadcrumb":{"@id":"https:\/\/elcardinal.com\/?p=6713#breadcrumb"},"inLanguage":"es","potentialAction":[{"@type":"ReadAction","target":["https:\/\/elcardinal.com\/?p=6713"]}]},{"@type":"ImageObject","inLanguage":"es","@id":"https:\/\/elcardinal.com\/?p=6713#primaryimage","url":"https:\/\/elcardinal.com\/wp-content\/uploads\/2026\/08\/IHE-fortalece-preservacion-de-lenguas-indigenas-con-programa-Cazadores-de-Saberes-1.jpeg","contentUrl":"https:\/\/elcardinal.com\/wp-content\/uploads\/2026\/08\/IHE-fortalece-preservacion-de-lenguas-indigenas-con-programa-Cazadores-de-Saberes-1.jpeg","width":1125,"height":824},{"@type":"BreadcrumbList","@id":"https:\/\/elcardinal.com\/?p=6713#breadcrumb","itemListElement":[{"@type":"ListItem","position":1,"name":"Inicio","item":"https:\/\/elcardinal.com\/"},{"@type":"ListItem","position":2,"name":"IHE fortalece preservaci\u00f3n de lenguas ind\u00edgenas con programa Cazadores de Saberes"}]},{"@type":"WebSite","@id":"https:\/\/elcardinal.com\/#website","url":"https:\/\/elcardinal.com\/","name":"El Cardinal","description":"Periodismo honesto, con valor, sentido humano, a veces sarc\u00e1stico y divertido.","publisher":{"@id":"https:\/\/elcardinal.com\/#organization"},"alternateName":"El Cardinal Noticias","potentialAction":[{"@type":"SearchAction","target":{"@type":"EntryPoint","urlTemplate":"https:\/\/elcardinal.com\/?s={search_term_string}"},"query-input":{"@type":"PropertyValueSpecification","valueRequired":true,"valueName":"search_term_string"}}],"inLanguage":"es"},{"@type":"Organization","@id":"https:\/\/elcardinal.com\/#organization","name":"El Cardinal","url":"https:\/\/elcardinal.com\/","logo":{"@type":"ImageObject","inLanguage":"es","@id":"https:\/\/elcardinal.com\/#\/schema\/logo\/image\/","url":"https:\/\/elcardinal.com\/wp-content\/uploads\/2025\/04\/LOGO-EL-CARDINAL-Periodismo-con-valor.png","contentUrl":"https:\/\/elcardinal.com\/wp-content\/uploads\/2025\/04\/LOGO-EL-CARDINAL-Periodismo-con-valor.png","width":755,"height":636,"caption":"El Cardinal"},"image":{"@id":"https:\/\/elcardinal.com\/#\/schema\/logo\/image\/"},"sameAs":["https:\/\/www.facebook.com\/profile.php?id=100063093107011","https:\/\/x.com\/ElCardinal_Mx"]},{"@type":"Person","@id":"https:\/\/elcardinal.com\/#\/schema\/person\/3c352ec0a33987fe275c0e8a2ea69f8b","name":"Antonio Alcaraz","image":{"@type":"ImageObject","inLanguage":"es","@id":"https:\/\/elcardinal.com\/wp-content\/uploads\/2025\/05\/cropped-TONO-96x96.jpg","url":"https:\/\/elcardinal.com\/wp-content\/uploads\/2025\/05\/cropped-TONO-96x96.jpg","contentUrl":"https:\/\/elcardinal.com\/wp-content\/uploads\/2025\/05\/cropped-TONO-96x96.jpg","caption":"Antonio Alcaraz"},"url":"https:\/\/elcardinal.com\/?author=2"}]}},"_links":{"self":[{"href":"https:\/\/elcardinal.com\/index.php?rest_route=\/wp\/v2\/posts\/6713","targetHints":{"allow":["GET"]}}],"collection":[{"href":"https:\/\/elcardinal.com\/index.php?rest_route=\/wp\/v2\/posts"}],"about":[{"href":"https:\/\/elcardinal.com\/index.php?rest_route=\/wp\/v2\/types\/post"}],"author":[{"embeddable":true,"href":"https:\/\/elcardinal.com\/index.php?rest_route=\/wp\/v2\/users\/2"}],"replies":[{"embeddable":true,"href":"https:\/\/elcardinal.com\/index.php?rest_route=%2Fwp%2Fv2%2Fcomments&post=6713"}],"version-history":[{"count":1,"href":"https:\/\/elcardinal.com\/index.php?rest_route=\/wp\/v2\/posts\/6713\/revisions"}],"predecessor-version":[{"id":6715,"href":"https:\/\/elcardinal.com\/index.php?rest_route=\/wp\/v2\/posts\/6713\/revisions\/6715"}],"wp:featuredmedia":[{"embeddable":true,"href":"https:\/\/elcardinal.com\/index.php?rest_route=\/wp\/v2\/media\/6714"}],"wp:attachment":[{"href":"https:\/\/elcardinal.com\/index.php?rest_route=%2Fwp%2Fv2%2Fmedia&parent=6713"}],"wp:term":[{"taxonomy":"category","embeddable":true,"href":"https:\/\/elcardinal.com\/index.php?rest_route=%2Fwp%2Fv2%2Fcategories&post=6713"},{"taxonomy":"post_tag","embeddable":true,"href":"https:\/\/elcardinal.com\/index.php?rest_route=%2Fwp%2Fv2%2Ftags&post=6713"}],"curies":[{"name":"wp","href":"https:\/\/api.w.org\/{rel}","templated":true}]}}