{"id":6716,"date":"2026-08-07T14:33:21","date_gmt":"2026-08-07T20:33:21","guid":{"rendered":"https:\/\/elcardinal.com\/?p=6716"},"modified":"2026-08-07T14:33:21","modified_gmt":"2026-08-07T20:33:21","slug":"julio-menchaca-promueve-el-bienestar-integral-de-las-personas-adultas-mayores","status":"publish","type":"post","link":"https:\/\/elcardinal.com\/?p=6716","title":{"rendered":"Julio Menchaca promueve el bienestar integral de las personas adultas mayores\u00a0\u00a0\u00a0\u00a0\u00a0\u00a0"},"content":{"rendered":"<p>Redacci\u00f3n<\/p>\n<p><span style=\"font-size: 14px;\">En el marco del 20 aniversario del Instituto para la Atenci\u00f3n de las y los Adultos Mayores del Estado de Hidalgo (IAAMEH), el gobernador Julio Menchaca Salazar encabez\u00f3 la entrega de equipamiento especializado y apoyos funcionales para el fortalecimiento de los Centros Gerontol\u00f3gicos Integrales (CGI) y Casas de D\u00eda de la entidad.\u00a0<\/span><i><\/i><\/p>\n<p><span style=\"font-weight: 400;\">Desde el CGI de Pachuca, el titular del gobierno de Hidalgo reconoci\u00f3 el trabajo que realizan las servidoras y servidores p\u00fablicos que conforman el IAAMEH, quienes, con su capacidad, vocaci\u00f3n de servicio y cari\u00f1o, transforman la vida de un sector que durante muchos a\u00f1os ha aportado al desarrollo del estado.<\/span><\/p>\n<p><span style=\"font-weight: 400;\">\u201cLos presupuestos han incrementado en un 42 por ciento desde que asumimos la administraci\u00f3n; es importante el recurso para el fortalecimiento de la infraestructura, en los apoyos, pero un elemento que une toda esa disposici\u00f3n y esa infraestructura es el amor a lo que se hace, es el cari\u00f1o con que se atiende a las personas\u201d, refiri\u00f3 el mandatario estatal.<\/span><\/p>\n<p><span style=\"font-weight: 400;\">Al respecto, Gloria Garc\u00eda Corona, adulta mayor beneficiaria, narr\u00f3 c\u00f3mo, tras la muerte de su esposo, encontr\u00f3 un nuevo hogar en el CGI de Pachuca, en donde de lunes a viernes participa en los talleres, hace nuevas amistades, aprende y sobrelleva su duelo.<\/span><\/p>\n<p><span style=\"font-weight: 400;\">\u201cGobernador Julio Menchaca, quiero agradecerle por fijarse en las personas adultas mayores, porque muchas veces somos un sector que puede llegar a sentirse olvidado, incluso por nuestras propias familias. Gracias por impulsar espacios como este, en donde no s\u00f3lo recibimos actividades, tambi\u00e9n compa\u00f1\u00eda, cari\u00f1o, respeto y la oportunidad de volver a encontrar sentido a nuestros d\u00edas. Gracias por todo lo que su gobierno hace por nosotros a trav\u00e9s de los Centros Gerontol\u00f3gicos y de las Casas de D\u00eda. Lo que aqu\u00ed vivimos transforma vidas\u201d, expres\u00f3.<\/span><\/p>\n<p><span style=\"font-weight: 400;\">Ariadna Pen\u00e9lope Apodaca Sinsel, directora general del IAAMEH, afirm\u00f3 que durante la actual administraci\u00f3n se consolida una pol\u00edtica social humanista, tomando en cuenta que para 2030 se prev\u00e9 que 15 de cada 100 hidalguenses ser\u00e1n adultos mayores, lo que obliga al gobierno de Hidalgo a fortalecer las pol\u00edticas p\u00fablicas que respondan a nuevas necesidades y garanticen un envejecimiento incluyente y con autonom\u00eda.<\/span><\/p>\n<p><span style=\"font-weight: 400;\">Apodaca Sinsel destac\u00f3 que, para este 2026, se cuenta con un gasto hist\u00f3rico superior a los 37 millones de pesos para este sector, de los cuales 28 millones de pesos (mdp) ser\u00e1n ejecutados en obra p\u00fablica, 3 mdp en equipamiento para los CGI y Casas de D\u00eda, 3 mdp m\u00e1s para apoyos sociales; mientras que para la entrega de apoyos funcionales y el fortalecimiento de optometr\u00eda se destinar\u00e1n m\u00e1s de 3 millones 650 mil pesos.<\/span><\/p>\n","protected":false},"excerpt":{"rendered":"<p>Redacci\u00f3n En el marco del 20 aniversario del Instituto para la Atenci\u00f3n de las y los Adultos Mayores del Estado de Hidalgo (IAAMEH), el gobernador Julio Menchaca Salazar encabez\u00f3 la entrega de equipamiento especializado y apoyos funcionales para el fortalecimiento de los Centros Gerontol\u00f3gicos Integrales (CGI) y Casas de D\u00eda de la entidad.\u00a0 Desde el<\/p>\n","protected":false},"author":2,"featured_media":6717,"comment_status":"open","ping_status":"open","sticky":false,"template":"","format":"standard","meta":{"footnotes":""},"categories":[31,44],"tags":[],"class_list":["post-6716","post","type-post","status-publish","format-standard","has-post-thumbnail","category-hidalgo","category-minuto-a-minuto"],"yoast_head":"<!-- This site is optimized with the Yoast SEO plugin v28.0 - https:\/\/yoast.com\/product\/yoast-seo-wordpress\/ -->\n<title>Julio Menchaca promueve el bienestar integral de las personas adultas mayores\u00a0\u00a0\u00a0\u00a0\u00a0\u00a0 - El Cardinal<\/title>\n<meta name=\"robots\" content=\"index, follow, max-snippet:-1, max-image-preview:large, max-video-preview:-1\" \/>\n<link rel=\"canonical\" href=\"https:\/\/elcardinal.com\/?p=6716\" \/>\n<meta property=\"og:locale\" content=\"es_MX\" \/>\n<meta property=\"og:type\" content=\"article\" \/>\n<meta property=\"og:title\" content=\"Julio Menchaca promueve el bienestar integral de las personas adultas mayores\u00a0\u00a0\u00a0\u00a0\u00a0\u00a0 - El Cardinal\" \/>\n<meta property=\"og:description\" content=\"Redacci\u00f3n En el marco del 20 aniversario del Instituto para la Atenci\u00f3n de las y los Adultos Mayores del Estado de Hidalgo (IAAMEH), el gobernador Julio Menchaca Salazar encabez\u00f3 la entrega de equipamiento especializado y apoyos funcionales para el fortalecimiento de los Centros Gerontol\u00f3gicos Integrales (CGI) y Casas de D\u00eda de la entidad.\u00a0 Desde el\" \/>\n<meta property=\"og:url\" content=\"https:\/\/elcardinal.com\/?p=6716\" \/>\n<meta property=\"og:site_name\" content=\"El Cardinal\" \/>\n<meta property=\"article:publisher\" content=\"https:\/\/www.facebook.com\/profile.php?id=100063093107011\" \/>\n<meta property=\"article:published_time\" content=\"2026-08-07T20:33:21+00:00\" \/>\n<meta property=\"og:image\" content=\"https:\/\/elcardinal.com\/wp-content\/uploads\/2026\/08\/070826_GOBERNADOR_BIENESTAR-INTEGRAL-PARA-PERSONAS-MAYORES_PACHUCA_KS-24-scaled.jpg\" \/>\n\t<meta property=\"og:image:width\" content=\"2560\" \/>\n\t<meta property=\"og:image:height\" content=\"1706\" \/>\n\t<meta property=\"og:image:type\" content=\"image\/jpeg\" \/>\n<meta name=\"author\" content=\"Antonio Alcaraz\" \/>\n<meta name=\"twitter:card\" content=\"summary_large_image\" \/>\n<meta name=\"twitter:creator\" content=\"@ElCardinal_Mx\" \/>\n<meta name=\"twitter:site\" content=\"@ElCardinal_Mx\" \/>\n<meta name=\"twitter:label1\" content=\"Escrito por\" \/>\n\t<meta name=\"twitter:data1\" content=\"Antonio Alcaraz\" \/>\n\t<meta name=\"twitter:label2\" content=\"Tiempo de lectura\" \/>\n\t<meta name=\"twitter:data2\" content=\"3 minutos\" \/>\n<script type=\"application\/ld+json\" class=\"yoast-schema-graph\">{\"@context\":\"https:\\\/\\\/schema.org\",\"@graph\":[{\"@type\":\"Article\",\"@id\":\"https:\\\/\\\/elcardinal.com\\\/?p=6716#article\",\"isPartOf\":{\"@id\":\"https:\\\/\\\/elcardinal.com\\\/?p=6716\"},\"author\":{\"name\":\"Antonio Alcaraz\",\"@id\":\"https:\\\/\\\/elcardinal.com\\\/#\\\/schema\\\/person\\\/3c352ec0a33987fe275c0e8a2ea69f8b\"},\"headline\":\"Julio Menchaca promueve el bienestar integral de las personas adultas mayores\u00a0\u00a0\u00a0\u00a0\u00a0\u00a0\",\"datePublished\":\"2026-08-07T20:33:21+00:00\",\"mainEntityOfPage\":{\"@id\":\"https:\\\/\\\/elcardinal.com\\\/?p=6716\"},\"wordCount\":463,\"commentCount\":0,\"publisher\":{\"@id\":\"https:\\\/\\\/elcardinal.com\\\/#organization\"},\"image\":{\"@id\":\"https:\\\/\\\/elcardinal.com\\\/?p=6716#primaryimage\"},\"thumbnailUrl\":\"https:\\\/\\\/elcardinal.com\\\/wp-content\\\/uploads\\\/2026\\\/08\\\/070826_GOBERNADOR_BIENESTAR-INTEGRAL-PARA-PERSONAS-MAYORES_PACHUCA_KS-24-scaled.jpg\",\"articleSection\":[\"Hidalgo\",\"Minuto a Minuto\"],\"inLanguage\":\"es\",\"potentialAction\":[{\"@type\":\"CommentAction\",\"name\":\"Comment\",\"target\":[\"https:\\\/\\\/elcardinal.com\\\/?p=6716#respond\"]}]},{\"@type\":\"WebPage\",\"@id\":\"https:\\\/\\\/elcardinal.com\\\/?p=6716\",\"url\":\"https:\\\/\\\/elcardinal.com\\\/?p=6716\",\"name\":\"Julio Menchaca promueve el bienestar integral de las personas adultas mayores\u00a0\u00a0\u00a0\u00a0\u00a0\u00a0 - El Cardinal\",\"isPartOf\":{\"@id\":\"https:\\\/\\\/elcardinal.com\\\/#website\"},\"primaryImageOfPage\":{\"@id\":\"https:\\\/\\\/elcardinal.com\\\/?p=6716#primaryimage\"},\"image\":{\"@id\":\"https:\\\/\\\/elcardinal.com\\\/?p=6716#primaryimage\"},\"thumbnailUrl\":\"https:\\\/\\\/elcardinal.com\\\/wp-content\\\/uploads\\\/2026\\\/08\\\/070826_GOBERNADOR_BIENESTAR-INTEGRAL-PARA-PERSONAS-MAYORES_PACHUCA_KS-24-scaled.jpg\",\"datePublished\":\"2026-08-07T20:33:21+00:00\",\"breadcrumb\":{\"@id\":\"https:\\\/\\\/elcardinal.com\\\/?p=6716#breadcrumb\"},\"inLanguage\":\"es\",\"potentialAction\":[{\"@type\":\"ReadAction\",\"target\":[\"https:\\\/\\\/elcardinal.com\\\/?p=6716\"]}]},{\"@type\":\"ImageObject\",\"inLanguage\":\"es\",\"@id\":\"https:\\\/\\\/elcardinal.com\\\/?p=6716#primaryimage\",\"url\":\"https:\\\/\\\/elcardinal.com\\\/wp-content\\\/uploads\\\/2026\\\/08\\\/070826_GOBERNADOR_BIENESTAR-INTEGRAL-PARA-PERSONAS-MAYORES_PACHUCA_KS-24-scaled.jpg\",\"contentUrl\":\"https:\\\/\\\/elcardinal.com\\\/wp-content\\\/uploads\\\/2026\\\/08\\\/070826_GOBERNADOR_BIENESTAR-INTEGRAL-PARA-PERSONAS-MAYORES_PACHUCA_KS-24-scaled.jpg\",\"width\":2560,\"height\":1706},{\"@type\":\"BreadcrumbList\",\"@id\":\"https:\\\/\\\/elcardinal.com\\\/?p=6716#breadcrumb\",\"itemListElement\":[{\"@type\":\"ListItem\",\"position\":1,\"name\":\"Inicio\",\"item\":\"https:\\\/\\\/elcardinal.com\\\/\"},{\"@type\":\"ListItem\",\"position\":2,\"name\":\"Julio Menchaca promueve el bienestar integral de las personas adultas mayores\u00a0\u00a0\u00a0\u00a0\u00a0\u00a0\"}]},{\"@type\":\"WebSite\",\"@id\":\"https:\\\/\\\/elcardinal.com\\\/#website\",\"url\":\"https:\\\/\\\/elcardinal.com\\\/\",\"name\":\"El Cardinal\",\"description\":\"Periodismo honesto, con valor, sentido humano, a veces sarc\u00e1stico y divertido.\",\"publisher\":{\"@id\":\"https:\\\/\\\/elcardinal.com\\\/#organization\"},\"alternateName\":\"El Cardinal Noticias\",\"potentialAction\":[{\"@type\":\"SearchAction\",\"target\":{\"@type\":\"EntryPoint\",\"urlTemplate\":\"https:\\\/\\\/elcardinal.com\\\/?s={search_term_string}\"},\"query-input\":{\"@type\":\"PropertyValueSpecification\",\"valueRequired\":true,\"valueName\":\"search_term_string\"}}],\"inLanguage\":\"es\"},{\"@type\":\"Organization\",\"@id\":\"https:\\\/\\\/elcardinal.com\\\/#organization\",\"name\":\"El Cardinal\",\"url\":\"https:\\\/\\\/elcardinal.com\\\/\",\"logo\":{\"@type\":\"ImageObject\",\"inLanguage\":\"es\",\"@id\":\"https:\\\/\\\/elcardinal.com\\\/#\\\/schema\\\/logo\\\/image\\\/\",\"url\":\"https:\\\/\\\/elcardinal.com\\\/wp-content\\\/uploads\\\/2025\\\/04\\\/LOGO-EL-CARDINAL-Periodismo-con-valor.png\",\"contentUrl\":\"https:\\\/\\\/elcardinal.com\\\/wp-content\\\/uploads\\\/2025\\\/04\\\/LOGO-EL-CARDINAL-Periodismo-con-valor.png\",\"width\":755,\"height\":636,\"caption\":\"El Cardinal\"},\"image\":{\"@id\":\"https:\\\/\\\/elcardinal.com\\\/#\\\/schema\\\/logo\\\/image\\\/\"},\"sameAs\":[\"https:\\\/\\\/www.facebook.com\\\/profile.php?id=100063093107011\",\"https:\\\/\\\/x.com\\\/ElCardinal_Mx\"]},{\"@type\":\"Person\",\"@id\":\"https:\\\/\\\/elcardinal.com\\\/#\\\/schema\\\/person\\\/3c352ec0a33987fe275c0e8a2ea69f8b\",\"name\":\"Antonio Alcaraz\",\"image\":{\"@type\":\"ImageObject\",\"inLanguage\":\"es\",\"@id\":\"https:\\\/\\\/elcardinal.com\\\/wp-content\\\/uploads\\\/2025\\\/05\\\/cropped-TONO-96x96.jpg\",\"url\":\"https:\\\/\\\/elcardinal.com\\\/wp-content\\\/uploads\\\/2025\\\/05\\\/cropped-TONO-96x96.jpg\",\"contentUrl\":\"https:\\\/\\\/elcardinal.com\\\/wp-content\\\/uploads\\\/2025\\\/05\\\/cropped-TONO-96x96.jpg\",\"caption\":\"Antonio Alcaraz\"},\"url\":\"https:\\\/\\\/elcardinal.com\\\/?author=2\"}]}<\/script>\n<!-- \/ Yoast SEO plugin. -->","yoast_head_json":{"title":"Julio Menchaca promueve el bienestar integral de las personas adultas mayores\u00a0\u00a0\u00a0\u00a0\u00a0\u00a0 - El Cardinal","robots":{"index":"index","follow":"follow","max-snippet":"max-snippet:-1","max-image-preview":"max-image-preview:large","max-video-preview":"max-video-preview:-1"},"canonical":"https:\/\/elcardinal.com\/?p=6716","og_locale":"es_MX","og_type":"article","og_title":"Julio Menchaca promueve el bienestar integral de las personas adultas mayores\u00a0\u00a0\u00a0\u00a0\u00a0\u00a0 - El Cardinal","og_description":"Redacci\u00f3n En el marco del 20 aniversario del Instituto para la Atenci\u00f3n de las y los Adultos Mayores del Estado de Hidalgo (IAAMEH), el gobernador Julio Menchaca Salazar encabez\u00f3 la entrega de equipamiento especializado y apoyos funcionales para el fortalecimiento de los Centros Gerontol\u00f3gicos Integrales (CGI) y Casas de D\u00eda de la entidad.\u00a0 Desde el","og_url":"https:\/\/elcardinal.com\/?p=6716","og_site_name":"El Cardinal","article_publisher":"https:\/\/www.facebook.com\/profile.php?id=100063093107011","article_published_time":"2026-08-07T20:33:21+00:00","og_image":[{"width":2560,"height":1706,"url":"https:\/\/elcardinal.com\/wp-content\/uploads\/2026\/08\/070826_GOBERNADOR_BIENESTAR-INTEGRAL-PARA-PERSONAS-MAYORES_PACHUCA_KS-24-scaled.jpg","type":"image\/jpeg"}],"author":"Antonio Alcaraz","twitter_card":"summary_large_image","twitter_creator":"@ElCardinal_Mx","twitter_site":"@ElCardinal_Mx","twitter_misc":{"Escrito por":"Antonio Alcaraz","Tiempo de lectura":"3 minutos"},"schema":{"@context":"https:\/\/schema.org","@graph":[{"@type":"Article","@id":"https:\/\/elcardinal.com\/?p=6716#article","isPartOf":{"@id":"https:\/\/elcardinal.com\/?p=6716"},"author":{"name":"Antonio Alcaraz","@id":"https:\/\/elcardinal.com\/#\/schema\/person\/3c352ec0a33987fe275c0e8a2ea69f8b"},"headline":"Julio Menchaca promueve el bienestar integral de las personas adultas mayores\u00a0\u00a0\u00a0\u00a0\u00a0\u00a0","datePublished":"2026-08-07T20:33:21+00:00","mainEntityOfPage":{"@id":"https:\/\/elcardinal.com\/?p=6716"},"wordCount":463,"commentCount":0,"publisher":{"@id":"https:\/\/elcardinal.com\/#organization"},"image":{"@id":"https:\/\/elcardinal.com\/?p=6716#primaryimage"},"thumbnailUrl":"https:\/\/elcardinal.com\/wp-content\/uploads\/2026\/08\/070826_GOBERNADOR_BIENESTAR-INTEGRAL-PARA-PERSONAS-MAYORES_PACHUCA_KS-24-scaled.jpg","articleSection":["Hidalgo","Minuto a Minuto"],"inLanguage":"es","potentialAction":[{"@type":"CommentAction","name":"Comment","target":["https:\/\/elcardinal.com\/?p=6716#respond"]}]},{"@type":"WebPage","@id":"https:\/\/elcardinal.com\/?p=6716","url":"https:\/\/elcardinal.com\/?p=6716","name":"Julio Menchaca promueve el bienestar integral de las personas adultas mayores\u00a0\u00a0\u00a0\u00a0\u00a0\u00a0 - El Cardinal","isPartOf":{"@id":"https:\/\/elcardinal.com\/#website"},"primaryImageOfPage":{"@id":"https:\/\/elcardinal.com\/?p=6716#primaryimage"},"image":{"@id":"https:\/\/elcardinal.com\/?p=6716#primaryimage"},"thumbnailUrl":"https:\/\/elcardinal.com\/wp-content\/uploads\/2026\/08\/070826_GOBERNADOR_BIENESTAR-INTEGRAL-PARA-PERSONAS-MAYORES_PACHUCA_KS-24-scaled.jpg","datePublished":"2026-08-07T20:33:21+00:00","breadcrumb":{"@id":"https:\/\/elcardinal.com\/?p=6716#breadcrumb"},"inLanguage":"es","potentialAction":[{"@type":"ReadAction","target":["https:\/\/elcardinal.com\/?p=6716"]}]},{"@type":"ImageObject","inLanguage":"es","@id":"https:\/\/elcardinal.com\/?p=6716#primaryimage","url":"https:\/\/elcardinal.com\/wp-content\/uploads\/2026\/08\/070826_GOBERNADOR_BIENESTAR-INTEGRAL-PARA-PERSONAS-MAYORES_PACHUCA_KS-24-scaled.jpg","contentUrl":"https:\/\/elcardinal.com\/wp-content\/uploads\/2026\/08\/070826_GOBERNADOR_BIENESTAR-INTEGRAL-PARA-PERSONAS-MAYORES_PACHUCA_KS-24-scaled.jpg","width":2560,"height":1706},{"@type":"BreadcrumbList","@id":"https:\/\/elcardinal.com\/?p=6716#breadcrumb","itemListElement":[{"@type":"ListItem","position":1,"name":"Inicio","item":"https:\/\/elcardinal.com\/"},{"@type":"ListItem","position":2,"name":"Julio Menchaca promueve el bienestar integral de las personas adultas mayores\u00a0\u00a0\u00a0\u00a0\u00a0\u00a0"}]},{"@type":"WebSite","@id":"https:\/\/elcardinal.com\/#website","url":"https:\/\/elcardinal.com\/","name":"El Cardinal","description":"Periodismo honesto, con valor, sentido humano, a veces sarc\u00e1stico y divertido.","publisher":{"@id":"https:\/\/elcardinal.com\/#organization"},"alternateName":"El Cardinal Noticias","potentialAction":[{"@type":"SearchAction","target":{"@type":"EntryPoint","urlTemplate":"https:\/\/elcardinal.com\/?s={search_term_string}"},"query-input":{"@type":"PropertyValueSpecification","valueRequired":true,"valueName":"search_term_string"}}],"inLanguage":"es"},{"@type":"Organization","@id":"https:\/\/elcardinal.com\/#organization","name":"El Cardinal","url":"https:\/\/elcardinal.com\/","logo":{"@type":"ImageObject","inLanguage":"es","@id":"https:\/\/elcardinal.com\/#\/schema\/logo\/image\/","url":"https:\/\/elcardinal.com\/wp-content\/uploads\/2025\/04\/LOGO-EL-CARDINAL-Periodismo-con-valor.png","contentUrl":"https:\/\/elcardinal.com\/wp-content\/uploads\/2025\/04\/LOGO-EL-CARDINAL-Periodismo-con-valor.png","width":755,"height":636,"caption":"El Cardinal"},"image":{"@id":"https:\/\/elcardinal.com\/#\/schema\/logo\/image\/"},"sameAs":["https:\/\/www.facebook.com\/profile.php?id=100063093107011","https:\/\/x.com\/ElCardinal_Mx"]},{"@type":"Person","@id":"https:\/\/elcardinal.com\/#\/schema\/person\/3c352ec0a33987fe275c0e8a2ea69f8b","name":"Antonio Alcaraz","image":{"@type":"ImageObject","inLanguage":"es","@id":"https:\/\/elcardinal.com\/wp-content\/uploads\/2025\/05\/cropped-TONO-96x96.jpg","url":"https:\/\/elcardinal.com\/wp-content\/uploads\/2025\/05\/cropped-TONO-96x96.jpg","contentUrl":"https:\/\/elcardinal.com\/wp-content\/uploads\/2025\/05\/cropped-TONO-96x96.jpg","caption":"Antonio Alcaraz"},"url":"https:\/\/elcardinal.com\/?author=2"}]}},"_links":{"self":[{"href":"https:\/\/elcardinal.com\/index.php?rest_route=\/wp\/v2\/posts\/6716","targetHints":{"allow":["GET"]}}],"collection":[{"href":"https:\/\/elcardinal.com\/index.php?rest_route=\/wp\/v2\/posts"}],"about":[{"href":"https:\/\/elcardinal.com\/index.php?rest_route=\/wp\/v2\/types\/post"}],"author":[{"embeddable":true,"href":"https:\/\/elcardinal.com\/index.php?rest_route=\/wp\/v2\/users\/2"}],"replies":[{"embeddable":true,"href":"https:\/\/elcardinal.com\/index.php?rest_route=%2Fwp%2Fv2%2Fcomments&post=6716"}],"version-history":[{"count":1,"href":"https:\/\/elcardinal.com\/index.php?rest_route=\/wp\/v2\/posts\/6716\/revisions"}],"predecessor-version":[{"id":6718,"href":"https:\/\/elcardinal.com\/index.php?rest_route=\/wp\/v2\/posts\/6716\/revisions\/6718"}],"wp:featuredmedia":[{"embeddable":true,"href":"https:\/\/elcardinal.com\/index.php?rest_route=\/wp\/v2\/media\/6717"}],"wp:attachment":[{"href":"https:\/\/elcardinal.com\/index.php?rest_route=%2Fwp%2Fv2%2Fmedia&parent=6716"}],"wp:term":[{"taxonomy":"category","embeddable":true,"href":"https:\/\/elcardinal.com\/index.php?rest_route=%2Fwp%2Fv2%2Fcategories&post=6716"},{"taxonomy":"post_tag","embeddable":true,"href":"https:\/\/elcardinal.com\/index.php?rest_route=%2Fwp%2Fv2%2Ftags&post=6716"}],"curies":[{"name":"wp","href":"https:\/\/api.w.org\/{rel}","templated":true}]}}