{"id":6719,"date":"2026-08-08T12:01:41","date_gmt":"2026-08-08T18:01:41","guid":{"rendered":"https:\/\/elcardinal.com\/?p=6719"},"modified":"2026-08-08T12:01:41","modified_gmt":"2026-08-08T18:01:41","slug":"diputada-llama-a-fortalecer-el-marco-juridico-para-prevenir-el-reclutamiento-de-ninas-ninos-y-adolescentes-en-hidalgo","status":"publish","type":"post","link":"https:\/\/elcardinal.com\/?p=6719","title":{"rendered":"Diputada llama a fortalecer el marco jur\u00eddico para prevenir el reclutamiento de ni\u00f1as, ni\u00f1os y adolescentes en Hidalgo"},"content":{"rendered":"<p>Redacci\u00f3n<\/p>\n<p><span style=\"font-weight: 400;\">Ante el reciente reconocimiento por parte de autoridades estatales de la existencia de casos de reclutamiento de ni\u00f1as, ni\u00f1os y adolescentes por parte de organizaciones delictivas en Hidalgo, la diputada <\/span><b>Karla Perales Arrieta<\/b><span style=\"font-weight: 400;\">, del grupo legislativo de Movimiento Ciudadano, hizo un llamado a avanzar en la aprobaci\u00f3n de la iniciativa de ley que busca prevenir, atender y erradicar este fen\u00f3meno en la entidad.<\/span><\/p>\n<p><span style=\"font-weight: 400;\">Durante un posicionamiento en el <\/span><b>Congreso del Estado<\/b><span style=\"font-weight: 400;\">, la legisladora destac\u00f3 que, aunque la incidencia registrada en Hidalgo es menor en comparaci\u00f3n con otras entidades del pa\u00eds, el hecho de que existan casos confirma que el estado no es ajeno a una problem\u00e1tica que vulnera gravemente los derechos de la ni\u00f1ez y la adolescencia.<\/span><\/p>\n<p><span style=\"font-weight: 400;\">Subray\u00f3 que detr\u00e1s de cada caso existe una historia marcada por la violencia, la interrupci\u00f3n de proyectos de vida y la vulneraci\u00f3n de derechos fundamentales, por lo que la prevenci\u00f3n debe prevalecer sobre cualquier acci\u00f3n reactiva.<\/span><\/p>\n<p><span style=\"font-weight: 400;\">En ese sentido, la presidenta de la primera Comisi\u00f3n Permanente de la Ni\u00f1ez, la Juventud, el Deporte y la Familia, enfatiz\u00f3 que reconocer la existencia del problema representa un primer paso; sin embargo, dicho reconocimiento debe traducirse en pol\u00edticas p\u00fablicas, instituciones fortalecidas y un marco jur\u00eddico que permita prevenir el reclutamiento, atender a las v\u00edctimas y coordinar la actuaci\u00f3n de las autoridades competentes.<\/span><\/p>\n<p><span style=\"font-weight: 400;\">Asimismo, record\u00f3 que desde el Congreso del Estado ya fue presentada una iniciativa para expedir la <\/span><b>Ley para Prevenir, Atender y Erradicar el Reclutamiento de Ni\u00f1as, Ni\u00f1os y Adolescentes en el Estado de Hidalgo<\/b><span style=\"font-weight: 400;\">, con el prop\u00f3sito de dotar a la entidad de herramientas jur\u00eddicas e institucionales que permitan enfrentar esta problem\u00e1tica de manera integral.<\/span><\/p>\n<p><span style=\"font-weight: 400;\">La propuesta contempla el establecimiento de pol\u00edticas p\u00fablicas permanentes de prevenci\u00f3n, mecanismos de coordinaci\u00f3n entre el Gobierno del Estado y los municipios, acciones para la restituci\u00f3n de derechos de las v\u00edctimas y la creaci\u00f3n de un Comit\u00e9 para la Prevenci\u00f3n, Atenci\u00f3n y Erradicaci\u00f3n del Reclutamiento de Ni\u00f1as, Ni\u00f1os y Adolescentes.<\/span><\/p>\n<p><span style=\"font-weight: 400;\">De igual forma, plantea la implementaci\u00f3n de un programa institucional y de un registro estatal que permita conocer la dimensi\u00f3n real del problema, generar informaci\u00f3n confiable y dise\u00f1ar estrategias de atenci\u00f3n sustentadas en evidencia.<\/span><\/p>\n<p><span style=\"font-weight: 400;\">Otro de los ejes centrales de la iniciativa es fortalecer las acciones preventivas frente a las nuevas modalidades de captaci\u00f3n utilizadas por grupos delictivos, particularmente aquellas que se realizan mediante redes sociales y plataformas digitales.<\/span><\/p>\n<p><span style=\"font-weight: 400;\">Para ello, se propone la participaci\u00f3n de la Secretar\u00eda de Educaci\u00f3n P\u00fablica del Estado, impulsando acciones de sensibilizaci\u00f3n, formaci\u00f3n y prevenci\u00f3n dentro de los centros educativos, con el objetivo de desarrollar en ni\u00f1as, ni\u00f1os y adolescentes habilidades para identificar factores de riesgo, fortalecer la cultura de la legalidad y promover entornos escolares seguros.<\/span><\/p>\n<p><span style=\"font-weight: 400;\">Durante el mensaje, reiter\u00f3 que la protecci\u00f3n de la ni\u00f1ez exige actuar de manera anticipada y brindar a las nuevas generaciones las herramientas necesarias para reconocer y rechazar cualquier intento de captaci\u00f3n por parte de organizaciones delictivas.<\/span><\/p>\n<p><span style=\"font-weight: 400;\">Asimismo, hizo un llamado a las y los integrantes de la LXVI Legislatura para avanzar en el an\u00e1lisis y aprobaci\u00f3n de la iniciativa, al considerar que el reconocimiento p\u00fablico de esta problem\u00e1tica debe ir acompa\u00f1ado de la voluntad pol\u00edtica para dotar al estado de un marco legal s\u00f3lido que garantice una respuesta integral.<\/span><\/p>\n<p><span style=\"font-weight: 400;\">Finalmente, reafirm\u00f3 que la protecci\u00f3n de las ni\u00f1as, ni\u00f1os y adolescentes debe ser una prioridad para todas las instituciones, privilegiando siempre el inter\u00e9s superior de la ni\u00f1ez y la construcci\u00f3n de un Hidalgo donde las oportunidades prevalezcan sobre la violencia.<\/span><\/p>\n<p><span style=\"font-weight: 400;\">Con el mensaje \u201cNi\u00f1as y ni\u00f1os libres, nunca reclutados. La ni\u00f1ez no pertenece al crimen, pertenece a sus familias. Ley s\u00ed, reclutamiento no&#8221;, la diputada reiter\u00f3 la petici\u00f3n de consolidar un marco jur\u00eddico que garantice la protecci\u00f3n de los derechos de la infancia y la adolescencia en Hidalgo, privilegiando la prevenci\u00f3n como la herramienta m\u00e1s efectiva para impedir que m\u00e1s ni\u00f1as, ni\u00f1os y adolescentes sean v\u00edctimas de este fen\u00f3meno.<\/span><\/p>\n","protected":false},"excerpt":{"rendered":"<p>Redacci\u00f3n Ante el reciente reconocimiento por parte de autoridades estatales de la existencia de casos de reclutamiento de ni\u00f1as, ni\u00f1os y adolescentes por parte de organizaciones delictivas en Hidalgo, la diputada Karla Perales Arrieta, del grupo legislativo de Movimiento Ciudadano, hizo un llamado a avanzar en la aprobaci\u00f3n de la iniciativa de ley que busca<\/p>\n","protected":false},"author":2,"featured_media":6720,"comment_status":"open","ping_status":"open","sticky":false,"template":"","format":"standard","meta":{"footnotes":""},"categories":[31,44,39],"tags":[],"class_list":["post-6719","post","type-post","status-publish","format-standard","has-post-thumbnail","category-hidalgo","category-minuto-a-minuto","category-politica"],"yoast_head":"<!-- This site is optimized with the Yoast SEO plugin v28.0 - https:\/\/yoast.com\/product\/yoast-seo-wordpress\/ -->\n<title>Diputada llama a fortalecer el marco jur\u00eddico para prevenir el reclutamiento de ni\u00f1as, ni\u00f1os y adolescentes en Hidalgo - El Cardinal<\/title>\n<meta name=\"robots\" content=\"index, follow, max-snippet:-1, max-image-preview:large, max-video-preview:-1\" \/>\n<link rel=\"canonical\" href=\"https:\/\/elcardinal.com\/?p=6719\" \/>\n<meta property=\"og:locale\" content=\"es_MX\" \/>\n<meta property=\"og:type\" content=\"article\" \/>\n<meta property=\"og:title\" content=\"Diputada llama a fortalecer el marco jur\u00eddico para prevenir el reclutamiento de ni\u00f1as, ni\u00f1os y adolescentes en Hidalgo - El Cardinal\" \/>\n<meta property=\"og:description\" content=\"Redacci\u00f3n Ante el reciente reconocimiento por parte de autoridades estatales de la existencia de casos de reclutamiento de ni\u00f1as, ni\u00f1os y adolescentes por parte de organizaciones delictivas en Hidalgo, la diputada Karla Perales Arrieta, del grupo legislativo de Movimiento Ciudadano, hizo un llamado a avanzar en la aprobaci\u00f3n de la iniciativa de ley que busca\" \/>\n<meta property=\"og:url\" content=\"https:\/\/elcardinal.com\/?p=6719\" \/>\n<meta property=\"og:site_name\" content=\"El Cardinal\" \/>\n<meta property=\"article:publisher\" content=\"https:\/\/www.facebook.com\/profile.php?id=100063093107011\" \/>\n<meta property=\"article:published_time\" content=\"2026-08-08T18:01:41+00:00\" \/>\n<meta property=\"og:image\" content=\"https:\/\/elcardinal.com\/wp-content\/uploads\/2026\/08\/Dip-.Karla-Perales-1.jpg\" \/>\n\t<meta property=\"og:image:width\" content=\"2400\" \/>\n\t<meta property=\"og:image:height\" content=\"1600\" \/>\n\t<meta property=\"og:image:type\" content=\"image\/jpeg\" \/>\n<meta name=\"author\" content=\"Antonio Alcaraz\" \/>\n<meta name=\"twitter:card\" content=\"summary_large_image\" \/>\n<meta name=\"twitter:creator\" content=\"@ElCardinal_Mx\" \/>\n<meta name=\"twitter:site\" content=\"@ElCardinal_Mx\" \/>\n<meta name=\"twitter:label1\" content=\"Escrito por\" \/>\n\t<meta name=\"twitter:data1\" content=\"Antonio Alcaraz\" \/>\n\t<meta name=\"twitter:label2\" content=\"Tiempo de lectura\" \/>\n\t<meta name=\"twitter:data2\" content=\"4 minutos\" \/>\n<script type=\"application\/ld+json\" class=\"yoast-schema-graph\">{\"@context\":\"https:\\\/\\\/schema.org\",\"@graph\":[{\"@type\":\"Article\",\"@id\":\"https:\\\/\\\/elcardinal.com\\\/?p=6719#article\",\"isPartOf\":{\"@id\":\"https:\\\/\\\/elcardinal.com\\\/?p=6719\"},\"author\":{\"name\":\"Antonio Alcaraz\",\"@id\":\"https:\\\/\\\/elcardinal.com\\\/#\\\/schema\\\/person\\\/3c352ec0a33987fe275c0e8a2ea69f8b\"},\"headline\":\"Diputada llama a fortalecer el marco jur\u00eddico para prevenir el reclutamiento de ni\u00f1as, ni\u00f1os y adolescentes en Hidalgo\",\"datePublished\":\"2026-08-08T18:01:41+00:00\",\"mainEntityOfPage\":{\"@id\":\"https:\\\/\\\/elcardinal.com\\\/?p=6719\"},\"wordCount\":746,\"commentCount\":0,\"publisher\":{\"@id\":\"https:\\\/\\\/elcardinal.com\\\/#organization\"},\"image\":{\"@id\":\"https:\\\/\\\/elcardinal.com\\\/?p=6719#primaryimage\"},\"thumbnailUrl\":\"https:\\\/\\\/elcardinal.com\\\/wp-content\\\/uploads\\\/2026\\\/08\\\/Dip-.Karla-Perales-1.jpg\",\"articleSection\":[\"Hidalgo\",\"Minuto a Minuto\",\"Pol\u00edtica\"],\"inLanguage\":\"es\",\"potentialAction\":[{\"@type\":\"CommentAction\",\"name\":\"Comment\",\"target\":[\"https:\\\/\\\/elcardinal.com\\\/?p=6719#respond\"]}]},{\"@type\":\"WebPage\",\"@id\":\"https:\\\/\\\/elcardinal.com\\\/?p=6719\",\"url\":\"https:\\\/\\\/elcardinal.com\\\/?p=6719\",\"name\":\"Diputada llama a fortalecer el marco jur\u00eddico para prevenir el reclutamiento de ni\u00f1as, ni\u00f1os y adolescentes en Hidalgo - El Cardinal\",\"isPartOf\":{\"@id\":\"https:\\\/\\\/elcardinal.com\\\/#website\"},\"primaryImageOfPage\":{\"@id\":\"https:\\\/\\\/elcardinal.com\\\/?p=6719#primaryimage\"},\"image\":{\"@id\":\"https:\\\/\\\/elcardinal.com\\\/?p=6719#primaryimage\"},\"thumbnailUrl\":\"https:\\\/\\\/elcardinal.com\\\/wp-content\\\/uploads\\\/2026\\\/08\\\/Dip-.Karla-Perales-1.jpg\",\"datePublished\":\"2026-08-08T18:01:41+00:00\",\"breadcrumb\":{\"@id\":\"https:\\\/\\\/elcardinal.com\\\/?p=6719#breadcrumb\"},\"inLanguage\":\"es\",\"potentialAction\":[{\"@type\":\"ReadAction\",\"target\":[\"https:\\\/\\\/elcardinal.com\\\/?p=6719\"]}]},{\"@type\":\"ImageObject\",\"inLanguage\":\"es\",\"@id\":\"https:\\\/\\\/elcardinal.com\\\/?p=6719#primaryimage\",\"url\":\"https:\\\/\\\/elcardinal.com\\\/wp-content\\\/uploads\\\/2026\\\/08\\\/Dip-.Karla-Perales-1.jpg\",\"contentUrl\":\"https:\\\/\\\/elcardinal.com\\\/wp-content\\\/uploads\\\/2026\\\/08\\\/Dip-.Karla-Perales-1.jpg\",\"width\":2400,\"height\":1600},{\"@type\":\"BreadcrumbList\",\"@id\":\"https:\\\/\\\/elcardinal.com\\\/?p=6719#breadcrumb\",\"itemListElement\":[{\"@type\":\"ListItem\",\"position\":1,\"name\":\"Inicio\",\"item\":\"https:\\\/\\\/elcardinal.com\\\/\"},{\"@type\":\"ListItem\",\"position\":2,\"name\":\"Diputada llama a fortalecer el marco jur\u00eddico para prevenir el reclutamiento de ni\u00f1as, ni\u00f1os y adolescentes en Hidalgo\"}]},{\"@type\":\"WebSite\",\"@id\":\"https:\\\/\\\/elcardinal.com\\\/#website\",\"url\":\"https:\\\/\\\/elcardinal.com\\\/\",\"name\":\"El Cardinal\",\"description\":\"Periodismo honesto, con valor, sentido humano, a veces sarc\u00e1stico y divertido.\",\"publisher\":{\"@id\":\"https:\\\/\\\/elcardinal.com\\\/#organization\"},\"alternateName\":\"El Cardinal Noticias\",\"potentialAction\":[{\"@type\":\"SearchAction\",\"target\":{\"@type\":\"EntryPoint\",\"urlTemplate\":\"https:\\\/\\\/elcardinal.com\\\/?s={search_term_string}\"},\"query-input\":{\"@type\":\"PropertyValueSpecification\",\"valueRequired\":true,\"valueName\":\"search_term_string\"}}],\"inLanguage\":\"es\"},{\"@type\":\"Organization\",\"@id\":\"https:\\\/\\\/elcardinal.com\\\/#organization\",\"name\":\"El Cardinal\",\"url\":\"https:\\\/\\\/elcardinal.com\\\/\",\"logo\":{\"@type\":\"ImageObject\",\"inLanguage\":\"es\",\"@id\":\"https:\\\/\\\/elcardinal.com\\\/#\\\/schema\\\/logo\\\/image\\\/\",\"url\":\"https:\\\/\\\/elcardinal.com\\\/wp-content\\\/uploads\\\/2025\\\/04\\\/LOGO-EL-CARDINAL-Periodismo-con-valor.png\",\"contentUrl\":\"https:\\\/\\\/elcardinal.com\\\/wp-content\\\/uploads\\\/2025\\\/04\\\/LOGO-EL-CARDINAL-Periodismo-con-valor.png\",\"width\":755,\"height\":636,\"caption\":\"El Cardinal\"},\"image\":{\"@id\":\"https:\\\/\\\/elcardinal.com\\\/#\\\/schema\\\/logo\\\/image\\\/\"},\"sameAs\":[\"https:\\\/\\\/www.facebook.com\\\/profile.php?id=100063093107011\",\"https:\\\/\\\/x.com\\\/ElCardinal_Mx\"]},{\"@type\":\"Person\",\"@id\":\"https:\\\/\\\/elcardinal.com\\\/#\\\/schema\\\/person\\\/3c352ec0a33987fe275c0e8a2ea69f8b\",\"name\":\"Antonio Alcaraz\",\"image\":{\"@type\":\"ImageObject\",\"inLanguage\":\"es\",\"@id\":\"https:\\\/\\\/elcardinal.com\\\/wp-content\\\/uploads\\\/2025\\\/05\\\/cropped-TONO-96x96.jpg\",\"url\":\"https:\\\/\\\/elcardinal.com\\\/wp-content\\\/uploads\\\/2025\\\/05\\\/cropped-TONO-96x96.jpg\",\"contentUrl\":\"https:\\\/\\\/elcardinal.com\\\/wp-content\\\/uploads\\\/2025\\\/05\\\/cropped-TONO-96x96.jpg\",\"caption\":\"Antonio Alcaraz\"},\"url\":\"https:\\\/\\\/elcardinal.com\\\/?author=2\"}]}<\/script>\n<!-- \/ Yoast SEO plugin. -->","yoast_head_json":{"title":"Diputada llama a fortalecer el marco jur\u00eddico para prevenir el reclutamiento de ni\u00f1as, ni\u00f1os y adolescentes en Hidalgo - El Cardinal","robots":{"index":"index","follow":"follow","max-snippet":"max-snippet:-1","max-image-preview":"max-image-preview:large","max-video-preview":"max-video-preview:-1"},"canonical":"https:\/\/elcardinal.com\/?p=6719","og_locale":"es_MX","og_type":"article","og_title":"Diputada llama a fortalecer el marco jur\u00eddico para prevenir el reclutamiento de ni\u00f1as, ni\u00f1os y adolescentes en Hidalgo - El Cardinal","og_description":"Redacci\u00f3n Ante el reciente reconocimiento por parte de autoridades estatales de la existencia de casos de reclutamiento de ni\u00f1as, ni\u00f1os y adolescentes por parte de organizaciones delictivas en Hidalgo, la diputada Karla Perales Arrieta, del grupo legislativo de Movimiento Ciudadano, hizo un llamado a avanzar en la aprobaci\u00f3n de la iniciativa de ley que busca","og_url":"https:\/\/elcardinal.com\/?p=6719","og_site_name":"El Cardinal","article_publisher":"https:\/\/www.facebook.com\/profile.php?id=100063093107011","article_published_time":"2026-08-08T18:01:41+00:00","og_image":[{"width":2400,"height":1600,"url":"https:\/\/elcardinal.com\/wp-content\/uploads\/2026\/08\/Dip-.Karla-Perales-1.jpg","type":"image\/jpeg"}],"author":"Antonio Alcaraz","twitter_card":"summary_large_image","twitter_creator":"@ElCardinal_Mx","twitter_site":"@ElCardinal_Mx","twitter_misc":{"Escrito por":"Antonio Alcaraz","Tiempo de lectura":"4 minutos"},"schema":{"@context":"https:\/\/schema.org","@graph":[{"@type":"Article","@id":"https:\/\/elcardinal.com\/?p=6719#article","isPartOf":{"@id":"https:\/\/elcardinal.com\/?p=6719"},"author":{"name":"Antonio Alcaraz","@id":"https:\/\/elcardinal.com\/#\/schema\/person\/3c352ec0a33987fe275c0e8a2ea69f8b"},"headline":"Diputada llama a fortalecer el marco jur\u00eddico para prevenir el reclutamiento de ni\u00f1as, ni\u00f1os y adolescentes en Hidalgo","datePublished":"2026-08-08T18:01:41+00:00","mainEntityOfPage":{"@id":"https:\/\/elcardinal.com\/?p=6719"},"wordCount":746,"commentCount":0,"publisher":{"@id":"https:\/\/elcardinal.com\/#organization"},"image":{"@id":"https:\/\/elcardinal.com\/?p=6719#primaryimage"},"thumbnailUrl":"https:\/\/elcardinal.com\/wp-content\/uploads\/2026\/08\/Dip-.Karla-Perales-1.jpg","articleSection":["Hidalgo","Minuto a Minuto","Pol\u00edtica"],"inLanguage":"es","potentialAction":[{"@type":"CommentAction","name":"Comment","target":["https:\/\/elcardinal.com\/?p=6719#respond"]}]},{"@type":"WebPage","@id":"https:\/\/elcardinal.com\/?p=6719","url":"https:\/\/elcardinal.com\/?p=6719","name":"Diputada llama a fortalecer el marco jur\u00eddico para prevenir el reclutamiento de ni\u00f1as, ni\u00f1os y adolescentes en Hidalgo - El Cardinal","isPartOf":{"@id":"https:\/\/elcardinal.com\/#website"},"primaryImageOfPage":{"@id":"https:\/\/elcardinal.com\/?p=6719#primaryimage"},"image":{"@id":"https:\/\/elcardinal.com\/?p=6719#primaryimage"},"thumbnailUrl":"https:\/\/elcardinal.com\/wp-content\/uploads\/2026\/08\/Dip-.Karla-Perales-1.jpg","datePublished":"2026-08-08T18:01:41+00:00","breadcrumb":{"@id":"https:\/\/elcardinal.com\/?p=6719#breadcrumb"},"inLanguage":"es","potentialAction":[{"@type":"ReadAction","target":["https:\/\/elcardinal.com\/?p=6719"]}]},{"@type":"ImageObject","inLanguage":"es","@id":"https:\/\/elcardinal.com\/?p=6719#primaryimage","url":"https:\/\/elcardinal.com\/wp-content\/uploads\/2026\/08\/Dip-.Karla-Perales-1.jpg","contentUrl":"https:\/\/elcardinal.com\/wp-content\/uploads\/2026\/08\/Dip-.Karla-Perales-1.jpg","width":2400,"height":1600},{"@type":"BreadcrumbList","@id":"https:\/\/elcardinal.com\/?p=6719#breadcrumb","itemListElement":[{"@type":"ListItem","position":1,"name":"Inicio","item":"https:\/\/elcardinal.com\/"},{"@type":"ListItem","position":2,"name":"Diputada llama a fortalecer el marco jur\u00eddico para prevenir el reclutamiento de ni\u00f1as, ni\u00f1os y adolescentes en Hidalgo"}]},{"@type":"WebSite","@id":"https:\/\/elcardinal.com\/#website","url":"https:\/\/elcardinal.com\/","name":"El Cardinal","description":"Periodismo honesto, con valor, sentido humano, a veces sarc\u00e1stico y divertido.","publisher":{"@id":"https:\/\/elcardinal.com\/#organization"},"alternateName":"El Cardinal Noticias","potentialAction":[{"@type":"SearchAction","target":{"@type":"EntryPoint","urlTemplate":"https:\/\/elcardinal.com\/?s={search_term_string}"},"query-input":{"@type":"PropertyValueSpecification","valueRequired":true,"valueName":"search_term_string"}}],"inLanguage":"es"},{"@type":"Organization","@id":"https:\/\/elcardinal.com\/#organization","name":"El Cardinal","url":"https:\/\/elcardinal.com\/","logo":{"@type":"ImageObject","inLanguage":"es","@id":"https:\/\/elcardinal.com\/#\/schema\/logo\/image\/","url":"https:\/\/elcardinal.com\/wp-content\/uploads\/2025\/04\/LOGO-EL-CARDINAL-Periodismo-con-valor.png","contentUrl":"https:\/\/elcardinal.com\/wp-content\/uploads\/2025\/04\/LOGO-EL-CARDINAL-Periodismo-con-valor.png","width":755,"height":636,"caption":"El Cardinal"},"image":{"@id":"https:\/\/elcardinal.com\/#\/schema\/logo\/image\/"},"sameAs":["https:\/\/www.facebook.com\/profile.php?id=100063093107011","https:\/\/x.com\/ElCardinal_Mx"]},{"@type":"Person","@id":"https:\/\/elcardinal.com\/#\/schema\/person\/3c352ec0a33987fe275c0e8a2ea69f8b","name":"Antonio Alcaraz","image":{"@type":"ImageObject","inLanguage":"es","@id":"https:\/\/elcardinal.com\/wp-content\/uploads\/2025\/05\/cropped-TONO-96x96.jpg","url":"https:\/\/elcardinal.com\/wp-content\/uploads\/2025\/05\/cropped-TONO-96x96.jpg","contentUrl":"https:\/\/elcardinal.com\/wp-content\/uploads\/2025\/05\/cropped-TONO-96x96.jpg","caption":"Antonio Alcaraz"},"url":"https:\/\/elcardinal.com\/?author=2"}]}},"_links":{"self":[{"href":"https:\/\/elcardinal.com\/index.php?rest_route=\/wp\/v2\/posts\/6719","targetHints":{"allow":["GET"]}}],"collection":[{"href":"https:\/\/elcardinal.com\/index.php?rest_route=\/wp\/v2\/posts"}],"about":[{"href":"https:\/\/elcardinal.com\/index.php?rest_route=\/wp\/v2\/types\/post"}],"author":[{"embeddable":true,"href":"https:\/\/elcardinal.com\/index.php?rest_route=\/wp\/v2\/users\/2"}],"replies":[{"embeddable":true,"href":"https:\/\/elcardinal.com\/index.php?rest_route=%2Fwp%2Fv2%2Fcomments&post=6719"}],"version-history":[{"count":1,"href":"https:\/\/elcardinal.com\/index.php?rest_route=\/wp\/v2\/posts\/6719\/revisions"}],"predecessor-version":[{"id":6721,"href":"https:\/\/elcardinal.com\/index.php?rest_route=\/wp\/v2\/posts\/6719\/revisions\/6721"}],"wp:featuredmedia":[{"embeddable":true,"href":"https:\/\/elcardinal.com\/index.php?rest_route=\/wp\/v2\/media\/6720"}],"wp:attachment":[{"href":"https:\/\/elcardinal.com\/index.php?rest_route=%2Fwp%2Fv2%2Fmedia&parent=6719"}],"wp:term":[{"taxonomy":"category","embeddable":true,"href":"https:\/\/elcardinal.com\/index.php?rest_route=%2Fwp%2Fv2%2Fcategories&post=6719"},{"taxonomy":"post_tag","embeddable":true,"href":"https:\/\/elcardinal.com\/index.php?rest_route=%2Fwp%2Fv2%2Ftags&post=6719"}],"curies":[{"name":"wp","href":"https:\/\/api.w.org\/{rel}","templated":true}]}}