{"id":6722,"date":"2026-08-09T19:29:42","date_gmt":"2026-08-10T01:29:42","guid":{"rendered":"https:\/\/elcardinal.com\/?p=6722"},"modified":"2026-08-20T08:30:45","modified_gmt":"2026-08-20T14:30:45","slug":"fortalece-ihe-bibliotecas-escolares-en-mineral-de-la-reforma-y-tulancingo","status":"publish","type":"post","link":"https:\/\/elcardinal.com\/?p=6722","title":{"rendered":"Fortalece IHE Bibliotecas Escolares en Mineral de la Reforma y Tulancingo"},"content":{"rendered":"<p>Redacci\u00f3n<\/p>\n<p><span style=\"font-weight: 400;\">El Instituto Hidalguense de Educaci\u00f3n (IHE), a trav\u00e9s de la Direcci\u00f3n de Programas Curriculares y del Programa Estatal de Lectura y Escritura, realiz\u00f3 jornadas de capacitaci\u00f3n y entreg\u00f3 acervo bibliogr\u00e1fico en escuelas de Mineral de la Reforma y Tulancingo de Bravo, con el prop\u00f3sito de fortalecer las Bibliotecas Escolares como espacios de aprendizaje y formaci\u00f3n de lectoras y lectores.<\/span><\/p>\n<p><span style=\"font-weight: 400;\">El secretario de Educaci\u00f3n P\u00fablica de Hidalgo y titular del IHE, Natividad Castrej\u00f3n Valdez, destac\u00f3 que estas acciones responden a la visi\u00f3n del gobernador Julio Menchaca Salazar de impulsar una educaci\u00f3n humanista, inclusiva y de excelencia mediante estrategias que fomenten la lectura, la escritura y el acceso al conocimiento desde la educaci\u00f3n b\u00e1sica.<\/span><\/p>\n<p><span style=\"font-weight: 400;\">Como parte de estas jornadas, el equipo t\u00e9cnico-pedag\u00f3gico imparti\u00f3 el taller &#8220;<\/span><i><span style=\"font-weight: 400;\">Accesibilidad y disponibilidad de la Biblioteca Escolar: los Libros del Rinc\u00f3n vinculados a la Nueva Escuela Mexicana<\/span><\/i><span style=\"font-weight: 400;\">&#8220;, con el objetivo de brindar herramientas para la organizaci\u00f3n, el aprovechamiento y el uso pedag\u00f3gico de las Bibliotecas Escolares.<\/span><\/p>\n<p><span style=\"font-weight: 400;\">En Mineral de la Reforma, adem\u00e1s de impartir el taller, se entreg\u00f3 acervo bibliogr\u00e1fico a nueve escuelas primarias generales, en beneficio de mil 353 estudiantes y 62 docentes, quienes contar\u00e1n con mayores recursos para fortalecer las actividades de lectura y el trabajo en el aula.<\/span><\/p>\n<p><span style=\"font-weight: 400;\">En la escuela primaria General &#8220;Justo Sierra&#8221;, de Tulancingo de Bravo, tambi\u00e9n se imparti\u00f3 el taller y se entreg\u00f3 material bibliogr\u00e1fico para beneficio de 220 estudiantes. Adem\u00e1s, se brind\u00f3 orientaci\u00f3n a 11 docentes frente a grupo, personal directivo y al responsable de la Biblioteca Escolar para fortalecer el uso pedag\u00f3gico de este espacio.<\/span><\/p>\n<p><span style=\"font-weight: 400;\">Natividad Castrej\u00f3n se\u00f1al\u00f3 que las Bibliotecas Escolares constituyen espacios fundamentales para desarrollar habilidades lectoras, fortalecer las competencias comunicativas y favorecer el aprendizaje permanente, en concordancia con los principios de la Nueva Escuela Mexicana (NEM).<\/span><\/p>\n<p>&nbsp;<\/p>\n","protected":false},"excerpt":{"rendered":"<p>Redacci\u00f3n El Instituto Hidalguense de Educaci\u00f3n (IHE), a trav\u00e9s de la Direcci\u00f3n de Programas Curriculares y del Programa Estatal de Lectura y Escritura, realiz\u00f3 jornadas de capacitaci\u00f3n y entreg\u00f3 acervo bibliogr\u00e1fico en escuelas de Mineral de la Reforma y Tulancingo de Bravo, con el prop\u00f3sito de fortalecer las Bibliotecas Escolares como espacios de aprendizaje y<\/p>\n","protected":false},"author":2,"featured_media":6723,"comment_status":"open","ping_status":"open","sticky":false,"template":"","format":"standard","meta":{"footnotes":""},"categories":[404,31,44],"tags":[],"class_list":["post-6722","post","type-post","status-publish","format-standard","has-post-thumbnail","category-educacion","category-hidalgo","category-minuto-a-minuto"],"yoast_head":"<!-- This site is optimized with the Yoast SEO plugin v28.0 - https:\/\/yoast.com\/product\/yoast-seo-wordpress\/ -->\n<title>Fortalece IHE Bibliotecas Escolares en Mineral de la Reforma y Tulancingo - El Cardinal<\/title>\n<meta name=\"robots\" content=\"index, follow, max-snippet:-1, max-image-preview:large, max-video-preview:-1\" \/>\n<link rel=\"canonical\" href=\"https:\/\/elcardinal.com\/?p=6722\" \/>\n<meta property=\"og:locale\" content=\"es_MX\" \/>\n<meta property=\"og:type\" content=\"article\" \/>\n<meta property=\"og:title\" content=\"Fortalece IHE Bibliotecas Escolares en Mineral de la Reforma y Tulancingo - El Cardinal\" \/>\n<meta property=\"og:description\" content=\"Redacci\u00f3n El Instituto Hidalguense de Educaci\u00f3n (IHE), a trav\u00e9s de la Direcci\u00f3n de Programas Curriculares y del Programa Estatal de Lectura y Escritura, realiz\u00f3 jornadas de capacitaci\u00f3n y entreg\u00f3 acervo bibliogr\u00e1fico en escuelas de Mineral de la Reforma y Tulancingo de Bravo, con el prop\u00f3sito de fortalecer las Bibliotecas Escolares como espacios de aprendizaje y\" \/>\n<meta property=\"og:url\" content=\"https:\/\/elcardinal.com\/?p=6722\" \/>\n<meta property=\"og:site_name\" content=\"El Cardinal\" \/>\n<meta property=\"article:publisher\" content=\"https:\/\/www.facebook.com\/profile.php?id=100063093107011\" \/>\n<meta property=\"article:published_time\" content=\"2026-08-10T01:29:42+00:00\" \/>\n<meta property=\"article:modified_time\" content=\"2026-08-20T14:30:45+00:00\" \/>\n<meta property=\"og:image\" content=\"https:\/\/elcardinal.com\/wp-content\/uploads\/2026\/08\/2-3.jpeg\" \/>\n\t<meta property=\"og:image:width\" content=\"1259\" \/>\n\t<meta property=\"og:image:height\" content=\"880\" \/>\n\t<meta property=\"og:image:type\" content=\"image\/jpeg\" \/>\n<meta name=\"author\" content=\"Antonio Alcaraz\" \/>\n<meta name=\"twitter:card\" content=\"summary_large_image\" \/>\n<meta name=\"twitter:creator\" content=\"@ElCardinal_Mx\" \/>\n<meta name=\"twitter:site\" content=\"@ElCardinal_Mx\" \/>\n<meta name=\"twitter:label1\" content=\"Escrito por\" \/>\n\t<meta name=\"twitter:data1\" content=\"Antonio Alcaraz\" \/>\n\t<meta name=\"twitter:label2\" content=\"Tiempo de lectura\" \/>\n\t<meta name=\"twitter:data2\" content=\"2 minutos\" \/>\n<script type=\"application\/ld+json\" class=\"yoast-schema-graph\">{\"@context\":\"https:\\\/\\\/schema.org\",\"@graph\":[{\"@type\":\"Article\",\"@id\":\"https:\\\/\\\/elcardinal.com\\\/?p=6722#article\",\"isPartOf\":{\"@id\":\"https:\\\/\\\/elcardinal.com\\\/?p=6722\"},\"author\":{\"name\":\"Antonio Alcaraz\",\"@id\":\"https:\\\/\\\/elcardinal.com\\\/#\\\/schema\\\/person\\\/3c352ec0a33987fe275c0e8a2ea69f8b\"},\"headline\":\"Fortalece IHE Bibliotecas Escolares en Mineral de la Reforma y Tulancingo\",\"datePublished\":\"2026-08-10T01:29:42+00:00\",\"dateModified\":\"2026-08-20T14:30:45+00:00\",\"mainEntityOfPage\":{\"@id\":\"https:\\\/\\\/elcardinal.com\\\/?p=6722\"},\"wordCount\":330,\"commentCount\":0,\"publisher\":{\"@id\":\"https:\\\/\\\/elcardinal.com\\\/#organization\"},\"image\":{\"@id\":\"https:\\\/\\\/elcardinal.com\\\/?p=6722#primaryimage\"},\"thumbnailUrl\":\"https:\\\/\\\/elcardinal.com\\\/wp-content\\\/uploads\\\/2026\\\/08\\\/2-3.jpeg\",\"articleSection\":[\"Educaci\u00f3n\",\"Hidalgo\",\"Minuto a Minuto\"],\"inLanguage\":\"es\",\"potentialAction\":[{\"@type\":\"CommentAction\",\"name\":\"Comment\",\"target\":[\"https:\\\/\\\/elcardinal.com\\\/?p=6722#respond\"]}]},{\"@type\":\"WebPage\",\"@id\":\"https:\\\/\\\/elcardinal.com\\\/?p=6722\",\"url\":\"https:\\\/\\\/elcardinal.com\\\/?p=6722\",\"name\":\"Fortalece IHE Bibliotecas Escolares en Mineral de la Reforma y Tulancingo - El Cardinal\",\"isPartOf\":{\"@id\":\"https:\\\/\\\/elcardinal.com\\\/#website\"},\"primaryImageOfPage\":{\"@id\":\"https:\\\/\\\/elcardinal.com\\\/?p=6722#primaryimage\"},\"image\":{\"@id\":\"https:\\\/\\\/elcardinal.com\\\/?p=6722#primaryimage\"},\"thumbnailUrl\":\"https:\\\/\\\/elcardinal.com\\\/wp-content\\\/uploads\\\/2026\\\/08\\\/2-3.jpeg\",\"datePublished\":\"2026-08-10T01:29:42+00:00\",\"dateModified\":\"2026-08-20T14:30:45+00:00\",\"breadcrumb\":{\"@id\":\"https:\\\/\\\/elcardinal.com\\\/?p=6722#breadcrumb\"},\"inLanguage\":\"es\",\"potentialAction\":[{\"@type\":\"ReadAction\",\"target\":[\"https:\\\/\\\/elcardinal.com\\\/?p=6722\"]}]},{\"@type\":\"ImageObject\",\"inLanguage\":\"es\",\"@id\":\"https:\\\/\\\/elcardinal.com\\\/?p=6722#primaryimage\",\"url\":\"https:\\\/\\\/elcardinal.com\\\/wp-content\\\/uploads\\\/2026\\\/08\\\/2-3.jpeg\",\"contentUrl\":\"https:\\\/\\\/elcardinal.com\\\/wp-content\\\/uploads\\\/2026\\\/08\\\/2-3.jpeg\",\"width\":1259,\"height\":880},{\"@type\":\"BreadcrumbList\",\"@id\":\"https:\\\/\\\/elcardinal.com\\\/?p=6722#breadcrumb\",\"itemListElement\":[{\"@type\":\"ListItem\",\"position\":1,\"name\":\"Inicio\",\"item\":\"https:\\\/\\\/elcardinal.com\\\/\"},{\"@type\":\"ListItem\",\"position\":2,\"name\":\"Fortalece IHE Bibliotecas Escolares en Mineral de la Reforma y Tulancingo\"}]},{\"@type\":\"WebSite\",\"@id\":\"https:\\\/\\\/elcardinal.com\\\/#website\",\"url\":\"https:\\\/\\\/elcardinal.com\\\/\",\"name\":\"El Cardinal\",\"description\":\"Periodismo honesto, con valor, sentido humano, a veces sarc\u00e1stico y divertido.\",\"publisher\":{\"@id\":\"https:\\\/\\\/elcardinal.com\\\/#organization\"},\"alternateName\":\"El Cardinal Noticias\",\"potentialAction\":[{\"@type\":\"SearchAction\",\"target\":{\"@type\":\"EntryPoint\",\"urlTemplate\":\"https:\\\/\\\/elcardinal.com\\\/?s={search_term_string}\"},\"query-input\":{\"@type\":\"PropertyValueSpecification\",\"valueRequired\":true,\"valueName\":\"search_term_string\"}}],\"inLanguage\":\"es\"},{\"@type\":\"Organization\",\"@id\":\"https:\\\/\\\/elcardinal.com\\\/#organization\",\"name\":\"El Cardinal\",\"url\":\"https:\\\/\\\/elcardinal.com\\\/\",\"logo\":{\"@type\":\"ImageObject\",\"inLanguage\":\"es\",\"@id\":\"https:\\\/\\\/elcardinal.com\\\/#\\\/schema\\\/logo\\\/image\\\/\",\"url\":\"https:\\\/\\\/elcardinal.com\\\/wp-content\\\/uploads\\\/2025\\\/04\\\/LOGO-EL-CARDINAL-Periodismo-con-valor.png\",\"contentUrl\":\"https:\\\/\\\/elcardinal.com\\\/wp-content\\\/uploads\\\/2025\\\/04\\\/LOGO-EL-CARDINAL-Periodismo-con-valor.png\",\"width\":755,\"height\":636,\"caption\":\"El Cardinal\"},\"image\":{\"@id\":\"https:\\\/\\\/elcardinal.com\\\/#\\\/schema\\\/logo\\\/image\\\/\"},\"sameAs\":[\"https:\\\/\\\/www.facebook.com\\\/profile.php?id=100063093107011\",\"https:\\\/\\\/x.com\\\/ElCardinal_Mx\"]},{\"@type\":\"Person\",\"@id\":\"https:\\\/\\\/elcardinal.com\\\/#\\\/schema\\\/person\\\/3c352ec0a33987fe275c0e8a2ea69f8b\",\"name\":\"Antonio Alcaraz\",\"image\":{\"@type\":\"ImageObject\",\"inLanguage\":\"es\",\"@id\":\"https:\\\/\\\/elcardinal.com\\\/wp-content\\\/uploads\\\/2025\\\/05\\\/cropped-TONO-96x96.jpg\",\"url\":\"https:\\\/\\\/elcardinal.com\\\/wp-content\\\/uploads\\\/2025\\\/05\\\/cropped-TONO-96x96.jpg\",\"contentUrl\":\"https:\\\/\\\/elcardinal.com\\\/wp-content\\\/uploads\\\/2025\\\/05\\\/cropped-TONO-96x96.jpg\",\"caption\":\"Antonio Alcaraz\"},\"url\":\"https:\\\/\\\/elcardinal.com\\\/?author=2\"}]}<\/script>\n<!-- \/ Yoast SEO plugin. -->","yoast_head_json":{"title":"Fortalece IHE Bibliotecas Escolares en Mineral de la Reforma y Tulancingo - El Cardinal","robots":{"index":"index","follow":"follow","max-snippet":"max-snippet:-1","max-image-preview":"max-image-preview:large","max-video-preview":"max-video-preview:-1"},"canonical":"https:\/\/elcardinal.com\/?p=6722","og_locale":"es_MX","og_type":"article","og_title":"Fortalece IHE Bibliotecas Escolares en Mineral de la Reforma y Tulancingo - El Cardinal","og_description":"Redacci\u00f3n El Instituto Hidalguense de Educaci\u00f3n (IHE), a trav\u00e9s de la Direcci\u00f3n de Programas Curriculares y del Programa Estatal de Lectura y Escritura, realiz\u00f3 jornadas de capacitaci\u00f3n y entreg\u00f3 acervo bibliogr\u00e1fico en escuelas de Mineral de la Reforma y Tulancingo de Bravo, con el prop\u00f3sito de fortalecer las Bibliotecas Escolares como espacios de aprendizaje y","og_url":"https:\/\/elcardinal.com\/?p=6722","og_site_name":"El Cardinal","article_publisher":"https:\/\/www.facebook.com\/profile.php?id=100063093107011","article_published_time":"2026-08-10T01:29:42+00:00","article_modified_time":"2026-08-20T14:30:45+00:00","og_image":[{"width":1259,"height":880,"url":"https:\/\/elcardinal.com\/wp-content\/uploads\/2026\/08\/2-3.jpeg","type":"image\/jpeg"}],"author":"Antonio Alcaraz","twitter_card":"summary_large_image","twitter_creator":"@ElCardinal_Mx","twitter_site":"@ElCardinal_Mx","twitter_misc":{"Escrito por":"Antonio Alcaraz","Tiempo de lectura":"2 minutos"},"schema":{"@context":"https:\/\/schema.org","@graph":[{"@type":"Article","@id":"https:\/\/elcardinal.com\/?p=6722#article","isPartOf":{"@id":"https:\/\/elcardinal.com\/?p=6722"},"author":{"name":"Antonio Alcaraz","@id":"https:\/\/elcardinal.com\/#\/schema\/person\/3c352ec0a33987fe275c0e8a2ea69f8b"},"headline":"Fortalece IHE Bibliotecas Escolares en Mineral de la Reforma y Tulancingo","datePublished":"2026-08-10T01:29:42+00:00","dateModified":"2026-08-20T14:30:45+00:00","mainEntityOfPage":{"@id":"https:\/\/elcardinal.com\/?p=6722"},"wordCount":330,"commentCount":0,"publisher":{"@id":"https:\/\/elcardinal.com\/#organization"},"image":{"@id":"https:\/\/elcardinal.com\/?p=6722#primaryimage"},"thumbnailUrl":"https:\/\/elcardinal.com\/wp-content\/uploads\/2026\/08\/2-3.jpeg","articleSection":["Educaci\u00f3n","Hidalgo","Minuto a Minuto"],"inLanguage":"es","potentialAction":[{"@type":"CommentAction","name":"Comment","target":["https:\/\/elcardinal.com\/?p=6722#respond"]}]},{"@type":"WebPage","@id":"https:\/\/elcardinal.com\/?p=6722","url":"https:\/\/elcardinal.com\/?p=6722","name":"Fortalece IHE Bibliotecas Escolares en Mineral de la Reforma y Tulancingo - El Cardinal","isPartOf":{"@id":"https:\/\/elcardinal.com\/#website"},"primaryImageOfPage":{"@id":"https:\/\/elcardinal.com\/?p=6722#primaryimage"},"image":{"@id":"https:\/\/elcardinal.com\/?p=6722#primaryimage"},"thumbnailUrl":"https:\/\/elcardinal.com\/wp-content\/uploads\/2026\/08\/2-3.jpeg","datePublished":"2026-08-10T01:29:42+00:00","dateModified":"2026-08-20T14:30:45+00:00","breadcrumb":{"@id":"https:\/\/elcardinal.com\/?p=6722#breadcrumb"},"inLanguage":"es","potentialAction":[{"@type":"ReadAction","target":["https:\/\/elcardinal.com\/?p=6722"]}]},{"@type":"ImageObject","inLanguage":"es","@id":"https:\/\/elcardinal.com\/?p=6722#primaryimage","url":"https:\/\/elcardinal.com\/wp-content\/uploads\/2026\/08\/2-3.jpeg","contentUrl":"https:\/\/elcardinal.com\/wp-content\/uploads\/2026\/08\/2-3.jpeg","width":1259,"height":880},{"@type":"BreadcrumbList","@id":"https:\/\/elcardinal.com\/?p=6722#breadcrumb","itemListElement":[{"@type":"ListItem","position":1,"name":"Inicio","item":"https:\/\/elcardinal.com\/"},{"@type":"ListItem","position":2,"name":"Fortalece IHE Bibliotecas Escolares en Mineral de la Reforma y Tulancingo"}]},{"@type":"WebSite","@id":"https:\/\/elcardinal.com\/#website","url":"https:\/\/elcardinal.com\/","name":"El Cardinal","description":"Periodismo honesto, con valor, sentido humano, a veces sarc\u00e1stico y divertido.","publisher":{"@id":"https:\/\/elcardinal.com\/#organization"},"alternateName":"El Cardinal Noticias","potentialAction":[{"@type":"SearchAction","target":{"@type":"EntryPoint","urlTemplate":"https:\/\/elcardinal.com\/?s={search_term_string}"},"query-input":{"@type":"PropertyValueSpecification","valueRequired":true,"valueName":"search_term_string"}}],"inLanguage":"es"},{"@type":"Organization","@id":"https:\/\/elcardinal.com\/#organization","name":"El Cardinal","url":"https:\/\/elcardinal.com\/","logo":{"@type":"ImageObject","inLanguage":"es","@id":"https:\/\/elcardinal.com\/#\/schema\/logo\/image\/","url":"https:\/\/elcardinal.com\/wp-content\/uploads\/2025\/04\/LOGO-EL-CARDINAL-Periodismo-con-valor.png","contentUrl":"https:\/\/elcardinal.com\/wp-content\/uploads\/2025\/04\/LOGO-EL-CARDINAL-Periodismo-con-valor.png","width":755,"height":636,"caption":"El Cardinal"},"image":{"@id":"https:\/\/elcardinal.com\/#\/schema\/logo\/image\/"},"sameAs":["https:\/\/www.facebook.com\/profile.php?id=100063093107011","https:\/\/x.com\/ElCardinal_Mx"]},{"@type":"Person","@id":"https:\/\/elcardinal.com\/#\/schema\/person\/3c352ec0a33987fe275c0e8a2ea69f8b","name":"Antonio Alcaraz","image":{"@type":"ImageObject","inLanguage":"es","@id":"https:\/\/elcardinal.com\/wp-content\/uploads\/2025\/05\/cropped-TONO-96x96.jpg","url":"https:\/\/elcardinal.com\/wp-content\/uploads\/2025\/05\/cropped-TONO-96x96.jpg","contentUrl":"https:\/\/elcardinal.com\/wp-content\/uploads\/2025\/05\/cropped-TONO-96x96.jpg","caption":"Antonio Alcaraz"},"url":"https:\/\/elcardinal.com\/?author=2"}]}},"_links":{"self":[{"href":"https:\/\/elcardinal.com\/index.php?rest_route=\/wp\/v2\/posts\/6722","targetHints":{"allow":["GET"]}}],"collection":[{"href":"https:\/\/elcardinal.com\/index.php?rest_route=\/wp\/v2\/posts"}],"about":[{"href":"https:\/\/elcardinal.com\/index.php?rest_route=\/wp\/v2\/types\/post"}],"author":[{"embeddable":true,"href":"https:\/\/elcardinal.com\/index.php?rest_route=\/wp\/v2\/users\/2"}],"replies":[{"embeddable":true,"href":"https:\/\/elcardinal.com\/index.php?rest_route=%2Fwp%2Fv2%2Fcomments&post=6722"}],"version-history":[{"count":1,"href":"https:\/\/elcardinal.com\/index.php?rest_route=\/wp\/v2\/posts\/6722\/revisions"}],"predecessor-version":[{"id":6724,"href":"https:\/\/elcardinal.com\/index.php?rest_route=\/wp\/v2\/posts\/6722\/revisions\/6724"}],"wp:featuredmedia":[{"embeddable":true,"href":"https:\/\/elcardinal.com\/index.php?rest_route=\/wp\/v2\/media\/6723"}],"wp:attachment":[{"href":"https:\/\/elcardinal.com\/index.php?rest_route=%2Fwp%2Fv2%2Fmedia&parent=6722"}],"wp:term":[{"taxonomy":"category","embeddable":true,"href":"https:\/\/elcardinal.com\/index.php?rest_route=%2Fwp%2Fv2%2Fcategories&post=6722"},{"taxonomy":"post_tag","embeddable":true,"href":"https:\/\/elcardinal.com\/index.php?rest_route=%2Fwp%2Fv2%2Ftags&post=6722"}],"curies":[{"name":"wp","href":"https:\/\/api.w.org\/{rel}","templated":true}]}}