{"id":6731,"date":"2026-08-10T22:37:56","date_gmt":"2026-08-11T04:37:56","guid":{"rendered":"https:\/\/elcardinal.com\/?p=6731"},"modified":"2026-08-10T22:38:03","modified_gmt":"2026-08-11T04:38:03","slug":"exhorta-congreso-de-hidalgo-a-fortalecer-la-atencion-gerontologica-y-ampliar-oportunidades-para-profesionales","status":"publish","type":"post","link":"https:\/\/elcardinal.com\/?p=6731","title":{"rendered":"Exhorta Congreso de Hidalgo a fortalecer la atenci\u00f3n gerontol\u00f3gica y ampliar oportunidades para profesionales"},"content":{"rendered":"<p><b>Redacci\u00f3n\u00a0<\/b><\/p>\n<p><span style=\"font-weight: 400;\">En sesi\u00f3n de la Diputaci\u00f3n Permanente del Congreso del Estado de Hidalgo, la diputada <\/span><b>Mar\u00eda Guadalupe Cruz Monta\u00f1o<\/b><span style=\"font-weight: 400;\">, del grupo legislativo del Partido Verde Ecologista de M\u00e9xico, present\u00f3 un acuerdo econ\u00f3mico que exhorta a la Secretar\u00eda de Salud federal, as\u00ed como a la coordinaci\u00f3n del IMSS-Bienestar en Hidalgo y a la representaci\u00f3n del ISSSTE en la entidad, para fortalecer la atenci\u00f3n especializada dirigida a las personas adultas mayores mediante la incorporaci\u00f3n de profesionales en gerontolog\u00eda y el impulso a la formaci\u00f3n pr\u00e1ctica de estudiantes de esta disciplina.<\/span><\/p>\n<p><span style=\"font-weight: 400;\">Durante su intervenci\u00f3n, la legisladora destac\u00f3 que M\u00e9xico enfrenta una transformaci\u00f3n demogr\u00e1fica sin precedentes derivada del crecimiento sostenido de la poblaci\u00f3n adulta mayor, lo que representa uno de los principales retos para el sistema de salud y, al mismo tiempo, una oportunidad para fortalecer pol\u00edticas p\u00fablicas orientadas a garantizar una atenci\u00f3n digna, integral y con enfoque de derechos humanos.<\/span><\/p>\n<p><span style=\"font-weight: 400;\">La presidenta de la primera Comisi\u00f3n Permanente de las Personas Adultas Mayores se\u00f1al\u00f3 que el envejecimiento no debe traducirse en barreras para acceder a servicios de salud especializados, ya que este sector requiere una atenci\u00f3n que considere no solo sus padecimientos f\u00edsicos, tambi\u00e9n sus necesidades funcionales, psicol\u00f3gicas, sociales y familiares.<\/span><\/p>\n<p><span style=\"font-weight: 400;\">En ese sentido, resalt\u00f3 la importancia del trabajo que realizan las y los profesionales en gerontolog\u00eda, quienes cuentan con la preparaci\u00f3n necesaria para promover el envejecimiento saludable, prevenir el deterioro funcional, coordinar acciones multidisciplinarias y contribuir a una atenci\u00f3n centrada en la persona.<\/span><\/p>\n<p><span style=\"font-weight: 400;\">Asimismo, advirti\u00f3 que, pese al incremento en la demanda de estos servicios y a que las instituciones de educaci\u00f3n superior contin\u00faan formando especialistas en gerontolog\u00eda, las oportunidades para incorporarse al sistema p\u00fablico de salud siguen siendo limitadas, desaprovechando el talento humano disponible y reduciendo las posibilidades de brindar atenci\u00f3n especializada a quienes m\u00e1s lo necesitan.<\/span><\/p>\n<p><span style=\"font-weight: 400;\">La propuesta tambi\u00e9n enfatiza la necesidad de fortalecer la vinculaci\u00f3n entre las instituciones educativas y el sector salud, particularmente con el IMSS-Bienestar y el ISSSTE, a fin de ampliar los espacios destinados al servicio social, pr\u00e1cticas profesionales y estancias de investigaci\u00f3n para estudiantes de gerontolog\u00eda.<\/span><\/p>\n<p><span style=\"font-weight: 400;\">Explic\u00f3 que esta colaboraci\u00f3n permitir\u00eda fortalecer programas de promoci\u00f3n de la salud, valoraci\u00f3n funcional, prevenci\u00f3n de ca\u00eddas, educaci\u00f3n para el autocuidado, orientaci\u00f3n a personas cuidadoras, detecci\u00f3n oportuna de factores de riesgo y acompa\u00f1amiento integral a las personas adultas mayores, siempre bajo la supervisi\u00f3n del personal responsable y conforme a la normatividad vigente.<\/span><\/p>\n<p><span style=\"font-weight: 400;\">Durante su mensaje, subray\u00f3 que invertir en atenci\u00f3n gerontol\u00f3gica representa una estrategia con beneficios humanos, sociales y econ\u00f3micos, al contribuir a prevenir complicaciones, reducir hospitalizaciones innecesarias, fortalecer la atenci\u00f3n primaria, promover la autonom\u00eda de las personas mayores y mejorar la calidad de los servicios de salud.<\/span><\/p>\n<p><span style=\"font-weight: 400;\">En ese contexto, destac\u00f3 que impulsar la formaci\u00f3n pr\u00e1ctica de las y los estudiantes de gerontolog\u00eda significa fortalecer a las instituciones educativas, apoyar al sistema de salud con talento especializado y, principalmente, ofrecer una atenci\u00f3n m\u00e1s cercana, humana e integral a las personas adultas mayores y sus familias.<\/span><\/p>\n<p><span style=\"font-weight: 400;\">Como parte del acuerdo econ\u00f3mico presentado, propone:<\/span><\/p>\n<ol>\n<li style=\"font-weight: 400;\" aria-level=\"1\"><span style=\"font-weight: 400;\">Exhortar a la persona titular de la Secretar\u00eda de Salud federal para que, de acuerdo con la disponibilidad presupuestal, considere la apertura de nuevas plazas para profesionales en gerontolog\u00eda en los hospitales del estado de Hidalgo, con el prop\u00f3sito de fortalecer la atenci\u00f3n especializada dirigida a las personas adultas mayores.<\/span><\/li>\n<li style=\"font-weight: 400;\" aria-level=\"1\"><span style=\"font-weight: 400;\">Exhortar a la coordinaci\u00f3n estatal del IMSS-Bienestar y a la representaci\u00f3n del ISSSTE en Hidalgo para que promuevan acciones de coordinaci\u00f3n con las instituciones de educaci\u00f3n superior de la entidad, fortaleciendo la realizaci\u00f3n del servicio social, las pr\u00e1cticas profesionales y las estancias de investigaci\u00f3n para estudiantes de gerontolog\u00eda.<\/span><\/li>\n<\/ol>\n<p><span style=\"font-weight: 400;\">Finalmente, la diputada reiter\u00f3 que este exhorto constituye un llamado respetuoso para fortalecer la capacidad institucional frente a los desaf\u00edos del envejecimiento poblacional, reconociendo que las personas adultas mayores no solo requieren vivir m\u00e1s a\u00f1os, sino vivirlos con salud, autonom\u00eda y calidad de vida.<\/span><\/p>\n","protected":false},"excerpt":{"rendered":"<p>Redacci\u00f3n\u00a0 En sesi\u00f3n de la Diputaci\u00f3n Permanente del Congreso del Estado de Hidalgo, la diputada Mar\u00eda Guadalupe Cruz Monta\u00f1o, del grupo legislativo del Partido Verde Ecologista de M\u00e9xico, present\u00f3 un acuerdo econ\u00f3mico que exhorta a la Secretar\u00eda de Salud federal, as\u00ed como a la coordinaci\u00f3n del IMSS-Bienestar en Hidalgo y a la representaci\u00f3n del ISSSTE<\/p>\n","protected":false},"author":2,"featured_media":6732,"comment_status":"open","ping_status":"open","sticky":false,"template":"","format":"standard","meta":{"footnotes":""},"categories":[31,44,39],"tags":[],"class_list":["post-6731","post","type-post","status-publish","format-standard","has-post-thumbnail","category-hidalgo","category-minuto-a-minuto","category-politica"],"yoast_head":"<!-- This site is optimized with the Yoast SEO plugin v28.0 - https:\/\/yoast.com\/product\/yoast-seo-wordpress\/ -->\n<title>Exhorta Congreso de Hidalgo a fortalecer la atenci\u00f3n gerontol\u00f3gica y ampliar oportunidades para profesionales - El Cardinal<\/title>\n<meta name=\"robots\" content=\"index, follow, max-snippet:-1, max-image-preview:large, max-video-preview:-1\" \/>\n<link rel=\"canonical\" href=\"https:\/\/elcardinal.com\/?p=6731\" \/>\n<meta property=\"og:locale\" content=\"es_MX\" \/>\n<meta property=\"og:type\" content=\"article\" \/>\n<meta property=\"og:title\" content=\"Exhorta Congreso de Hidalgo a fortalecer la atenci\u00f3n gerontol\u00f3gica y ampliar oportunidades para profesionales - El Cardinal\" \/>\n<meta property=\"og:description\" content=\"Redacci\u00f3n\u00a0 En sesi\u00f3n de la Diputaci\u00f3n Permanente del Congreso del Estado de Hidalgo, la diputada Mar\u00eda Guadalupe Cruz Monta\u00f1o, del grupo legislativo del Partido Verde Ecologista de M\u00e9xico, present\u00f3 un acuerdo econ\u00f3mico que exhorta a la Secretar\u00eda de Salud federal, as\u00ed como a la coordinaci\u00f3n del IMSS-Bienestar en Hidalgo y a la representaci\u00f3n del ISSSTE\" \/>\n<meta property=\"og:url\" content=\"https:\/\/elcardinal.com\/?p=6731\" \/>\n<meta property=\"og:site_name\" content=\"El Cardinal\" \/>\n<meta property=\"article:publisher\" content=\"https:\/\/www.facebook.com\/profile.php?id=100063093107011\" \/>\n<meta property=\"article:published_time\" content=\"2026-08-11T04:37:56+00:00\" \/>\n<meta property=\"article:modified_time\" content=\"2026-08-11T04:38:03+00:00\" \/>\n<meta property=\"og:image\" content=\"https:\/\/elcardinal.com\/wp-content\/uploads\/2026\/08\/Dip.-Maria-Guadalupe.jpg\" \/>\n\t<meta property=\"og:image:width\" content=\"2400\" \/>\n\t<meta property=\"og:image:height\" content=\"1600\" \/>\n\t<meta property=\"og:image:type\" content=\"image\/jpeg\" \/>\n<meta name=\"author\" content=\"Antonio Alcaraz\" \/>\n<meta name=\"twitter:card\" content=\"summary_large_image\" \/>\n<meta name=\"twitter:creator\" content=\"@ElCardinal_Mx\" \/>\n<meta name=\"twitter:site\" content=\"@ElCardinal_Mx\" \/>\n<meta name=\"twitter:label1\" content=\"Escrito por\" \/>\n\t<meta name=\"twitter:data1\" content=\"Antonio Alcaraz\" \/>\n\t<meta name=\"twitter:label2\" content=\"Tiempo de lectura\" \/>\n\t<meta name=\"twitter:data2\" content=\"4 minutos\" \/>\n<script type=\"application\/ld+json\" class=\"yoast-schema-graph\">{\"@context\":\"https:\\\/\\\/schema.org\",\"@graph\":[{\"@type\":\"Article\",\"@id\":\"https:\\\/\\\/elcardinal.com\\\/?p=6731#article\",\"isPartOf\":{\"@id\":\"https:\\\/\\\/elcardinal.com\\\/?p=6731\"},\"author\":{\"name\":\"Antonio Alcaraz\",\"@id\":\"https:\\\/\\\/elcardinal.com\\\/#\\\/schema\\\/person\\\/3c352ec0a33987fe275c0e8a2ea69f8b\"},\"headline\":\"Exhorta Congreso de Hidalgo a fortalecer la atenci\u00f3n gerontol\u00f3gica y ampliar oportunidades para profesionales\",\"datePublished\":\"2026-08-11T04:37:56+00:00\",\"dateModified\":\"2026-08-11T04:38:03+00:00\",\"mainEntityOfPage\":{\"@id\":\"https:\\\/\\\/elcardinal.com\\\/?p=6731\"},\"wordCount\":732,\"commentCount\":0,\"publisher\":{\"@id\":\"https:\\\/\\\/elcardinal.com\\\/#organization\"},\"image\":{\"@id\":\"https:\\\/\\\/elcardinal.com\\\/?p=6731#primaryimage\"},\"thumbnailUrl\":\"https:\\\/\\\/elcardinal.com\\\/wp-content\\\/uploads\\\/2026\\\/08\\\/Dip.-Maria-Guadalupe.jpg\",\"articleSection\":[\"Hidalgo\",\"Minuto a Minuto\",\"Pol\u00edtica\"],\"inLanguage\":\"es\",\"potentialAction\":[{\"@type\":\"CommentAction\",\"name\":\"Comment\",\"target\":[\"https:\\\/\\\/elcardinal.com\\\/?p=6731#respond\"]}]},{\"@type\":\"WebPage\",\"@id\":\"https:\\\/\\\/elcardinal.com\\\/?p=6731\",\"url\":\"https:\\\/\\\/elcardinal.com\\\/?p=6731\",\"name\":\"Exhorta Congreso de Hidalgo a fortalecer la atenci\u00f3n gerontol\u00f3gica y ampliar oportunidades para profesionales - El Cardinal\",\"isPartOf\":{\"@id\":\"https:\\\/\\\/elcardinal.com\\\/#website\"},\"primaryImageOfPage\":{\"@id\":\"https:\\\/\\\/elcardinal.com\\\/?p=6731#primaryimage\"},\"image\":{\"@id\":\"https:\\\/\\\/elcardinal.com\\\/?p=6731#primaryimage\"},\"thumbnailUrl\":\"https:\\\/\\\/elcardinal.com\\\/wp-content\\\/uploads\\\/2026\\\/08\\\/Dip.-Maria-Guadalupe.jpg\",\"datePublished\":\"2026-08-11T04:37:56+00:00\",\"dateModified\":\"2026-08-11T04:38:03+00:00\",\"breadcrumb\":{\"@id\":\"https:\\\/\\\/elcardinal.com\\\/?p=6731#breadcrumb\"},\"inLanguage\":\"es\",\"potentialAction\":[{\"@type\":\"ReadAction\",\"target\":[\"https:\\\/\\\/elcardinal.com\\\/?p=6731\"]}]},{\"@type\":\"ImageObject\",\"inLanguage\":\"es\",\"@id\":\"https:\\\/\\\/elcardinal.com\\\/?p=6731#primaryimage\",\"url\":\"https:\\\/\\\/elcardinal.com\\\/wp-content\\\/uploads\\\/2026\\\/08\\\/Dip.-Maria-Guadalupe.jpg\",\"contentUrl\":\"https:\\\/\\\/elcardinal.com\\\/wp-content\\\/uploads\\\/2026\\\/08\\\/Dip.-Maria-Guadalupe.jpg\",\"width\":2400,\"height\":1600},{\"@type\":\"BreadcrumbList\",\"@id\":\"https:\\\/\\\/elcardinal.com\\\/?p=6731#breadcrumb\",\"itemListElement\":[{\"@type\":\"ListItem\",\"position\":1,\"name\":\"Inicio\",\"item\":\"https:\\\/\\\/elcardinal.com\\\/\"},{\"@type\":\"ListItem\",\"position\":2,\"name\":\"Exhorta Congreso de Hidalgo a fortalecer la atenci\u00f3n gerontol\u00f3gica y ampliar oportunidades para profesionales\"}]},{\"@type\":\"WebSite\",\"@id\":\"https:\\\/\\\/elcardinal.com\\\/#website\",\"url\":\"https:\\\/\\\/elcardinal.com\\\/\",\"name\":\"El Cardinal\",\"description\":\"Periodismo honesto, con valor, sentido humano, a veces sarc\u00e1stico y divertido.\",\"publisher\":{\"@id\":\"https:\\\/\\\/elcardinal.com\\\/#organization\"},\"alternateName\":\"El Cardinal Noticias\",\"potentialAction\":[{\"@type\":\"SearchAction\",\"target\":{\"@type\":\"EntryPoint\",\"urlTemplate\":\"https:\\\/\\\/elcardinal.com\\\/?s={search_term_string}\"},\"query-input\":{\"@type\":\"PropertyValueSpecification\",\"valueRequired\":true,\"valueName\":\"search_term_string\"}}],\"inLanguage\":\"es\"},{\"@type\":\"Organization\",\"@id\":\"https:\\\/\\\/elcardinal.com\\\/#organization\",\"name\":\"El Cardinal\",\"url\":\"https:\\\/\\\/elcardinal.com\\\/\",\"logo\":{\"@type\":\"ImageObject\",\"inLanguage\":\"es\",\"@id\":\"https:\\\/\\\/elcardinal.com\\\/#\\\/schema\\\/logo\\\/image\\\/\",\"url\":\"https:\\\/\\\/elcardinal.com\\\/wp-content\\\/uploads\\\/2025\\\/04\\\/LOGO-EL-CARDINAL-Periodismo-con-valor.png\",\"contentUrl\":\"https:\\\/\\\/elcardinal.com\\\/wp-content\\\/uploads\\\/2025\\\/04\\\/LOGO-EL-CARDINAL-Periodismo-con-valor.png\",\"width\":755,\"height\":636,\"caption\":\"El Cardinal\"},\"image\":{\"@id\":\"https:\\\/\\\/elcardinal.com\\\/#\\\/schema\\\/logo\\\/image\\\/\"},\"sameAs\":[\"https:\\\/\\\/www.facebook.com\\\/profile.php?id=100063093107011\",\"https:\\\/\\\/x.com\\\/ElCardinal_Mx\"]},{\"@type\":\"Person\",\"@id\":\"https:\\\/\\\/elcardinal.com\\\/#\\\/schema\\\/person\\\/3c352ec0a33987fe275c0e8a2ea69f8b\",\"name\":\"Antonio Alcaraz\",\"image\":{\"@type\":\"ImageObject\",\"inLanguage\":\"es\",\"@id\":\"https:\\\/\\\/elcardinal.com\\\/wp-content\\\/uploads\\\/2025\\\/05\\\/cropped-TONO-96x96.jpg\",\"url\":\"https:\\\/\\\/elcardinal.com\\\/wp-content\\\/uploads\\\/2025\\\/05\\\/cropped-TONO-96x96.jpg\",\"contentUrl\":\"https:\\\/\\\/elcardinal.com\\\/wp-content\\\/uploads\\\/2025\\\/05\\\/cropped-TONO-96x96.jpg\",\"caption\":\"Antonio Alcaraz\"},\"url\":\"https:\\\/\\\/elcardinal.com\\\/?author=2\"}]}<\/script>\n<!-- \/ Yoast SEO plugin. -->","yoast_head_json":{"title":"Exhorta Congreso de Hidalgo a fortalecer la atenci\u00f3n gerontol\u00f3gica y ampliar oportunidades para profesionales - El Cardinal","robots":{"index":"index","follow":"follow","max-snippet":"max-snippet:-1","max-image-preview":"max-image-preview:large","max-video-preview":"max-video-preview:-1"},"canonical":"https:\/\/elcardinal.com\/?p=6731","og_locale":"es_MX","og_type":"article","og_title":"Exhorta Congreso de Hidalgo a fortalecer la atenci\u00f3n gerontol\u00f3gica y ampliar oportunidades para profesionales - El Cardinal","og_description":"Redacci\u00f3n\u00a0 En sesi\u00f3n de la Diputaci\u00f3n Permanente del Congreso del Estado de Hidalgo, la diputada Mar\u00eda Guadalupe Cruz Monta\u00f1o, del grupo legislativo del Partido Verde Ecologista de M\u00e9xico, present\u00f3 un acuerdo econ\u00f3mico que exhorta a la Secretar\u00eda de Salud federal, as\u00ed como a la coordinaci\u00f3n del IMSS-Bienestar en Hidalgo y a la representaci\u00f3n del ISSSTE","og_url":"https:\/\/elcardinal.com\/?p=6731","og_site_name":"El Cardinal","article_publisher":"https:\/\/www.facebook.com\/profile.php?id=100063093107011","article_published_time":"2026-08-11T04:37:56+00:00","article_modified_time":"2026-08-11T04:38:03+00:00","og_image":[{"width":2400,"height":1600,"url":"https:\/\/elcardinal.com\/wp-content\/uploads\/2026\/08\/Dip.-Maria-Guadalupe.jpg","type":"image\/jpeg"}],"author":"Antonio Alcaraz","twitter_card":"summary_large_image","twitter_creator":"@ElCardinal_Mx","twitter_site":"@ElCardinal_Mx","twitter_misc":{"Escrito por":"Antonio Alcaraz","Tiempo de lectura":"4 minutos"},"schema":{"@context":"https:\/\/schema.org","@graph":[{"@type":"Article","@id":"https:\/\/elcardinal.com\/?p=6731#article","isPartOf":{"@id":"https:\/\/elcardinal.com\/?p=6731"},"author":{"name":"Antonio Alcaraz","@id":"https:\/\/elcardinal.com\/#\/schema\/person\/3c352ec0a33987fe275c0e8a2ea69f8b"},"headline":"Exhorta Congreso de Hidalgo a fortalecer la atenci\u00f3n gerontol\u00f3gica y ampliar oportunidades para profesionales","datePublished":"2026-08-11T04:37:56+00:00","dateModified":"2026-08-11T04:38:03+00:00","mainEntityOfPage":{"@id":"https:\/\/elcardinal.com\/?p=6731"},"wordCount":732,"commentCount":0,"publisher":{"@id":"https:\/\/elcardinal.com\/#organization"},"image":{"@id":"https:\/\/elcardinal.com\/?p=6731#primaryimage"},"thumbnailUrl":"https:\/\/elcardinal.com\/wp-content\/uploads\/2026\/08\/Dip.-Maria-Guadalupe.jpg","articleSection":["Hidalgo","Minuto a Minuto","Pol\u00edtica"],"inLanguage":"es","potentialAction":[{"@type":"CommentAction","name":"Comment","target":["https:\/\/elcardinal.com\/?p=6731#respond"]}]},{"@type":"WebPage","@id":"https:\/\/elcardinal.com\/?p=6731","url":"https:\/\/elcardinal.com\/?p=6731","name":"Exhorta Congreso de Hidalgo a fortalecer la atenci\u00f3n gerontol\u00f3gica y ampliar oportunidades para profesionales - El Cardinal","isPartOf":{"@id":"https:\/\/elcardinal.com\/#website"},"primaryImageOfPage":{"@id":"https:\/\/elcardinal.com\/?p=6731#primaryimage"},"image":{"@id":"https:\/\/elcardinal.com\/?p=6731#primaryimage"},"thumbnailUrl":"https:\/\/elcardinal.com\/wp-content\/uploads\/2026\/08\/Dip.-Maria-Guadalupe.jpg","datePublished":"2026-08-11T04:37:56+00:00","dateModified":"2026-08-11T04:38:03+00:00","breadcrumb":{"@id":"https:\/\/elcardinal.com\/?p=6731#breadcrumb"},"inLanguage":"es","potentialAction":[{"@type":"ReadAction","target":["https:\/\/elcardinal.com\/?p=6731"]}]},{"@type":"ImageObject","inLanguage":"es","@id":"https:\/\/elcardinal.com\/?p=6731#primaryimage","url":"https:\/\/elcardinal.com\/wp-content\/uploads\/2026\/08\/Dip.-Maria-Guadalupe.jpg","contentUrl":"https:\/\/elcardinal.com\/wp-content\/uploads\/2026\/08\/Dip.-Maria-Guadalupe.jpg","width":2400,"height":1600},{"@type":"BreadcrumbList","@id":"https:\/\/elcardinal.com\/?p=6731#breadcrumb","itemListElement":[{"@type":"ListItem","position":1,"name":"Inicio","item":"https:\/\/elcardinal.com\/"},{"@type":"ListItem","position":2,"name":"Exhorta Congreso de Hidalgo a fortalecer la atenci\u00f3n gerontol\u00f3gica y ampliar oportunidades para profesionales"}]},{"@type":"WebSite","@id":"https:\/\/elcardinal.com\/#website","url":"https:\/\/elcardinal.com\/","name":"El Cardinal","description":"Periodismo honesto, con valor, sentido humano, a veces sarc\u00e1stico y divertido.","publisher":{"@id":"https:\/\/elcardinal.com\/#organization"},"alternateName":"El Cardinal Noticias","potentialAction":[{"@type":"SearchAction","target":{"@type":"EntryPoint","urlTemplate":"https:\/\/elcardinal.com\/?s={search_term_string}"},"query-input":{"@type":"PropertyValueSpecification","valueRequired":true,"valueName":"search_term_string"}}],"inLanguage":"es"},{"@type":"Organization","@id":"https:\/\/elcardinal.com\/#organization","name":"El Cardinal","url":"https:\/\/elcardinal.com\/","logo":{"@type":"ImageObject","inLanguage":"es","@id":"https:\/\/elcardinal.com\/#\/schema\/logo\/image\/","url":"https:\/\/elcardinal.com\/wp-content\/uploads\/2025\/04\/LOGO-EL-CARDINAL-Periodismo-con-valor.png","contentUrl":"https:\/\/elcardinal.com\/wp-content\/uploads\/2025\/04\/LOGO-EL-CARDINAL-Periodismo-con-valor.png","width":755,"height":636,"caption":"El Cardinal"},"image":{"@id":"https:\/\/elcardinal.com\/#\/schema\/logo\/image\/"},"sameAs":["https:\/\/www.facebook.com\/profile.php?id=100063093107011","https:\/\/x.com\/ElCardinal_Mx"]},{"@type":"Person","@id":"https:\/\/elcardinal.com\/#\/schema\/person\/3c352ec0a33987fe275c0e8a2ea69f8b","name":"Antonio Alcaraz","image":{"@type":"ImageObject","inLanguage":"es","@id":"https:\/\/elcardinal.com\/wp-content\/uploads\/2025\/05\/cropped-TONO-96x96.jpg","url":"https:\/\/elcardinal.com\/wp-content\/uploads\/2025\/05\/cropped-TONO-96x96.jpg","contentUrl":"https:\/\/elcardinal.com\/wp-content\/uploads\/2025\/05\/cropped-TONO-96x96.jpg","caption":"Antonio Alcaraz"},"url":"https:\/\/elcardinal.com\/?author=2"}]}},"_links":{"self":[{"href":"https:\/\/elcardinal.com\/index.php?rest_route=\/wp\/v2\/posts\/6731","targetHints":{"allow":["GET"]}}],"collection":[{"href":"https:\/\/elcardinal.com\/index.php?rest_route=\/wp\/v2\/posts"}],"about":[{"href":"https:\/\/elcardinal.com\/index.php?rest_route=\/wp\/v2\/types\/post"}],"author":[{"embeddable":true,"href":"https:\/\/elcardinal.com\/index.php?rest_route=\/wp\/v2\/users\/2"}],"replies":[{"embeddable":true,"href":"https:\/\/elcardinal.com\/index.php?rest_route=%2Fwp%2Fv2%2Fcomments&post=6731"}],"version-history":[{"count":1,"href":"https:\/\/elcardinal.com\/index.php?rest_route=\/wp\/v2\/posts\/6731\/revisions"}],"predecessor-version":[{"id":6733,"href":"https:\/\/elcardinal.com\/index.php?rest_route=\/wp\/v2\/posts\/6731\/revisions\/6733"}],"wp:featuredmedia":[{"embeddable":true,"href":"https:\/\/elcardinal.com\/index.php?rest_route=\/wp\/v2\/media\/6732"}],"wp:attachment":[{"href":"https:\/\/elcardinal.com\/index.php?rest_route=%2Fwp%2Fv2%2Fmedia&parent=6731"}],"wp:term":[{"taxonomy":"category","embeddable":true,"href":"https:\/\/elcardinal.com\/index.php?rest_route=%2Fwp%2Fv2%2Fcategories&post=6731"},{"taxonomy":"post_tag","embeddable":true,"href":"https:\/\/elcardinal.com\/index.php?rest_route=%2Fwp%2Fv2%2Ftags&post=6731"}],"curies":[{"name":"wp","href":"https:\/\/api.w.org\/{rel}","templated":true}]}}