{"id":6734,"date":"2026-08-11T15:03:50","date_gmt":"2026-08-11T21:03:50","guid":{"rendered":"https:\/\/elcardinal.com\/?p=6734"},"modified":"2026-08-11T15:03:50","modified_gmt":"2026-08-11T21:03:50","slug":"congreso-de-hidalgo-presenta-el-12-parlamento-infantil-2026","status":"publish","type":"post","link":"https:\/\/elcardinal.com\/?p=6734","title":{"rendered":"Congreso de Hidalgo presenta el 12 Parlamento Infantil 2026"},"content":{"rendered":"<p>Redacci\u00f3n<\/p>\n<p>En rueda de prensa, el Congreso del Estado Libre y Soberano de Hidalgo present\u00f3 el doceavo Parlamento Infantil Hidalgo 2026, el cual tiene el objetivo de garantizar el inter\u00e9s superior de la ni\u00f1ez hidalguense, a trav\u00e9s de su derecho a la participaci\u00f3n y libre expresi\u00f3n en espacios que permitan externar opiniones que impulsen propuestas legislativas para fortalecer su desarrollo integral.<\/p>\n<p>La diputada Karla Perales Arrieta, presidenta de la primera Comisi\u00f3n Permanente de la Ni\u00f1ez, la Juventud, el Deporte y la Familia, resalt\u00f3 el trabajo conjunto para hacer posible este ejercicio. Adem\u00e1s, inform\u00f3 que la convocatoria est\u00e1 dirigida a estudiantes de quinto grado o menores de 12 a\u00f1os de escuelas p\u00fablicas, privadas, ind\u00edgenas, centros de atenci\u00f3n m\u00faltiple, Centros Pilares y del Consejo Nacional de Fomento Educativo (Conafe), quienes podr\u00e1n participar en temas como medio ambiente y animales, vida saludable y prevenci\u00f3n de adicciones, espacios seguros, tecnolog\u00eda e inteligencia artificial y sociedad incluyente.<\/p>\n<p>Detall\u00f3 que el Parlamento estar\u00e1 integrado por legisladores infantiles por distrito y esca\u00f1os de acci\u00f3n afirmativa para ni\u00f1as y ni\u00f1os con discapacidad, ind\u00edgenas, de Conafe y de Centros Pilares; las actividades culminar\u00e1n con sesiones presenciales los d\u00edas 18, 19 y 20 de noviembre de 2026 en la Casa del Pueblo.<\/p>\n<p>La diputada Mar\u00eda del Rosario Guerrero Mart\u00ednez, presidenta de la Diputaci\u00f3n Permanente, destac\u00f3 la importancia de generar espacios donde ni\u00f1as y ni\u00f1os puedan expresar sus ideas, preocupaciones y propuestas, as\u00ed como conocer el funcionamiento del Congreso y participar en la vida p\u00fablica del estado.<\/p>\n<p>Durante su intervenci\u00f3n, el profesor Mart\u00edn P\u00e9rez Sierra, en representaci\u00f3n de la Secretar\u00eda de Educaci\u00f3n P\u00fablica de Hidalgo, destac\u00f3 que este ejercicio democr\u00e1tico fortalece valores como la inclusi\u00f3n, el respeto, la participaci\u00f3n y la dignidad humana, adem\u00e1s de conocer las inquietudes y propuestas de ni\u00f1as y ni\u00f1os para construir un Hidalgo m\u00e1s justo y equitativo.<\/p>\n<p>Carlos Emmanuel Dur\u00e1n Marmolejo, en representaci\u00f3n del Instituto Estatal Electoral de Hidalgo, detall\u00f3 que el instituto coordinar\u00e1 las convenciones distritales y acciones afirmativas, que se realizar\u00e1n de manera virtual del 23 de septiembre al 2 de octubre, mediante un proceso de voto directo, libre y secreto para elegir a las 30 legisladoras y legisladores infantiles: 18 por distrito electoral y 12 mediante acciones afirmativas para garantizar la representaci\u00f3n de grupos prioritarios.<\/p>\n<p>Mar\u00eda Guadalupe Alvarado Garc\u00eda, secretaria ejecutiva del Sipinna Hidalgo, resalt\u00f3 que las propuestas de ediciones anteriores han permitido conocer las inquietudes de la ni\u00f1ez y se\u00f1al\u00f3 que el Sipinna, junto con las secretar\u00edas ejecutivas municipales, trabajar\u00e1 para difundir la convocatoria en los rincones de Hidalgo y garantizar que todas las ni\u00f1as y ni\u00f1os tengan la oportunidad de participar y hacer escuchar su voz ante las autoridades.<\/p>\n<p>La legisladora infantil Arlette Michelle Ben\u00edtez Saavedra comparti\u00f3 su experiencia en el Parlamento, destacando que su participaci\u00f3n le permiti\u00f3 comprobar que las opiniones de ni\u00f1as y ni\u00f1os son importantes y pueden ser escuchadas cuando existen espacios adecuados para expresarlas.<\/p>\n<p>Durante la sesi\u00f3n de preguntas y respuestas, los medios de comunicaci\u00f3n centraron sus intervenciones en aspectos relacionados con la organizaci\u00f3n y participaci\u00f3n del doceavo Parlamento, as\u00ed como en los mecanismos para garantizar que ni\u00f1as y ni\u00f1os de las distintas regiones del estado puedan conocer la convocatoria y tener igualdad de oportunidades para participar.<\/p>\n<p>Al evento tambi\u00e9n asistieron la diputada Yarabi Gonz\u00e1lez Mart\u00ednez y el diputado Juan Pablo Escalante Urb\u00e1n; autoridades educativas y personal del Congreso.<\/p>\n","protected":false},"excerpt":{"rendered":"<p>Redacci\u00f3n En rueda de prensa, el Congreso del Estado Libre y Soberano de Hidalgo present\u00f3 el doceavo Parlamento Infantil Hidalgo 2026, el cual tiene el objetivo de garantizar el inter\u00e9s superior de la ni\u00f1ez hidalguense, a trav\u00e9s de su derecho a la participaci\u00f3n y libre expresi\u00f3n en espacios que permitan externar opiniones que impulsen propuestas<\/p>\n","protected":false},"author":2,"featured_media":6735,"comment_status":"open","ping_status":"open","sticky":false,"template":"","format":"standard","meta":{"footnotes":""},"categories":[31,44,39],"tags":[],"class_list":["post-6734","post","type-post","status-publish","format-standard","has-post-thumbnail","category-hidalgo","category-minuto-a-minuto","category-politica"],"yoast_head":"<!-- This site is optimized with the Yoast SEO plugin v28.0 - https:\/\/yoast.com\/product\/yoast-seo-wordpress\/ -->\n<title>Congreso de Hidalgo presenta el 12 Parlamento Infantil 2026 - El Cardinal<\/title>\n<meta name=\"robots\" content=\"index, follow, max-snippet:-1, max-image-preview:large, max-video-preview:-1\" \/>\n<link rel=\"canonical\" href=\"https:\/\/elcardinal.com\/?p=6734\" \/>\n<meta property=\"og:locale\" content=\"es_MX\" \/>\n<meta property=\"og:type\" content=\"article\" \/>\n<meta property=\"og:title\" content=\"Congreso de Hidalgo presenta el 12 Parlamento Infantil 2026 - El Cardinal\" \/>\n<meta property=\"og:description\" content=\"Redacci\u00f3n En rueda de prensa, el Congreso del Estado Libre y Soberano de Hidalgo present\u00f3 el doceavo Parlamento Infantil Hidalgo 2026, el cual tiene el objetivo de garantizar el inter\u00e9s superior de la ni\u00f1ez hidalguense, a trav\u00e9s de su derecho a la participaci\u00f3n y libre expresi\u00f3n en espacios que permitan externar opiniones que impulsen propuestas\" \/>\n<meta property=\"og:url\" content=\"https:\/\/elcardinal.com\/?p=6734\" \/>\n<meta property=\"og:site_name\" content=\"El Cardinal\" \/>\n<meta property=\"article:publisher\" content=\"https:\/\/www.facebook.com\/profile.php?id=100063093107011\" \/>\n<meta property=\"article:published_time\" content=\"2026-08-11T21:03:50+00:00\" \/>\n<meta property=\"og:image\" content=\"https:\/\/elcardinal.com\/wp-content\/uploads\/2026\/08\/11.08.2026-Rueda-de-prensa-presentacion-12vo-Parlamento-Infantil-47.jpg\" \/>\n\t<meta property=\"og:image:width\" content=\"2400\" \/>\n\t<meta property=\"og:image:height\" content=\"1772\" \/>\n\t<meta property=\"og:image:type\" content=\"image\/jpeg\" \/>\n<meta name=\"author\" content=\"Antonio Alcaraz\" \/>\n<meta name=\"twitter:card\" content=\"summary_large_image\" \/>\n<meta name=\"twitter:creator\" content=\"@ElCardinal_Mx\" \/>\n<meta name=\"twitter:site\" content=\"@ElCardinal_Mx\" \/>\n<meta name=\"twitter:label1\" content=\"Escrito por\" \/>\n\t<meta name=\"twitter:data1\" content=\"Antonio Alcaraz\" \/>\n\t<meta name=\"twitter:label2\" content=\"Tiempo de lectura\" \/>\n\t<meta name=\"twitter:data2\" content=\"3 minutos\" \/>\n<script type=\"application\/ld+json\" class=\"yoast-schema-graph\">{\"@context\":\"https:\\\/\\\/schema.org\",\"@graph\":[{\"@type\":\"Article\",\"@id\":\"https:\\\/\\\/elcardinal.com\\\/?p=6734#article\",\"isPartOf\":{\"@id\":\"https:\\\/\\\/elcardinal.com\\\/?p=6734\"},\"author\":{\"name\":\"Antonio Alcaraz\",\"@id\":\"https:\\\/\\\/elcardinal.com\\\/#\\\/schema\\\/person\\\/3c352ec0a33987fe275c0e8a2ea69f8b\"},\"headline\":\"Congreso de Hidalgo presenta el 12 Parlamento Infantil 2026\",\"datePublished\":\"2026-08-11T21:03:50+00:00\",\"mainEntityOfPage\":{\"@id\":\"https:\\\/\\\/elcardinal.com\\\/?p=6734\"},\"wordCount\":617,\"commentCount\":0,\"publisher\":{\"@id\":\"https:\\\/\\\/elcardinal.com\\\/#organization\"},\"image\":{\"@id\":\"https:\\\/\\\/elcardinal.com\\\/?p=6734#primaryimage\"},\"thumbnailUrl\":\"https:\\\/\\\/elcardinal.com\\\/wp-content\\\/uploads\\\/2026\\\/08\\\/11.08.2026-Rueda-de-prensa-presentacion-12vo-Parlamento-Infantil-47.jpg\",\"articleSection\":[\"Hidalgo\",\"Minuto a Minuto\",\"Pol\u00edtica\"],\"inLanguage\":\"es\",\"potentialAction\":[{\"@type\":\"CommentAction\",\"name\":\"Comment\",\"target\":[\"https:\\\/\\\/elcardinal.com\\\/?p=6734#respond\"]}]},{\"@type\":\"WebPage\",\"@id\":\"https:\\\/\\\/elcardinal.com\\\/?p=6734\",\"url\":\"https:\\\/\\\/elcardinal.com\\\/?p=6734\",\"name\":\"Congreso de Hidalgo presenta el 12 Parlamento Infantil 2026 - El Cardinal\",\"isPartOf\":{\"@id\":\"https:\\\/\\\/elcardinal.com\\\/#website\"},\"primaryImageOfPage\":{\"@id\":\"https:\\\/\\\/elcardinal.com\\\/?p=6734#primaryimage\"},\"image\":{\"@id\":\"https:\\\/\\\/elcardinal.com\\\/?p=6734#primaryimage\"},\"thumbnailUrl\":\"https:\\\/\\\/elcardinal.com\\\/wp-content\\\/uploads\\\/2026\\\/08\\\/11.08.2026-Rueda-de-prensa-presentacion-12vo-Parlamento-Infantil-47.jpg\",\"datePublished\":\"2026-08-11T21:03:50+00:00\",\"breadcrumb\":{\"@id\":\"https:\\\/\\\/elcardinal.com\\\/?p=6734#breadcrumb\"},\"inLanguage\":\"es\",\"potentialAction\":[{\"@type\":\"ReadAction\",\"target\":[\"https:\\\/\\\/elcardinal.com\\\/?p=6734\"]}]},{\"@type\":\"ImageObject\",\"inLanguage\":\"es\",\"@id\":\"https:\\\/\\\/elcardinal.com\\\/?p=6734#primaryimage\",\"url\":\"https:\\\/\\\/elcardinal.com\\\/wp-content\\\/uploads\\\/2026\\\/08\\\/11.08.2026-Rueda-de-prensa-presentacion-12vo-Parlamento-Infantil-47.jpg\",\"contentUrl\":\"https:\\\/\\\/elcardinal.com\\\/wp-content\\\/uploads\\\/2026\\\/08\\\/11.08.2026-Rueda-de-prensa-presentacion-12vo-Parlamento-Infantil-47.jpg\",\"width\":2400,\"height\":1772},{\"@type\":\"BreadcrumbList\",\"@id\":\"https:\\\/\\\/elcardinal.com\\\/?p=6734#breadcrumb\",\"itemListElement\":[{\"@type\":\"ListItem\",\"position\":1,\"name\":\"Inicio\",\"item\":\"https:\\\/\\\/elcardinal.com\\\/\"},{\"@type\":\"ListItem\",\"position\":2,\"name\":\"Congreso de Hidalgo presenta el 12 Parlamento Infantil 2026\"}]},{\"@type\":\"WebSite\",\"@id\":\"https:\\\/\\\/elcardinal.com\\\/#website\",\"url\":\"https:\\\/\\\/elcardinal.com\\\/\",\"name\":\"El Cardinal\",\"description\":\"Periodismo honesto, con valor, sentido humano, a veces sarc\u00e1stico y divertido.\",\"publisher\":{\"@id\":\"https:\\\/\\\/elcardinal.com\\\/#organization\"},\"alternateName\":\"El Cardinal Noticias\",\"potentialAction\":[{\"@type\":\"SearchAction\",\"target\":{\"@type\":\"EntryPoint\",\"urlTemplate\":\"https:\\\/\\\/elcardinal.com\\\/?s={search_term_string}\"},\"query-input\":{\"@type\":\"PropertyValueSpecification\",\"valueRequired\":true,\"valueName\":\"search_term_string\"}}],\"inLanguage\":\"es\"},{\"@type\":\"Organization\",\"@id\":\"https:\\\/\\\/elcardinal.com\\\/#organization\",\"name\":\"El Cardinal\",\"url\":\"https:\\\/\\\/elcardinal.com\\\/\",\"logo\":{\"@type\":\"ImageObject\",\"inLanguage\":\"es\",\"@id\":\"https:\\\/\\\/elcardinal.com\\\/#\\\/schema\\\/logo\\\/image\\\/\",\"url\":\"https:\\\/\\\/elcardinal.com\\\/wp-content\\\/uploads\\\/2025\\\/04\\\/LOGO-EL-CARDINAL-Periodismo-con-valor.png\",\"contentUrl\":\"https:\\\/\\\/elcardinal.com\\\/wp-content\\\/uploads\\\/2025\\\/04\\\/LOGO-EL-CARDINAL-Periodismo-con-valor.png\",\"width\":755,\"height\":636,\"caption\":\"El Cardinal\"},\"image\":{\"@id\":\"https:\\\/\\\/elcardinal.com\\\/#\\\/schema\\\/logo\\\/image\\\/\"},\"sameAs\":[\"https:\\\/\\\/www.facebook.com\\\/profile.php?id=100063093107011\",\"https:\\\/\\\/x.com\\\/ElCardinal_Mx\"]},{\"@type\":\"Person\",\"@id\":\"https:\\\/\\\/elcardinal.com\\\/#\\\/schema\\\/person\\\/3c352ec0a33987fe275c0e8a2ea69f8b\",\"name\":\"Antonio Alcaraz\",\"image\":{\"@type\":\"ImageObject\",\"inLanguage\":\"es\",\"@id\":\"https:\\\/\\\/elcardinal.com\\\/wp-content\\\/uploads\\\/2025\\\/05\\\/cropped-TONO-96x96.jpg\",\"url\":\"https:\\\/\\\/elcardinal.com\\\/wp-content\\\/uploads\\\/2025\\\/05\\\/cropped-TONO-96x96.jpg\",\"contentUrl\":\"https:\\\/\\\/elcardinal.com\\\/wp-content\\\/uploads\\\/2025\\\/05\\\/cropped-TONO-96x96.jpg\",\"caption\":\"Antonio Alcaraz\"},\"url\":\"https:\\\/\\\/elcardinal.com\\\/?author=2\"}]}<\/script>\n<!-- \/ Yoast SEO plugin. -->","yoast_head_json":{"title":"Congreso de Hidalgo presenta el 12 Parlamento Infantil 2026 - El Cardinal","robots":{"index":"index","follow":"follow","max-snippet":"max-snippet:-1","max-image-preview":"max-image-preview:large","max-video-preview":"max-video-preview:-1"},"canonical":"https:\/\/elcardinal.com\/?p=6734","og_locale":"es_MX","og_type":"article","og_title":"Congreso de Hidalgo presenta el 12 Parlamento Infantil 2026 - El Cardinal","og_description":"Redacci\u00f3n En rueda de prensa, el Congreso del Estado Libre y Soberano de Hidalgo present\u00f3 el doceavo Parlamento Infantil Hidalgo 2026, el cual tiene el objetivo de garantizar el inter\u00e9s superior de la ni\u00f1ez hidalguense, a trav\u00e9s de su derecho a la participaci\u00f3n y libre expresi\u00f3n en espacios que permitan externar opiniones que impulsen propuestas","og_url":"https:\/\/elcardinal.com\/?p=6734","og_site_name":"El Cardinal","article_publisher":"https:\/\/www.facebook.com\/profile.php?id=100063093107011","article_published_time":"2026-08-11T21:03:50+00:00","og_image":[{"width":2400,"height":1772,"url":"https:\/\/elcardinal.com\/wp-content\/uploads\/2026\/08\/11.08.2026-Rueda-de-prensa-presentacion-12vo-Parlamento-Infantil-47.jpg","type":"image\/jpeg"}],"author":"Antonio Alcaraz","twitter_card":"summary_large_image","twitter_creator":"@ElCardinal_Mx","twitter_site":"@ElCardinal_Mx","twitter_misc":{"Escrito por":"Antonio Alcaraz","Tiempo de lectura":"3 minutos"},"schema":{"@context":"https:\/\/schema.org","@graph":[{"@type":"Article","@id":"https:\/\/elcardinal.com\/?p=6734#article","isPartOf":{"@id":"https:\/\/elcardinal.com\/?p=6734"},"author":{"name":"Antonio Alcaraz","@id":"https:\/\/elcardinal.com\/#\/schema\/person\/3c352ec0a33987fe275c0e8a2ea69f8b"},"headline":"Congreso de Hidalgo presenta el 12 Parlamento Infantil 2026","datePublished":"2026-08-11T21:03:50+00:00","mainEntityOfPage":{"@id":"https:\/\/elcardinal.com\/?p=6734"},"wordCount":617,"commentCount":0,"publisher":{"@id":"https:\/\/elcardinal.com\/#organization"},"image":{"@id":"https:\/\/elcardinal.com\/?p=6734#primaryimage"},"thumbnailUrl":"https:\/\/elcardinal.com\/wp-content\/uploads\/2026\/08\/11.08.2026-Rueda-de-prensa-presentacion-12vo-Parlamento-Infantil-47.jpg","articleSection":["Hidalgo","Minuto a Minuto","Pol\u00edtica"],"inLanguage":"es","potentialAction":[{"@type":"CommentAction","name":"Comment","target":["https:\/\/elcardinal.com\/?p=6734#respond"]}]},{"@type":"WebPage","@id":"https:\/\/elcardinal.com\/?p=6734","url":"https:\/\/elcardinal.com\/?p=6734","name":"Congreso de Hidalgo presenta el 12 Parlamento Infantil 2026 - El Cardinal","isPartOf":{"@id":"https:\/\/elcardinal.com\/#website"},"primaryImageOfPage":{"@id":"https:\/\/elcardinal.com\/?p=6734#primaryimage"},"image":{"@id":"https:\/\/elcardinal.com\/?p=6734#primaryimage"},"thumbnailUrl":"https:\/\/elcardinal.com\/wp-content\/uploads\/2026\/08\/11.08.2026-Rueda-de-prensa-presentacion-12vo-Parlamento-Infantil-47.jpg","datePublished":"2026-08-11T21:03:50+00:00","breadcrumb":{"@id":"https:\/\/elcardinal.com\/?p=6734#breadcrumb"},"inLanguage":"es","potentialAction":[{"@type":"ReadAction","target":["https:\/\/elcardinal.com\/?p=6734"]}]},{"@type":"ImageObject","inLanguage":"es","@id":"https:\/\/elcardinal.com\/?p=6734#primaryimage","url":"https:\/\/elcardinal.com\/wp-content\/uploads\/2026\/08\/11.08.2026-Rueda-de-prensa-presentacion-12vo-Parlamento-Infantil-47.jpg","contentUrl":"https:\/\/elcardinal.com\/wp-content\/uploads\/2026\/08\/11.08.2026-Rueda-de-prensa-presentacion-12vo-Parlamento-Infantil-47.jpg","width":2400,"height":1772},{"@type":"BreadcrumbList","@id":"https:\/\/elcardinal.com\/?p=6734#breadcrumb","itemListElement":[{"@type":"ListItem","position":1,"name":"Inicio","item":"https:\/\/elcardinal.com\/"},{"@type":"ListItem","position":2,"name":"Congreso de Hidalgo presenta el 12 Parlamento Infantil 2026"}]},{"@type":"WebSite","@id":"https:\/\/elcardinal.com\/#website","url":"https:\/\/elcardinal.com\/","name":"El Cardinal","description":"Periodismo honesto, con valor, sentido humano, a veces sarc\u00e1stico y divertido.","publisher":{"@id":"https:\/\/elcardinal.com\/#organization"},"alternateName":"El Cardinal Noticias","potentialAction":[{"@type":"SearchAction","target":{"@type":"EntryPoint","urlTemplate":"https:\/\/elcardinal.com\/?s={search_term_string}"},"query-input":{"@type":"PropertyValueSpecification","valueRequired":true,"valueName":"search_term_string"}}],"inLanguage":"es"},{"@type":"Organization","@id":"https:\/\/elcardinal.com\/#organization","name":"El Cardinal","url":"https:\/\/elcardinal.com\/","logo":{"@type":"ImageObject","inLanguage":"es","@id":"https:\/\/elcardinal.com\/#\/schema\/logo\/image\/","url":"https:\/\/elcardinal.com\/wp-content\/uploads\/2025\/04\/LOGO-EL-CARDINAL-Periodismo-con-valor.png","contentUrl":"https:\/\/elcardinal.com\/wp-content\/uploads\/2025\/04\/LOGO-EL-CARDINAL-Periodismo-con-valor.png","width":755,"height":636,"caption":"El Cardinal"},"image":{"@id":"https:\/\/elcardinal.com\/#\/schema\/logo\/image\/"},"sameAs":["https:\/\/www.facebook.com\/profile.php?id=100063093107011","https:\/\/x.com\/ElCardinal_Mx"]},{"@type":"Person","@id":"https:\/\/elcardinal.com\/#\/schema\/person\/3c352ec0a33987fe275c0e8a2ea69f8b","name":"Antonio Alcaraz","image":{"@type":"ImageObject","inLanguage":"es","@id":"https:\/\/elcardinal.com\/wp-content\/uploads\/2025\/05\/cropped-TONO-96x96.jpg","url":"https:\/\/elcardinal.com\/wp-content\/uploads\/2025\/05\/cropped-TONO-96x96.jpg","contentUrl":"https:\/\/elcardinal.com\/wp-content\/uploads\/2025\/05\/cropped-TONO-96x96.jpg","caption":"Antonio Alcaraz"},"url":"https:\/\/elcardinal.com\/?author=2"}]}},"_links":{"self":[{"href":"https:\/\/elcardinal.com\/index.php?rest_route=\/wp\/v2\/posts\/6734","targetHints":{"allow":["GET"]}}],"collection":[{"href":"https:\/\/elcardinal.com\/index.php?rest_route=\/wp\/v2\/posts"}],"about":[{"href":"https:\/\/elcardinal.com\/index.php?rest_route=\/wp\/v2\/types\/post"}],"author":[{"embeddable":true,"href":"https:\/\/elcardinal.com\/index.php?rest_route=\/wp\/v2\/users\/2"}],"replies":[{"embeddable":true,"href":"https:\/\/elcardinal.com\/index.php?rest_route=%2Fwp%2Fv2%2Fcomments&post=6734"}],"version-history":[{"count":1,"href":"https:\/\/elcardinal.com\/index.php?rest_route=\/wp\/v2\/posts\/6734\/revisions"}],"predecessor-version":[{"id":6736,"href":"https:\/\/elcardinal.com\/index.php?rest_route=\/wp\/v2\/posts\/6734\/revisions\/6736"}],"wp:featuredmedia":[{"embeddable":true,"href":"https:\/\/elcardinal.com\/index.php?rest_route=\/wp\/v2\/media\/6735"}],"wp:attachment":[{"href":"https:\/\/elcardinal.com\/index.php?rest_route=%2Fwp%2Fv2%2Fmedia&parent=6734"}],"wp:term":[{"taxonomy":"category","embeddable":true,"href":"https:\/\/elcardinal.com\/index.php?rest_route=%2Fwp%2Fv2%2Fcategories&post=6734"},{"taxonomy":"post_tag","embeddable":true,"href":"https:\/\/elcardinal.com\/index.php?rest_route=%2Fwp%2Fv2%2Ftags&post=6734"}],"curies":[{"name":"wp","href":"https:\/\/api.w.org\/{rel}","templated":true}]}}