{"id":6746,"date":"2026-08-13T12:17:52","date_gmt":"2026-08-13T18:17:52","guid":{"rendered":"https:\/\/elcardinal.com\/?p=6746"},"modified":"2026-08-13T12:17:52","modified_gmt":"2026-08-13T18:17:52","slug":"raiz-y-canto","status":"publish","type":"post","link":"https:\/\/elcardinal.com\/?p=6746","title":{"rendered":"Ra\u00edz y Canto\u00a0"},"content":{"rendered":"<p>Por: <strong>Tania Mart\u00ednez Su\u00e1rez\u00a0<\/strong><\/p>\n<p>Tras una hora de camino el clima comenz\u00f3 a cambiar, del viento a veces suave y a veces violento de mi ciudad, al c\u00e1lido rumor del agua, de pronto la carretera deja ver a los lejos la formaci\u00f3n rocosa de los Frailes y se llena el Valle de un verde brillante con cultivos de ma\u00edz y mezquites.<\/p>\n<blockquote><p>Los letreros de <strong>\u201czapatos acu\u00e1ticos a $50, $70, $90\u201d<\/strong> me fueron dejando pistas, las palmeras dignas de cualquier costas despuntan desde lejos, enormes toboganes multicolor, dinosaurios a gran escala en una entrada o un hotel como los que promete Arabia Saudita, dejan ver el oasis en medio de la sequ\u00eda que es Ixmiquilpan.<\/p><\/blockquote>\n<p><img fetchpriority=\"high\" decoding=\"async\" class=\"size-medium wp-image-6747 alignnone\" src=\"https:\/\/elcardinal.com\/wp-content\/uploads\/2026\/08\/IMG-20260810-WA0102-300x225.jpg\" alt=\"\" width=\"300\" height=\"225\" srcset=\"https:\/\/elcardinal.com\/wp-content\/uploads\/2026\/08\/IMG-20260810-WA0102-300x225.jpg 300w, https:\/\/elcardinal.com\/wp-content\/uploads\/2026\/08\/IMG-20260810-WA0102-1024x768.jpg 1024w, https:\/\/elcardinal.com\/wp-content\/uploads\/2026\/08\/IMG-20260810-WA0102-768x576.jpg 768w, https:\/\/elcardinal.com\/wp-content\/uploads\/2026\/08\/IMG-20260810-WA0102-1536x1152.jpg 1536w, https:\/\/elcardinal.com\/wp-content\/uploads\/2026\/08\/IMG-20260810-WA0102-150x113.jpg 150w, https:\/\/elcardinal.com\/wp-content\/uploads\/2026\/08\/IMG-20260810-WA0102-450x338.jpg 450w, https:\/\/elcardinal.com\/wp-content\/uploads\/2026\/08\/IMG-20260810-WA0102-1200x900.jpg 1200w, https:\/\/elcardinal.com\/wp-content\/uploads\/2026\/08\/IMG-20260810-WA0102.jpg 1600w\" sizes=\"(max-width: 300px) 100vw, 300px\" \/> La biblioteca p\u00fablica \u201c<strong>Carlos Fuentes<\/strong>\u201d nos recibi\u00f3, con decenas de ni\u00f1os y sus familias, con proyectos de un taller de verano sobre la mesa, con la mirada generosa de Margarita, Yasna y Aryam, as\u00ed como un dulce batall\u00f3n de bibliotecarias: Margarita, Catalina, Celina, Ana Laura, Anel, Carolina, Maribel, Ana Isabel y Dolores; terminaba el Taller de verano y tambi\u00e9n el Colectivo Y\u00e4ku hacia el cierre de su primer ciclo de actividades. Prepararon un programa muy bello, hecho en comunidad, es as\u00ed como el arte se incrusta en la vida de ni\u00f1as y ni\u00f1os, es as\u00ed como la poes\u00eda nos permite detenernos mirar un momento.<\/p>\n<p>Hoy el Valle del Mezquital se abri\u00f3 para m\u00ed, con su lengua viva: H\u00f1\u00e4h\u00f1u. Vi las sonrisas ante las canciones de Mar\u00eda In\u00e9s, el arco en los ojos cuando alguien provoca con las palabras en su lengua y los otros le entienden. Com\u00ed alberjones con nopales, ( y yo ni nopales como) quelites y el arroz blanco m\u00e1s perfecto del mundo, mientras me dejaban escuchar su mundo, entre la sonoridad de palabras que no comprendo pero que me embelesan, no me sent\u00ed extra\u00f1a entre extra\u00f1os, no me sent\u00ed fuera de lugar entre quienes a primera vista parecen hura\u00f1os. Me regalaron su tiempo, su risa, sus chistes y la facultad de presenciar como otro mundo se enhebrada frente a m\u00ed.<\/p>\n<p>Luego sal\u00ed a la calle, el calor se intensificaba, encontr\u00e9 conchas de abul\u00f3n en pendientes y anillos, como resabio de un mar que habit\u00f3 esas tierras, entre sus bordados de flores y aves encontr\u00e9 caminos abiertos para recorrer. Encontr\u00e9 olores maravillosos en el mercado, plantas, botas, sombreros, inflables de figuras fant\u00e1sticas, tunas verdes reci\u00e9n peladas, encontr\u00e9 risas, amabilidad y recomendaciones, encontr\u00e9 una celebraci\u00f3n del D\u00eda de los Pueblos originarios con danzantes en la Plaza principal, los pueblos originarios bailan para mantener el equilibrio del universo, me dijo alguna vez un danzante, lo creo.<\/p>\n<p>Me ofrecieron aguas de sabores, spaghetti, pollo Ximb\u00f3, m\u00fasica, movimiento, huapangos en vivo y una obra de teatro infantil en H\u00f1\u00e4h\u00f1u, yo iba hoy a compartir un poco de poes\u00eda y regres\u00e9 colmada de maravillas. Reconozco ampliamente el trabajo comunitario de fomento a la lectura y escritura realizado por el Colectivo Y\u00e4ku y me quedo con el poema ganador del 2026, de Dulce Guadalupe Mart\u00ednez Cruz:<\/p>\n<p>&nbsp;<\/p>\n<p>El caracol<\/p>\n<p>&nbsp;<\/p>\n<p>\u00c9l \u00e1rbol<\/p>\n<p>con sus ramas<\/p>\n<p>se entierra<\/p>\n<p>y de pronto<\/p>\n<p>entre las cortezas<\/p>\n<p>se encuentra un caracol<\/p>\n<p>tan vanidoso<\/p>\n<p>como el sol<\/p>\n<p>disfrutando de<\/p>\n<p>lo mejor<\/p>\n<p>el paisaje.<\/p>\n","protected":false},"excerpt":{"rendered":"<p>Por: Tania Mart\u00ednez Su\u00e1rez\u00a0 Tras una hora de camino el clima comenz\u00f3 a cambiar, del viento a veces suave y a veces violento de mi ciudad, al c\u00e1lido rumor del agua, de pronto la carretera deja ver a los lejos la formaci\u00f3n rocosa de los Frailes y se llena el Valle de un verde brillante<\/p>\n","protected":false},"author":2,"featured_media":5972,"comment_status":"open","ping_status":"open","sticky":false,"template":"","format":"standard","meta":{"footnotes":""},"categories":[31,44,35],"tags":[54,55],"class_list":["post-6746","post","type-post","status-publish","format-standard","has-post-thumbnail","category-hidalgo","category-minuto-a-minuto","category-opinion","tag-proscrita","tag-tania-martinez-suarez"],"yoast_head":"<!-- This site is optimized with the Yoast SEO plugin v28.0 - https:\/\/yoast.com\/product\/yoast-seo-wordpress\/ -->\n<title>Ra\u00edz y Canto\u00a0 - El Cardinal<\/title>\n<meta name=\"robots\" content=\"index, follow, max-snippet:-1, max-image-preview:large, max-video-preview:-1\" \/>\n<link rel=\"canonical\" href=\"https:\/\/elcardinal.com\/?p=6746\" \/>\n<meta property=\"og:locale\" content=\"es_MX\" \/>\n<meta property=\"og:type\" content=\"article\" \/>\n<meta property=\"og:title\" content=\"Ra\u00edz y Canto\u00a0 - El Cardinal\" \/>\n<meta property=\"og:description\" content=\"Por: Tania Mart\u00ednez Su\u00e1rez\u00a0 Tras una hora de camino el clima comenz\u00f3 a cambiar, del viento a veces suave y a veces violento de mi ciudad, al c\u00e1lido rumor del agua, de pronto la carretera deja ver a los lejos la formaci\u00f3n rocosa de los Frailes y se llena el Valle de un verde brillante\" \/>\n<meta property=\"og:url\" content=\"https:\/\/elcardinal.com\/?p=6746\" \/>\n<meta property=\"og:site_name\" content=\"El Cardinal\" \/>\n<meta property=\"article:publisher\" content=\"https:\/\/www.facebook.com\/profile.php?id=100063093107011\" \/>\n<meta property=\"article:published_time\" content=\"2026-08-13T18:17:52+00:00\" \/>\n<meta property=\"og:image\" content=\"https:\/\/elcardinal.com\/wp-content\/uploads\/2026\/05\/IMG-20260531-WA0126.jpg\" \/>\n\t<meta property=\"og:image:width\" content=\"1080\" \/>\n\t<meta property=\"og:image:height\" content=\"810\" \/>\n\t<meta property=\"og:image:type\" content=\"image\/jpeg\" \/>\n<meta name=\"author\" content=\"Antonio Alcaraz\" \/>\n<meta name=\"twitter:card\" content=\"summary_large_image\" \/>\n<meta name=\"twitter:creator\" content=\"@ElCardinal_Mx\" \/>\n<meta name=\"twitter:site\" content=\"@ElCardinal_Mx\" \/>\n<meta name=\"twitter:label1\" content=\"Escrito por\" \/>\n\t<meta name=\"twitter:data1\" content=\"Antonio Alcaraz\" \/>\n\t<meta name=\"twitter:label2\" content=\"Tiempo de lectura\" \/>\n\t<meta name=\"twitter:data2\" content=\"3 minutos\" \/>\n<script type=\"application\/ld+json\" class=\"yoast-schema-graph\">{\"@context\":\"https:\\\/\\\/schema.org\",\"@graph\":[{\"@type\":\"Article\",\"@id\":\"https:\\\/\\\/elcardinal.com\\\/?p=6746#article\",\"isPartOf\":{\"@id\":\"https:\\\/\\\/elcardinal.com\\\/?p=6746\"},\"author\":{\"name\":\"Antonio Alcaraz\",\"@id\":\"https:\\\/\\\/elcardinal.com\\\/#\\\/schema\\\/person\\\/3c352ec0a33987fe275c0e8a2ea69f8b\"},\"headline\":\"Ra\u00edz y Canto\u00a0\",\"datePublished\":\"2026-08-13T18:17:52+00:00\",\"mainEntityOfPage\":{\"@id\":\"https:\\\/\\\/elcardinal.com\\\/?p=6746\"},\"wordCount\":561,\"commentCount\":0,\"publisher\":{\"@id\":\"https:\\\/\\\/elcardinal.com\\\/#organization\"},\"image\":{\"@id\":\"https:\\\/\\\/elcardinal.com\\\/?p=6746#primaryimage\"},\"thumbnailUrl\":\"https:\\\/\\\/elcardinal.com\\\/wp-content\\\/uploads\\\/2026\\\/05\\\/IMG-20260531-WA0126.jpg\",\"keywords\":[\"Proscrita\",\"Tania Mart\u00ednez Su\u00e1rez\"],\"articleSection\":[\"Hidalgo\",\"Minuto a Minuto\",\"Opini\u00f3n\"],\"inLanguage\":\"es\",\"potentialAction\":[{\"@type\":\"CommentAction\",\"name\":\"Comment\",\"target\":[\"https:\\\/\\\/elcardinal.com\\\/?p=6746#respond\"]}]},{\"@type\":\"WebPage\",\"@id\":\"https:\\\/\\\/elcardinal.com\\\/?p=6746\",\"url\":\"https:\\\/\\\/elcardinal.com\\\/?p=6746\",\"name\":\"Ra\u00edz y Canto\u00a0 - El Cardinal\",\"isPartOf\":{\"@id\":\"https:\\\/\\\/elcardinal.com\\\/#website\"},\"primaryImageOfPage\":{\"@id\":\"https:\\\/\\\/elcardinal.com\\\/?p=6746#primaryimage\"},\"image\":{\"@id\":\"https:\\\/\\\/elcardinal.com\\\/?p=6746#primaryimage\"},\"thumbnailUrl\":\"https:\\\/\\\/elcardinal.com\\\/wp-content\\\/uploads\\\/2026\\\/05\\\/IMG-20260531-WA0126.jpg\",\"datePublished\":\"2026-08-13T18:17:52+00:00\",\"breadcrumb\":{\"@id\":\"https:\\\/\\\/elcardinal.com\\\/?p=6746#breadcrumb\"},\"inLanguage\":\"es\",\"potentialAction\":[{\"@type\":\"ReadAction\",\"target\":[\"https:\\\/\\\/elcardinal.com\\\/?p=6746\"]}]},{\"@type\":\"ImageObject\",\"inLanguage\":\"es\",\"@id\":\"https:\\\/\\\/elcardinal.com\\\/?p=6746#primaryimage\",\"url\":\"https:\\\/\\\/elcardinal.com\\\/wp-content\\\/uploads\\\/2026\\\/05\\\/IMG-20260531-WA0126.jpg\",\"contentUrl\":\"https:\\\/\\\/elcardinal.com\\\/wp-content\\\/uploads\\\/2026\\\/05\\\/IMG-20260531-WA0126.jpg\",\"width\":1080,\"height\":810},{\"@type\":\"BreadcrumbList\",\"@id\":\"https:\\\/\\\/elcardinal.com\\\/?p=6746#breadcrumb\",\"itemListElement\":[{\"@type\":\"ListItem\",\"position\":1,\"name\":\"Inicio\",\"item\":\"https:\\\/\\\/elcardinal.com\\\/\"},{\"@type\":\"ListItem\",\"position\":2,\"name\":\"Ra\u00edz y Canto\u00a0\"}]},{\"@type\":\"WebSite\",\"@id\":\"https:\\\/\\\/elcardinal.com\\\/#website\",\"url\":\"https:\\\/\\\/elcardinal.com\\\/\",\"name\":\"El Cardinal\",\"description\":\"Periodismo honesto, con valor, sentido humano, a veces sarc\u00e1stico y divertido.\",\"publisher\":{\"@id\":\"https:\\\/\\\/elcardinal.com\\\/#organization\"},\"alternateName\":\"El Cardinal Noticias\",\"potentialAction\":[{\"@type\":\"SearchAction\",\"target\":{\"@type\":\"EntryPoint\",\"urlTemplate\":\"https:\\\/\\\/elcardinal.com\\\/?s={search_term_string}\"},\"query-input\":{\"@type\":\"PropertyValueSpecification\",\"valueRequired\":true,\"valueName\":\"search_term_string\"}}],\"inLanguage\":\"es\"},{\"@type\":\"Organization\",\"@id\":\"https:\\\/\\\/elcardinal.com\\\/#organization\",\"name\":\"El Cardinal\",\"url\":\"https:\\\/\\\/elcardinal.com\\\/\",\"logo\":{\"@type\":\"ImageObject\",\"inLanguage\":\"es\",\"@id\":\"https:\\\/\\\/elcardinal.com\\\/#\\\/schema\\\/logo\\\/image\\\/\",\"url\":\"https:\\\/\\\/elcardinal.com\\\/wp-content\\\/uploads\\\/2025\\\/04\\\/LOGO-EL-CARDINAL-Periodismo-con-valor.png\",\"contentUrl\":\"https:\\\/\\\/elcardinal.com\\\/wp-content\\\/uploads\\\/2025\\\/04\\\/LOGO-EL-CARDINAL-Periodismo-con-valor.png\",\"width\":755,\"height\":636,\"caption\":\"El Cardinal\"},\"image\":{\"@id\":\"https:\\\/\\\/elcardinal.com\\\/#\\\/schema\\\/logo\\\/image\\\/\"},\"sameAs\":[\"https:\\\/\\\/www.facebook.com\\\/profile.php?id=100063093107011\",\"https:\\\/\\\/x.com\\\/ElCardinal_Mx\"]},{\"@type\":\"Person\",\"@id\":\"https:\\\/\\\/elcardinal.com\\\/#\\\/schema\\\/person\\\/3c352ec0a33987fe275c0e8a2ea69f8b\",\"name\":\"Antonio Alcaraz\",\"image\":{\"@type\":\"ImageObject\",\"inLanguage\":\"es\",\"@id\":\"https:\\\/\\\/elcardinal.com\\\/wp-content\\\/uploads\\\/2025\\\/05\\\/cropped-TONO-96x96.jpg\",\"url\":\"https:\\\/\\\/elcardinal.com\\\/wp-content\\\/uploads\\\/2025\\\/05\\\/cropped-TONO-96x96.jpg\",\"contentUrl\":\"https:\\\/\\\/elcardinal.com\\\/wp-content\\\/uploads\\\/2025\\\/05\\\/cropped-TONO-96x96.jpg\",\"caption\":\"Antonio Alcaraz\"},\"url\":\"https:\\\/\\\/elcardinal.com\\\/?author=2\"}]}<\/script>\n<!-- \/ Yoast SEO plugin. -->","yoast_head_json":{"title":"Ra\u00edz y Canto\u00a0 - El Cardinal","robots":{"index":"index","follow":"follow","max-snippet":"max-snippet:-1","max-image-preview":"max-image-preview:large","max-video-preview":"max-video-preview:-1"},"canonical":"https:\/\/elcardinal.com\/?p=6746","og_locale":"es_MX","og_type":"article","og_title":"Ra\u00edz y Canto\u00a0 - El Cardinal","og_description":"Por: Tania Mart\u00ednez Su\u00e1rez\u00a0 Tras una hora de camino el clima comenz\u00f3 a cambiar, del viento a veces suave y a veces violento de mi ciudad, al c\u00e1lido rumor del agua, de pronto la carretera deja ver a los lejos la formaci\u00f3n rocosa de los Frailes y se llena el Valle de un verde brillante","og_url":"https:\/\/elcardinal.com\/?p=6746","og_site_name":"El Cardinal","article_publisher":"https:\/\/www.facebook.com\/profile.php?id=100063093107011","article_published_time":"2026-08-13T18:17:52+00:00","og_image":[{"width":1080,"height":810,"url":"https:\/\/elcardinal.com\/wp-content\/uploads\/2026\/05\/IMG-20260531-WA0126.jpg","type":"image\/jpeg"}],"author":"Antonio Alcaraz","twitter_card":"summary_large_image","twitter_creator":"@ElCardinal_Mx","twitter_site":"@ElCardinal_Mx","twitter_misc":{"Escrito por":"Antonio Alcaraz","Tiempo de lectura":"3 minutos"},"schema":{"@context":"https:\/\/schema.org","@graph":[{"@type":"Article","@id":"https:\/\/elcardinal.com\/?p=6746#article","isPartOf":{"@id":"https:\/\/elcardinal.com\/?p=6746"},"author":{"name":"Antonio Alcaraz","@id":"https:\/\/elcardinal.com\/#\/schema\/person\/3c352ec0a33987fe275c0e8a2ea69f8b"},"headline":"Ra\u00edz y Canto\u00a0","datePublished":"2026-08-13T18:17:52+00:00","mainEntityOfPage":{"@id":"https:\/\/elcardinal.com\/?p=6746"},"wordCount":561,"commentCount":0,"publisher":{"@id":"https:\/\/elcardinal.com\/#organization"},"image":{"@id":"https:\/\/elcardinal.com\/?p=6746#primaryimage"},"thumbnailUrl":"https:\/\/elcardinal.com\/wp-content\/uploads\/2026\/05\/IMG-20260531-WA0126.jpg","keywords":["Proscrita","Tania Mart\u00ednez Su\u00e1rez"],"articleSection":["Hidalgo","Minuto a Minuto","Opini\u00f3n"],"inLanguage":"es","potentialAction":[{"@type":"CommentAction","name":"Comment","target":["https:\/\/elcardinal.com\/?p=6746#respond"]}]},{"@type":"WebPage","@id":"https:\/\/elcardinal.com\/?p=6746","url":"https:\/\/elcardinal.com\/?p=6746","name":"Ra\u00edz y Canto\u00a0 - El Cardinal","isPartOf":{"@id":"https:\/\/elcardinal.com\/#website"},"primaryImageOfPage":{"@id":"https:\/\/elcardinal.com\/?p=6746#primaryimage"},"image":{"@id":"https:\/\/elcardinal.com\/?p=6746#primaryimage"},"thumbnailUrl":"https:\/\/elcardinal.com\/wp-content\/uploads\/2026\/05\/IMG-20260531-WA0126.jpg","datePublished":"2026-08-13T18:17:52+00:00","breadcrumb":{"@id":"https:\/\/elcardinal.com\/?p=6746#breadcrumb"},"inLanguage":"es","potentialAction":[{"@type":"ReadAction","target":["https:\/\/elcardinal.com\/?p=6746"]}]},{"@type":"ImageObject","inLanguage":"es","@id":"https:\/\/elcardinal.com\/?p=6746#primaryimage","url":"https:\/\/elcardinal.com\/wp-content\/uploads\/2026\/05\/IMG-20260531-WA0126.jpg","contentUrl":"https:\/\/elcardinal.com\/wp-content\/uploads\/2026\/05\/IMG-20260531-WA0126.jpg","width":1080,"height":810},{"@type":"BreadcrumbList","@id":"https:\/\/elcardinal.com\/?p=6746#breadcrumb","itemListElement":[{"@type":"ListItem","position":1,"name":"Inicio","item":"https:\/\/elcardinal.com\/"},{"@type":"ListItem","position":2,"name":"Ra\u00edz y Canto\u00a0"}]},{"@type":"WebSite","@id":"https:\/\/elcardinal.com\/#website","url":"https:\/\/elcardinal.com\/","name":"El Cardinal","description":"Periodismo honesto, con valor, sentido humano, a veces sarc\u00e1stico y divertido.","publisher":{"@id":"https:\/\/elcardinal.com\/#organization"},"alternateName":"El Cardinal Noticias","potentialAction":[{"@type":"SearchAction","target":{"@type":"EntryPoint","urlTemplate":"https:\/\/elcardinal.com\/?s={search_term_string}"},"query-input":{"@type":"PropertyValueSpecification","valueRequired":true,"valueName":"search_term_string"}}],"inLanguage":"es"},{"@type":"Organization","@id":"https:\/\/elcardinal.com\/#organization","name":"El Cardinal","url":"https:\/\/elcardinal.com\/","logo":{"@type":"ImageObject","inLanguage":"es","@id":"https:\/\/elcardinal.com\/#\/schema\/logo\/image\/","url":"https:\/\/elcardinal.com\/wp-content\/uploads\/2025\/04\/LOGO-EL-CARDINAL-Periodismo-con-valor.png","contentUrl":"https:\/\/elcardinal.com\/wp-content\/uploads\/2025\/04\/LOGO-EL-CARDINAL-Periodismo-con-valor.png","width":755,"height":636,"caption":"El Cardinal"},"image":{"@id":"https:\/\/elcardinal.com\/#\/schema\/logo\/image\/"},"sameAs":["https:\/\/www.facebook.com\/profile.php?id=100063093107011","https:\/\/x.com\/ElCardinal_Mx"]},{"@type":"Person","@id":"https:\/\/elcardinal.com\/#\/schema\/person\/3c352ec0a33987fe275c0e8a2ea69f8b","name":"Antonio Alcaraz","image":{"@type":"ImageObject","inLanguage":"es","@id":"https:\/\/elcardinal.com\/wp-content\/uploads\/2025\/05\/cropped-TONO-96x96.jpg","url":"https:\/\/elcardinal.com\/wp-content\/uploads\/2025\/05\/cropped-TONO-96x96.jpg","contentUrl":"https:\/\/elcardinal.com\/wp-content\/uploads\/2025\/05\/cropped-TONO-96x96.jpg","caption":"Antonio Alcaraz"},"url":"https:\/\/elcardinal.com\/?author=2"}]}},"_links":{"self":[{"href":"https:\/\/elcardinal.com\/index.php?rest_route=\/wp\/v2\/posts\/6746","targetHints":{"allow":["GET"]}}],"collection":[{"href":"https:\/\/elcardinal.com\/index.php?rest_route=\/wp\/v2\/posts"}],"about":[{"href":"https:\/\/elcardinal.com\/index.php?rest_route=\/wp\/v2\/types\/post"}],"author":[{"embeddable":true,"href":"https:\/\/elcardinal.com\/index.php?rest_route=\/wp\/v2\/users\/2"}],"replies":[{"embeddable":true,"href":"https:\/\/elcardinal.com\/index.php?rest_route=%2Fwp%2Fv2%2Fcomments&post=6746"}],"version-history":[{"count":1,"href":"https:\/\/elcardinal.com\/index.php?rest_route=\/wp\/v2\/posts\/6746\/revisions"}],"predecessor-version":[{"id":6749,"href":"https:\/\/elcardinal.com\/index.php?rest_route=\/wp\/v2\/posts\/6746\/revisions\/6749"}],"wp:featuredmedia":[{"embeddable":true,"href":"https:\/\/elcardinal.com\/index.php?rest_route=\/wp\/v2\/media\/5972"}],"wp:attachment":[{"href":"https:\/\/elcardinal.com\/index.php?rest_route=%2Fwp%2Fv2%2Fmedia&parent=6746"}],"wp:term":[{"taxonomy":"category","embeddable":true,"href":"https:\/\/elcardinal.com\/index.php?rest_route=%2Fwp%2Fv2%2Fcategories&post=6746"},{"taxonomy":"post_tag","embeddable":true,"href":"https:\/\/elcardinal.com\/index.php?rest_route=%2Fwp%2Fv2%2Ftags&post=6746"}],"curies":[{"name":"wp","href":"https:\/\/api.w.org\/{rel}","templated":true}]}}