{"id":6750,"date":"2026-08-13T12:58:33","date_gmt":"2026-08-13T18:58:33","guid":{"rendered":"https:\/\/elcardinal.com\/?p=6750"},"modified":"2026-08-13T12:58:33","modified_gmt":"2026-08-13T18:58:33","slug":"simey-olvera-rinde-cuentas-ante-miles-de-habitantes-de-tulancingo-y-coloca-la-seguridad-de-las-familias-como-una-prioridad-legislativa","status":"publish","type":"post","link":"https:\/\/elcardinal.com\/?p=6750","title":{"rendered":"Simey Olvera rinde cuentas ante miles de habitantes de Tulancingo y coloca la seguridad de las familias como una prioridad legislativa"},"content":{"rendered":"<p>Redacci\u00f3n<\/p>\n<p>La seguridad de las familias y el combate frontal a los delitos que lastiman a las mujeres y a los sectores productivos ocuparon un lugar central durante el Segundo Informe de Actividades Legislativas de la senadora Simey Olvera, presentado ante miles de habitantes del Valle de Tulancingo.<\/p>\n<p>En la tercera parada de su gira estatal de rendici\u00f3n de cuentas, la legisladora sostuvo que la tranquilidad de la poblaci\u00f3n constituye un compromiso irrenunciable de la Transformaci\u00f3n. Por ello, destac\u00f3 las recientes reformas constitucionales en materia de extorsi\u00f3n y feminicidio, que sentar\u00e1n las bases para expedir leyes generales orientadas a prevenir, investigar y sancionar estos delitos.<\/p>\n<p>La senadora subray\u00f3 que este trabajo se complementa con una presencia permanente en territorio, mediante recorridos por las distintas regiones de Hidalgo para escuchar directamente a comerciantes, productores, mujeres, j\u00f3venes y familias.<\/p>\n<p>Tambi\u00e9n resalt\u00f3 que los avances legislativos son resultado del trabajo coordinado con el proyecto de naci\u00f3n encabezado por la presidenta Claudia Sheinbaum Pardo y de la colaboraci\u00f3n institucional con el gobierno de Hidalgo.<\/p>\n<p>Arropada por habitantes de la regi\u00f3n, y diversos sectores de la sociedad que acudieron para ser testigos de este informe, Simey Olvera refrend\u00f3 su compromiso de continuar en territorio, informar de frente y mantener una agenda legislativa construida desde las necesidades de la gente.<\/p>\n","protected":false},"excerpt":{"rendered":"<p>Redacci\u00f3n La seguridad de las familias y el combate frontal a los delitos que lastiman a las mujeres y a los sectores productivos ocuparon un lugar central durante el Segundo Informe de Actividades Legislativas de la senadora Simey Olvera, presentado ante miles de habitantes del Valle de Tulancingo. En la tercera parada de su gira<\/p>\n","protected":false},"author":2,"featured_media":6751,"comment_status":"open","ping_status":"open","sticky":false,"template":"","format":"standard","meta":{"footnotes":""},"categories":[1],"tags":[441],"class_list":["post-6750","post","type-post","status-publish","format-standard","has-post-thumbnail","category-uncategorized","tag-simey-olvera"],"yoast_head":"<!-- This site is optimized with the Yoast SEO plugin v28.0 - https:\/\/yoast.com\/product\/yoast-seo-wordpress\/ -->\n<title>Simey Olvera rinde cuentas ante miles de habitantes de Tulancingo y coloca la seguridad de las familias como una prioridad legislativa - El Cardinal<\/title>\n<meta name=\"robots\" content=\"index, follow, max-snippet:-1, max-image-preview:large, max-video-preview:-1\" \/>\n<link rel=\"canonical\" href=\"https:\/\/elcardinal.com\/?p=6750\" \/>\n<meta property=\"og:locale\" content=\"es_MX\" \/>\n<meta property=\"og:type\" content=\"article\" \/>\n<meta property=\"og:title\" content=\"Simey Olvera rinde cuentas ante miles de habitantes de Tulancingo y coloca la seguridad de las familias como una prioridad legislativa - El Cardinal\" \/>\n<meta property=\"og:description\" content=\"Redacci\u00f3n La seguridad de las familias y el combate frontal a los delitos que lastiman a las mujeres y a los sectores productivos ocuparon un lugar central durante el Segundo Informe de Actividades Legislativas de la senadora Simey Olvera, presentado ante miles de habitantes del Valle de Tulancingo. En la tercera parada de su gira\" \/>\n<meta property=\"og:url\" content=\"https:\/\/elcardinal.com\/?p=6750\" \/>\n<meta property=\"og:site_name\" content=\"El Cardinal\" \/>\n<meta property=\"article:publisher\" content=\"https:\/\/www.facebook.com\/profile.php?id=100063093107011\" \/>\n<meta property=\"article:published_time\" content=\"2026-08-13T18:58:33+00:00\" \/>\n<meta property=\"og:image\" content=\"https:\/\/elcardinal.com\/wp-content\/uploads\/2026\/08\/WhatsApp-Image-2026-08-12-at-10.31.11-PM.jpeg\" \/>\n\t<meta property=\"og:image:width\" content=\"1600\" \/>\n\t<meta property=\"og:image:height\" content=\"1066\" \/>\n\t<meta property=\"og:image:type\" content=\"image\/jpeg\" \/>\n<meta name=\"author\" content=\"Antonio Alcaraz\" \/>\n<meta name=\"twitter:card\" content=\"summary_large_image\" \/>\n<meta name=\"twitter:creator\" content=\"@ElCardinal_Mx\" \/>\n<meta name=\"twitter:site\" content=\"@ElCardinal_Mx\" \/>\n<meta name=\"twitter:label1\" content=\"Escrito por\" \/>\n\t<meta name=\"twitter:data1\" content=\"Antonio Alcaraz\" \/>\n\t<meta name=\"twitter:label2\" content=\"Tiempo de lectura\" \/>\n\t<meta name=\"twitter:data2\" content=\"2 minutos\" \/>\n<script type=\"application\/ld+json\" class=\"yoast-schema-graph\">{\"@context\":\"https:\\\/\\\/schema.org\",\"@graph\":[{\"@type\":\"Article\",\"@id\":\"https:\\\/\\\/elcardinal.com\\\/?p=6750#article\",\"isPartOf\":{\"@id\":\"https:\\\/\\\/elcardinal.com\\\/?p=6750\"},\"author\":{\"name\":\"Antonio Alcaraz\",\"@id\":\"https:\\\/\\\/elcardinal.com\\\/#\\\/schema\\\/person\\\/3c352ec0a33987fe275c0e8a2ea69f8b\"},\"headline\":\"Simey Olvera rinde cuentas ante miles de habitantes de Tulancingo y coloca la seguridad de las familias como una prioridad legislativa\",\"datePublished\":\"2026-08-13T18:58:33+00:00\",\"mainEntityOfPage\":{\"@id\":\"https:\\\/\\\/elcardinal.com\\\/?p=6750\"},\"wordCount\":246,\"commentCount\":0,\"publisher\":{\"@id\":\"https:\\\/\\\/elcardinal.com\\\/#organization\"},\"image\":{\"@id\":\"https:\\\/\\\/elcardinal.com\\\/?p=6750#primaryimage\"},\"thumbnailUrl\":\"https:\\\/\\\/elcardinal.com\\\/wp-content\\\/uploads\\\/2026\\\/08\\\/WhatsApp-Image-2026-08-12-at-10.31.11-PM.jpeg\",\"keywords\":[\"Simey Olvera\"],\"articleSection\":[\"Uncategorized\"],\"inLanguage\":\"es\",\"potentialAction\":[{\"@type\":\"CommentAction\",\"name\":\"Comment\",\"target\":[\"https:\\\/\\\/elcardinal.com\\\/?p=6750#respond\"]}]},{\"@type\":\"WebPage\",\"@id\":\"https:\\\/\\\/elcardinal.com\\\/?p=6750\",\"url\":\"https:\\\/\\\/elcardinal.com\\\/?p=6750\",\"name\":\"Simey Olvera rinde cuentas ante miles de habitantes de Tulancingo y coloca la seguridad de las familias como una prioridad legislativa - El Cardinal\",\"isPartOf\":{\"@id\":\"https:\\\/\\\/elcardinal.com\\\/#website\"},\"primaryImageOfPage\":{\"@id\":\"https:\\\/\\\/elcardinal.com\\\/?p=6750#primaryimage\"},\"image\":{\"@id\":\"https:\\\/\\\/elcardinal.com\\\/?p=6750#primaryimage\"},\"thumbnailUrl\":\"https:\\\/\\\/elcardinal.com\\\/wp-content\\\/uploads\\\/2026\\\/08\\\/WhatsApp-Image-2026-08-12-at-10.31.11-PM.jpeg\",\"datePublished\":\"2026-08-13T18:58:33+00:00\",\"breadcrumb\":{\"@id\":\"https:\\\/\\\/elcardinal.com\\\/?p=6750#breadcrumb\"},\"inLanguage\":\"es\",\"potentialAction\":[{\"@type\":\"ReadAction\",\"target\":[\"https:\\\/\\\/elcardinal.com\\\/?p=6750\"]}]},{\"@type\":\"ImageObject\",\"inLanguage\":\"es\",\"@id\":\"https:\\\/\\\/elcardinal.com\\\/?p=6750#primaryimage\",\"url\":\"https:\\\/\\\/elcardinal.com\\\/wp-content\\\/uploads\\\/2026\\\/08\\\/WhatsApp-Image-2026-08-12-at-10.31.11-PM.jpeg\",\"contentUrl\":\"https:\\\/\\\/elcardinal.com\\\/wp-content\\\/uploads\\\/2026\\\/08\\\/WhatsApp-Image-2026-08-12-at-10.31.11-PM.jpeg\",\"width\":1600,\"height\":1066},{\"@type\":\"BreadcrumbList\",\"@id\":\"https:\\\/\\\/elcardinal.com\\\/?p=6750#breadcrumb\",\"itemListElement\":[{\"@type\":\"ListItem\",\"position\":1,\"name\":\"Inicio\",\"item\":\"https:\\\/\\\/elcardinal.com\\\/\"},{\"@type\":\"ListItem\",\"position\":2,\"name\":\"Simey Olvera rinde cuentas ante miles de habitantes de Tulancingo y coloca la seguridad de las familias como una prioridad legislativa\"}]},{\"@type\":\"WebSite\",\"@id\":\"https:\\\/\\\/elcardinal.com\\\/#website\",\"url\":\"https:\\\/\\\/elcardinal.com\\\/\",\"name\":\"El Cardinal\",\"description\":\"Periodismo honesto, con valor, sentido humano, a veces sarc\u00e1stico y divertido.\",\"publisher\":{\"@id\":\"https:\\\/\\\/elcardinal.com\\\/#organization\"},\"alternateName\":\"El Cardinal Noticias\",\"potentialAction\":[{\"@type\":\"SearchAction\",\"target\":{\"@type\":\"EntryPoint\",\"urlTemplate\":\"https:\\\/\\\/elcardinal.com\\\/?s={search_term_string}\"},\"query-input\":{\"@type\":\"PropertyValueSpecification\",\"valueRequired\":true,\"valueName\":\"search_term_string\"}}],\"inLanguage\":\"es\"},{\"@type\":\"Organization\",\"@id\":\"https:\\\/\\\/elcardinal.com\\\/#organization\",\"name\":\"El Cardinal\",\"url\":\"https:\\\/\\\/elcardinal.com\\\/\",\"logo\":{\"@type\":\"ImageObject\",\"inLanguage\":\"es\",\"@id\":\"https:\\\/\\\/elcardinal.com\\\/#\\\/schema\\\/logo\\\/image\\\/\",\"url\":\"https:\\\/\\\/elcardinal.com\\\/wp-content\\\/uploads\\\/2025\\\/04\\\/LOGO-EL-CARDINAL-Periodismo-con-valor.png\",\"contentUrl\":\"https:\\\/\\\/elcardinal.com\\\/wp-content\\\/uploads\\\/2025\\\/04\\\/LOGO-EL-CARDINAL-Periodismo-con-valor.png\",\"width\":755,\"height\":636,\"caption\":\"El Cardinal\"},\"image\":{\"@id\":\"https:\\\/\\\/elcardinal.com\\\/#\\\/schema\\\/logo\\\/image\\\/\"},\"sameAs\":[\"https:\\\/\\\/www.facebook.com\\\/profile.php?id=100063093107011\",\"https:\\\/\\\/x.com\\\/ElCardinal_Mx\"]},{\"@type\":\"Person\",\"@id\":\"https:\\\/\\\/elcardinal.com\\\/#\\\/schema\\\/person\\\/3c352ec0a33987fe275c0e8a2ea69f8b\",\"name\":\"Antonio Alcaraz\",\"image\":{\"@type\":\"ImageObject\",\"inLanguage\":\"es\",\"@id\":\"https:\\\/\\\/elcardinal.com\\\/wp-content\\\/uploads\\\/2025\\\/05\\\/cropped-TONO-96x96.jpg\",\"url\":\"https:\\\/\\\/elcardinal.com\\\/wp-content\\\/uploads\\\/2025\\\/05\\\/cropped-TONO-96x96.jpg\",\"contentUrl\":\"https:\\\/\\\/elcardinal.com\\\/wp-content\\\/uploads\\\/2025\\\/05\\\/cropped-TONO-96x96.jpg\",\"caption\":\"Antonio Alcaraz\"},\"url\":\"https:\\\/\\\/elcardinal.com\\\/?author=2\"}]}<\/script>\n<!-- \/ Yoast SEO plugin. -->","yoast_head_json":{"title":"Simey Olvera rinde cuentas ante miles de habitantes de Tulancingo y coloca la seguridad de las familias como una prioridad legislativa - El Cardinal","robots":{"index":"index","follow":"follow","max-snippet":"max-snippet:-1","max-image-preview":"max-image-preview:large","max-video-preview":"max-video-preview:-1"},"canonical":"https:\/\/elcardinal.com\/?p=6750","og_locale":"es_MX","og_type":"article","og_title":"Simey Olvera rinde cuentas ante miles de habitantes de Tulancingo y coloca la seguridad de las familias como una prioridad legislativa - El Cardinal","og_description":"Redacci\u00f3n La seguridad de las familias y el combate frontal a los delitos que lastiman a las mujeres y a los sectores productivos ocuparon un lugar central durante el Segundo Informe de Actividades Legislativas de la senadora Simey Olvera, presentado ante miles de habitantes del Valle de Tulancingo. En la tercera parada de su gira","og_url":"https:\/\/elcardinal.com\/?p=6750","og_site_name":"El Cardinal","article_publisher":"https:\/\/www.facebook.com\/profile.php?id=100063093107011","article_published_time":"2026-08-13T18:58:33+00:00","og_image":[{"width":1600,"height":1066,"url":"https:\/\/elcardinal.com\/wp-content\/uploads\/2026\/08\/WhatsApp-Image-2026-08-12-at-10.31.11-PM.jpeg","type":"image\/jpeg"}],"author":"Antonio Alcaraz","twitter_card":"summary_large_image","twitter_creator":"@ElCardinal_Mx","twitter_site":"@ElCardinal_Mx","twitter_misc":{"Escrito por":"Antonio Alcaraz","Tiempo de lectura":"2 minutos"},"schema":{"@context":"https:\/\/schema.org","@graph":[{"@type":"Article","@id":"https:\/\/elcardinal.com\/?p=6750#article","isPartOf":{"@id":"https:\/\/elcardinal.com\/?p=6750"},"author":{"name":"Antonio Alcaraz","@id":"https:\/\/elcardinal.com\/#\/schema\/person\/3c352ec0a33987fe275c0e8a2ea69f8b"},"headline":"Simey Olvera rinde cuentas ante miles de habitantes de Tulancingo y coloca la seguridad de las familias como una prioridad legislativa","datePublished":"2026-08-13T18:58:33+00:00","mainEntityOfPage":{"@id":"https:\/\/elcardinal.com\/?p=6750"},"wordCount":246,"commentCount":0,"publisher":{"@id":"https:\/\/elcardinal.com\/#organization"},"image":{"@id":"https:\/\/elcardinal.com\/?p=6750#primaryimage"},"thumbnailUrl":"https:\/\/elcardinal.com\/wp-content\/uploads\/2026\/08\/WhatsApp-Image-2026-08-12-at-10.31.11-PM.jpeg","keywords":["Simey Olvera"],"articleSection":["Uncategorized"],"inLanguage":"es","potentialAction":[{"@type":"CommentAction","name":"Comment","target":["https:\/\/elcardinal.com\/?p=6750#respond"]}]},{"@type":"WebPage","@id":"https:\/\/elcardinal.com\/?p=6750","url":"https:\/\/elcardinal.com\/?p=6750","name":"Simey Olvera rinde cuentas ante miles de habitantes de Tulancingo y coloca la seguridad de las familias como una prioridad legislativa - El Cardinal","isPartOf":{"@id":"https:\/\/elcardinal.com\/#website"},"primaryImageOfPage":{"@id":"https:\/\/elcardinal.com\/?p=6750#primaryimage"},"image":{"@id":"https:\/\/elcardinal.com\/?p=6750#primaryimage"},"thumbnailUrl":"https:\/\/elcardinal.com\/wp-content\/uploads\/2026\/08\/WhatsApp-Image-2026-08-12-at-10.31.11-PM.jpeg","datePublished":"2026-08-13T18:58:33+00:00","breadcrumb":{"@id":"https:\/\/elcardinal.com\/?p=6750#breadcrumb"},"inLanguage":"es","potentialAction":[{"@type":"ReadAction","target":["https:\/\/elcardinal.com\/?p=6750"]}]},{"@type":"ImageObject","inLanguage":"es","@id":"https:\/\/elcardinal.com\/?p=6750#primaryimage","url":"https:\/\/elcardinal.com\/wp-content\/uploads\/2026\/08\/WhatsApp-Image-2026-08-12-at-10.31.11-PM.jpeg","contentUrl":"https:\/\/elcardinal.com\/wp-content\/uploads\/2026\/08\/WhatsApp-Image-2026-08-12-at-10.31.11-PM.jpeg","width":1600,"height":1066},{"@type":"BreadcrumbList","@id":"https:\/\/elcardinal.com\/?p=6750#breadcrumb","itemListElement":[{"@type":"ListItem","position":1,"name":"Inicio","item":"https:\/\/elcardinal.com\/"},{"@type":"ListItem","position":2,"name":"Simey Olvera rinde cuentas ante miles de habitantes de Tulancingo y coloca la seguridad de las familias como una prioridad legislativa"}]},{"@type":"WebSite","@id":"https:\/\/elcardinal.com\/#website","url":"https:\/\/elcardinal.com\/","name":"El Cardinal","description":"Periodismo honesto, con valor, sentido humano, a veces sarc\u00e1stico y divertido.","publisher":{"@id":"https:\/\/elcardinal.com\/#organization"},"alternateName":"El Cardinal Noticias","potentialAction":[{"@type":"SearchAction","target":{"@type":"EntryPoint","urlTemplate":"https:\/\/elcardinal.com\/?s={search_term_string}"},"query-input":{"@type":"PropertyValueSpecification","valueRequired":true,"valueName":"search_term_string"}}],"inLanguage":"es"},{"@type":"Organization","@id":"https:\/\/elcardinal.com\/#organization","name":"El Cardinal","url":"https:\/\/elcardinal.com\/","logo":{"@type":"ImageObject","inLanguage":"es","@id":"https:\/\/elcardinal.com\/#\/schema\/logo\/image\/","url":"https:\/\/elcardinal.com\/wp-content\/uploads\/2025\/04\/LOGO-EL-CARDINAL-Periodismo-con-valor.png","contentUrl":"https:\/\/elcardinal.com\/wp-content\/uploads\/2025\/04\/LOGO-EL-CARDINAL-Periodismo-con-valor.png","width":755,"height":636,"caption":"El Cardinal"},"image":{"@id":"https:\/\/elcardinal.com\/#\/schema\/logo\/image\/"},"sameAs":["https:\/\/www.facebook.com\/profile.php?id=100063093107011","https:\/\/x.com\/ElCardinal_Mx"]},{"@type":"Person","@id":"https:\/\/elcardinal.com\/#\/schema\/person\/3c352ec0a33987fe275c0e8a2ea69f8b","name":"Antonio Alcaraz","image":{"@type":"ImageObject","inLanguage":"es","@id":"https:\/\/elcardinal.com\/wp-content\/uploads\/2025\/05\/cropped-TONO-96x96.jpg","url":"https:\/\/elcardinal.com\/wp-content\/uploads\/2025\/05\/cropped-TONO-96x96.jpg","contentUrl":"https:\/\/elcardinal.com\/wp-content\/uploads\/2025\/05\/cropped-TONO-96x96.jpg","caption":"Antonio Alcaraz"},"url":"https:\/\/elcardinal.com\/?author=2"}]}},"_links":{"self":[{"href":"https:\/\/elcardinal.com\/index.php?rest_route=\/wp\/v2\/posts\/6750","targetHints":{"allow":["GET"]}}],"collection":[{"href":"https:\/\/elcardinal.com\/index.php?rest_route=\/wp\/v2\/posts"}],"about":[{"href":"https:\/\/elcardinal.com\/index.php?rest_route=\/wp\/v2\/types\/post"}],"author":[{"embeddable":true,"href":"https:\/\/elcardinal.com\/index.php?rest_route=\/wp\/v2\/users\/2"}],"replies":[{"embeddable":true,"href":"https:\/\/elcardinal.com\/index.php?rest_route=%2Fwp%2Fv2%2Fcomments&post=6750"}],"version-history":[{"count":1,"href":"https:\/\/elcardinal.com\/index.php?rest_route=\/wp\/v2\/posts\/6750\/revisions"}],"predecessor-version":[{"id":6752,"href":"https:\/\/elcardinal.com\/index.php?rest_route=\/wp\/v2\/posts\/6750\/revisions\/6752"}],"wp:featuredmedia":[{"embeddable":true,"href":"https:\/\/elcardinal.com\/index.php?rest_route=\/wp\/v2\/media\/6751"}],"wp:attachment":[{"href":"https:\/\/elcardinal.com\/index.php?rest_route=%2Fwp%2Fv2%2Fmedia&parent=6750"}],"wp:term":[{"taxonomy":"category","embeddable":true,"href":"https:\/\/elcardinal.com\/index.php?rest_route=%2Fwp%2Fv2%2Fcategories&post=6750"},{"taxonomy":"post_tag","embeddable":true,"href":"https:\/\/elcardinal.com\/index.php?rest_route=%2Fwp%2Fv2%2Ftags&post=6750"}],"curies":[{"name":"wp","href":"https:\/\/api.w.org\/{rel}","templated":true}]}}