{"id":6753,"date":"2026-08-13T18:48:26","date_gmt":"2026-08-14T00:48:26","guid":{"rendered":"https:\/\/elcardinal.com\/?p=6753"},"modified":"2026-08-13T18:48:26","modified_gmt":"2026-08-14T00:48:26","slug":"hidalgo-obtiene-reconocimientos-nacionales-en-escuelas-por-la-tierra-2026","status":"publish","type":"post","link":"https:\/\/elcardinal.com\/?p=6753","title":{"rendered":"Hidalgo obtiene reconocimientos nacionales en \u201cEscuelas por la Tierra 2026\u201d"},"content":{"rendered":"<p>Redacci\u00f3n<\/p>\n<p>Hidalgo obtuvo dos reconocimientos nacionales en la edici\u00f3n 2026 de \u201cEscuelas por la Tierra\u201d, iniciativa en la que participaron 400 instituciones educativas de la entidad durante el ciclo escolar 2025-2026, con proyectos orientados al cuidado del medio ambiente y al fortalecimiento de la educaci\u00f3n ambiental.<\/p>\n<p>Los reconocimientos fueron obtenidos por el Jard\u00edn de Ni\u00f1os \u201cOctavio Paz\u201d, de Mineral de la Reforma, que alcanz\u00f3 el segundo lugar nacional en la categor\u00eda de Preescolar, y la escuela primaria General \u201cJaime Nun\u00f3\u201d, de Alfajayucan, que obtuvo el tercer lugar nacional en la categor\u00eda de Primaria.<\/p>\n<p>En representaci\u00f3n del secretario de Educaci\u00f3n P\u00fablica de Hidalgo y titular del Instituto Hidalguense de Educaci\u00f3n (IHE), Natividad Castrej\u00f3n Valdez, y de la titular de la Unidad de Promoci\u00f3n Voluntaria de la SEPH, Virginia Hurtado Salinas, la subsecretaria de Educaci\u00f3n B\u00e1sica, Nancy Adriana Le\u00f3n Vite, particip\u00f3 en el encuentro de entrega de reconocimientos, donde destac\u00f3 el trabajo de las comunidades escolares en favor del cuidado del medio ambiente.<\/p>\n<p>En el \u00e1mbito estatal, los reconocimientos fueron entregados de manera virtual. En la categor\u00eda de Preescolar, el primer lugar correspondi\u00f3 al Jard\u00edn de Ni\u00f1os \u201cOctavio Paz\u201d, de Mineral de la Reforma; el segundo lugar fue para \u201cAntonio L. Lavosier\u201d, de Tepeji del R\u00edo de Ocampo; el tercer lugar al Jard\u00edn de Ni\u00f1os \u201cProfr. Jes\u00fas Vicente Petit Higuera\u201d, de Huejutla de Reyes, y se otorg\u00f3 menci\u00f3n honor\u00edfica al Jard\u00edn de Ni\u00f1os \u201cConstituci\u00f3n de la Independencia\u201d, tambi\u00e9n de Huejutla de Reyes.<\/p>\n<p>En Primaria, el primer lugar fue para la escuela General \u201cJaime Nun\u00f3\u201d, de Alfajayucan; el segundo para la \u201cMiguel Hidalgo\u201d, de Apan, y el tercero para la \u201cLeyes de Reforma\u201d, de Tizayuca. Tambi\u00e9n recibieron menci\u00f3n honor\u00edfica la \u201cJaime Torres Bodet\u201d, de Mineral de la Reforma, y la \u201cMiguel Hidalgo\u201d, de Epazoyucan.<\/p>\n<p>En la categor\u00eda de Secundaria, la escuela Secundaria General 2, de Huejutla de Reyes, obtuvo el primer lugar estatal.<\/p>\n<p>Al evento tambi\u00e9n asistieron el director general de Educaci\u00f3n B\u00e1sica, Leobardo Cano Albarr\u00e1n y el director de Programas y Proyectos de la Subsecretar\u00eda de Educaci\u00f3n B\u00e1sica, Sa\u00fal Badillo G\u00f3mez.<\/p>\n<p>Con estos resultados, la SEPH y el IHE fortalecen las acciones de educaci\u00f3n ambiental y reconocen la participaci\u00f3n de las comunidades escolares en proyectos que promueven el cuidado del medio ambiente desde las aulas.<\/p>\n<p>&nbsp;<\/p>\n","protected":false},"excerpt":{"rendered":"<p>Redacci\u00f3n Hidalgo obtuvo dos reconocimientos nacionales en la edici\u00f3n 2026 de \u201cEscuelas por la Tierra\u201d, iniciativa en la que participaron 400 instituciones educativas de la entidad durante el ciclo escolar 2025-2026, con proyectos orientados al cuidado del medio ambiente y al fortalecimiento de la educaci\u00f3n ambiental. Los reconocimientos fueron obtenidos por el Jard\u00edn de Ni\u00f1os<\/p>\n","protected":false},"author":2,"featured_media":6754,"comment_status":"open","ping_status":"open","sticky":false,"template":"","format":"standard","meta":{"footnotes":""},"categories":[404,31,44],"tags":[403],"class_list":["post-6753","post","type-post","status-publish","format-standard","has-post-thumbnail","category-educacion","category-hidalgo","category-minuto-a-minuto","tag-ihe"],"yoast_head":"<!-- This site is optimized with the Yoast SEO plugin v28.0 - https:\/\/yoast.com\/product\/yoast-seo-wordpress\/ -->\n<title>Hidalgo obtiene reconocimientos nacionales en \u201cEscuelas por la Tierra 2026\u201d - El Cardinal<\/title>\n<meta name=\"robots\" content=\"index, follow, max-snippet:-1, max-image-preview:large, max-video-preview:-1\" \/>\n<link rel=\"canonical\" href=\"https:\/\/elcardinal.com\/?p=6753\" \/>\n<meta property=\"og:locale\" content=\"es_MX\" \/>\n<meta property=\"og:type\" content=\"article\" \/>\n<meta property=\"og:title\" content=\"Hidalgo obtiene reconocimientos nacionales en \u201cEscuelas por la Tierra 2026\u201d - El Cardinal\" \/>\n<meta property=\"og:description\" content=\"Redacci\u00f3n Hidalgo obtuvo dos reconocimientos nacionales en la edici\u00f3n 2026 de \u201cEscuelas por la Tierra\u201d, iniciativa en la que participaron 400 instituciones educativas de la entidad durante el ciclo escolar 2025-2026, con proyectos orientados al cuidado del medio ambiente y al fortalecimiento de la educaci\u00f3n ambiental. Los reconocimientos fueron obtenidos por el Jard\u00edn de Ni\u00f1os\" \/>\n<meta property=\"og:url\" content=\"https:\/\/elcardinal.com\/?p=6753\" \/>\n<meta property=\"og:site_name\" content=\"El Cardinal\" \/>\n<meta property=\"article:publisher\" content=\"https:\/\/www.facebook.com\/profile.php?id=100063093107011\" \/>\n<meta property=\"article:published_time\" content=\"2026-08-14T00:48:26+00:00\" \/>\n<meta property=\"og:image\" content=\"https:\/\/elcardinal.com\/wp-content\/uploads\/2026\/08\/Hidalgo-destaca-en-Escuelas-por-la-Tierra-2026-1.jpeg\" \/>\n\t<meta property=\"og:image:width\" content=\"1496\" \/>\n\t<meta property=\"og:image:height\" content=\"1000\" \/>\n\t<meta property=\"og:image:type\" content=\"image\/jpeg\" \/>\n<meta name=\"author\" content=\"Antonio Alcaraz\" \/>\n<meta name=\"twitter:card\" content=\"summary_large_image\" \/>\n<meta name=\"twitter:creator\" content=\"@ElCardinal_Mx\" \/>\n<meta name=\"twitter:site\" content=\"@ElCardinal_Mx\" \/>\n<meta name=\"twitter:label1\" content=\"Escrito por\" \/>\n\t<meta name=\"twitter:data1\" content=\"Antonio Alcaraz\" \/>\n\t<meta name=\"twitter:label2\" content=\"Tiempo de lectura\" \/>\n\t<meta name=\"twitter:data2\" content=\"2 minutos\" \/>\n<script type=\"application\/ld+json\" class=\"yoast-schema-graph\">{\"@context\":\"https:\\\/\\\/schema.org\",\"@graph\":[{\"@type\":\"Article\",\"@id\":\"https:\\\/\\\/elcardinal.com\\\/?p=6753#article\",\"isPartOf\":{\"@id\":\"https:\\\/\\\/elcardinal.com\\\/?p=6753\"},\"author\":{\"name\":\"Antonio Alcaraz\",\"@id\":\"https:\\\/\\\/elcardinal.com\\\/#\\\/schema\\\/person\\\/3c352ec0a33987fe275c0e8a2ea69f8b\"},\"headline\":\"Hidalgo obtiene reconocimientos nacionales en \u201cEscuelas por la Tierra 2026\u201d\",\"datePublished\":\"2026-08-14T00:48:26+00:00\",\"mainEntityOfPage\":{\"@id\":\"https:\\\/\\\/elcardinal.com\\\/?p=6753\"},\"wordCount\":424,\"commentCount\":0,\"publisher\":{\"@id\":\"https:\\\/\\\/elcardinal.com\\\/#organization\"},\"image\":{\"@id\":\"https:\\\/\\\/elcardinal.com\\\/?p=6753#primaryimage\"},\"thumbnailUrl\":\"https:\\\/\\\/elcardinal.com\\\/wp-content\\\/uploads\\\/2026\\\/08\\\/Hidalgo-destaca-en-Escuelas-por-la-Tierra-2026-1.jpeg\",\"keywords\":[\"IHE\"],\"articleSection\":[\"Educaci\u00f3n\",\"Hidalgo\",\"Minuto a Minuto\"],\"inLanguage\":\"es\",\"potentialAction\":[{\"@type\":\"CommentAction\",\"name\":\"Comment\",\"target\":[\"https:\\\/\\\/elcardinal.com\\\/?p=6753#respond\"]}]},{\"@type\":\"WebPage\",\"@id\":\"https:\\\/\\\/elcardinal.com\\\/?p=6753\",\"url\":\"https:\\\/\\\/elcardinal.com\\\/?p=6753\",\"name\":\"Hidalgo obtiene reconocimientos nacionales en \u201cEscuelas por la Tierra 2026\u201d - El Cardinal\",\"isPartOf\":{\"@id\":\"https:\\\/\\\/elcardinal.com\\\/#website\"},\"primaryImageOfPage\":{\"@id\":\"https:\\\/\\\/elcardinal.com\\\/?p=6753#primaryimage\"},\"image\":{\"@id\":\"https:\\\/\\\/elcardinal.com\\\/?p=6753#primaryimage\"},\"thumbnailUrl\":\"https:\\\/\\\/elcardinal.com\\\/wp-content\\\/uploads\\\/2026\\\/08\\\/Hidalgo-destaca-en-Escuelas-por-la-Tierra-2026-1.jpeg\",\"datePublished\":\"2026-08-14T00:48:26+00:00\",\"breadcrumb\":{\"@id\":\"https:\\\/\\\/elcardinal.com\\\/?p=6753#breadcrumb\"},\"inLanguage\":\"es\",\"potentialAction\":[{\"@type\":\"ReadAction\",\"target\":[\"https:\\\/\\\/elcardinal.com\\\/?p=6753\"]}]},{\"@type\":\"ImageObject\",\"inLanguage\":\"es\",\"@id\":\"https:\\\/\\\/elcardinal.com\\\/?p=6753#primaryimage\",\"url\":\"https:\\\/\\\/elcardinal.com\\\/wp-content\\\/uploads\\\/2026\\\/08\\\/Hidalgo-destaca-en-Escuelas-por-la-Tierra-2026-1.jpeg\",\"contentUrl\":\"https:\\\/\\\/elcardinal.com\\\/wp-content\\\/uploads\\\/2026\\\/08\\\/Hidalgo-destaca-en-Escuelas-por-la-Tierra-2026-1.jpeg\",\"width\":1496,\"height\":1000},{\"@type\":\"BreadcrumbList\",\"@id\":\"https:\\\/\\\/elcardinal.com\\\/?p=6753#breadcrumb\",\"itemListElement\":[{\"@type\":\"ListItem\",\"position\":1,\"name\":\"Inicio\",\"item\":\"https:\\\/\\\/elcardinal.com\\\/\"},{\"@type\":\"ListItem\",\"position\":2,\"name\":\"Hidalgo obtiene reconocimientos nacionales en \u201cEscuelas por la Tierra 2026\u201d\"}]},{\"@type\":\"WebSite\",\"@id\":\"https:\\\/\\\/elcardinal.com\\\/#website\",\"url\":\"https:\\\/\\\/elcardinal.com\\\/\",\"name\":\"El Cardinal\",\"description\":\"Periodismo honesto, con valor, sentido humano, a veces sarc\u00e1stico y divertido.\",\"publisher\":{\"@id\":\"https:\\\/\\\/elcardinal.com\\\/#organization\"},\"alternateName\":\"El Cardinal Noticias\",\"potentialAction\":[{\"@type\":\"SearchAction\",\"target\":{\"@type\":\"EntryPoint\",\"urlTemplate\":\"https:\\\/\\\/elcardinal.com\\\/?s={search_term_string}\"},\"query-input\":{\"@type\":\"PropertyValueSpecification\",\"valueRequired\":true,\"valueName\":\"search_term_string\"}}],\"inLanguage\":\"es\"},{\"@type\":\"Organization\",\"@id\":\"https:\\\/\\\/elcardinal.com\\\/#organization\",\"name\":\"El Cardinal\",\"url\":\"https:\\\/\\\/elcardinal.com\\\/\",\"logo\":{\"@type\":\"ImageObject\",\"inLanguage\":\"es\",\"@id\":\"https:\\\/\\\/elcardinal.com\\\/#\\\/schema\\\/logo\\\/image\\\/\",\"url\":\"https:\\\/\\\/elcardinal.com\\\/wp-content\\\/uploads\\\/2025\\\/04\\\/LOGO-EL-CARDINAL-Periodismo-con-valor.png\",\"contentUrl\":\"https:\\\/\\\/elcardinal.com\\\/wp-content\\\/uploads\\\/2025\\\/04\\\/LOGO-EL-CARDINAL-Periodismo-con-valor.png\",\"width\":755,\"height\":636,\"caption\":\"El Cardinal\"},\"image\":{\"@id\":\"https:\\\/\\\/elcardinal.com\\\/#\\\/schema\\\/logo\\\/image\\\/\"},\"sameAs\":[\"https:\\\/\\\/www.facebook.com\\\/profile.php?id=100063093107011\",\"https:\\\/\\\/x.com\\\/ElCardinal_Mx\"]},{\"@type\":\"Person\",\"@id\":\"https:\\\/\\\/elcardinal.com\\\/#\\\/schema\\\/person\\\/3c352ec0a33987fe275c0e8a2ea69f8b\",\"name\":\"Antonio Alcaraz\",\"image\":{\"@type\":\"ImageObject\",\"inLanguage\":\"es\",\"@id\":\"https:\\\/\\\/elcardinal.com\\\/wp-content\\\/uploads\\\/2025\\\/05\\\/cropped-TONO-96x96.jpg\",\"url\":\"https:\\\/\\\/elcardinal.com\\\/wp-content\\\/uploads\\\/2025\\\/05\\\/cropped-TONO-96x96.jpg\",\"contentUrl\":\"https:\\\/\\\/elcardinal.com\\\/wp-content\\\/uploads\\\/2025\\\/05\\\/cropped-TONO-96x96.jpg\",\"caption\":\"Antonio Alcaraz\"},\"url\":\"https:\\\/\\\/elcardinal.com\\\/?author=2\"}]}<\/script>\n<!-- \/ Yoast SEO plugin. -->","yoast_head_json":{"title":"Hidalgo obtiene reconocimientos nacionales en \u201cEscuelas por la Tierra 2026\u201d - El Cardinal","robots":{"index":"index","follow":"follow","max-snippet":"max-snippet:-1","max-image-preview":"max-image-preview:large","max-video-preview":"max-video-preview:-1"},"canonical":"https:\/\/elcardinal.com\/?p=6753","og_locale":"es_MX","og_type":"article","og_title":"Hidalgo obtiene reconocimientos nacionales en \u201cEscuelas por la Tierra 2026\u201d - El Cardinal","og_description":"Redacci\u00f3n Hidalgo obtuvo dos reconocimientos nacionales en la edici\u00f3n 2026 de \u201cEscuelas por la Tierra\u201d, iniciativa en la que participaron 400 instituciones educativas de la entidad durante el ciclo escolar 2025-2026, con proyectos orientados al cuidado del medio ambiente y al fortalecimiento de la educaci\u00f3n ambiental. Los reconocimientos fueron obtenidos por el Jard\u00edn de Ni\u00f1os","og_url":"https:\/\/elcardinal.com\/?p=6753","og_site_name":"El Cardinal","article_publisher":"https:\/\/www.facebook.com\/profile.php?id=100063093107011","article_published_time":"2026-08-14T00:48:26+00:00","og_image":[{"width":1496,"height":1000,"url":"https:\/\/elcardinal.com\/wp-content\/uploads\/2026\/08\/Hidalgo-destaca-en-Escuelas-por-la-Tierra-2026-1.jpeg","type":"image\/jpeg"}],"author":"Antonio Alcaraz","twitter_card":"summary_large_image","twitter_creator":"@ElCardinal_Mx","twitter_site":"@ElCardinal_Mx","twitter_misc":{"Escrito por":"Antonio Alcaraz","Tiempo de lectura":"2 minutos"},"schema":{"@context":"https:\/\/schema.org","@graph":[{"@type":"Article","@id":"https:\/\/elcardinal.com\/?p=6753#article","isPartOf":{"@id":"https:\/\/elcardinal.com\/?p=6753"},"author":{"name":"Antonio Alcaraz","@id":"https:\/\/elcardinal.com\/#\/schema\/person\/3c352ec0a33987fe275c0e8a2ea69f8b"},"headline":"Hidalgo obtiene reconocimientos nacionales en \u201cEscuelas por la Tierra 2026\u201d","datePublished":"2026-08-14T00:48:26+00:00","mainEntityOfPage":{"@id":"https:\/\/elcardinal.com\/?p=6753"},"wordCount":424,"commentCount":0,"publisher":{"@id":"https:\/\/elcardinal.com\/#organization"},"image":{"@id":"https:\/\/elcardinal.com\/?p=6753#primaryimage"},"thumbnailUrl":"https:\/\/elcardinal.com\/wp-content\/uploads\/2026\/08\/Hidalgo-destaca-en-Escuelas-por-la-Tierra-2026-1.jpeg","keywords":["IHE"],"articleSection":["Educaci\u00f3n","Hidalgo","Minuto a Minuto"],"inLanguage":"es","potentialAction":[{"@type":"CommentAction","name":"Comment","target":["https:\/\/elcardinal.com\/?p=6753#respond"]}]},{"@type":"WebPage","@id":"https:\/\/elcardinal.com\/?p=6753","url":"https:\/\/elcardinal.com\/?p=6753","name":"Hidalgo obtiene reconocimientos nacionales en \u201cEscuelas por la Tierra 2026\u201d - El Cardinal","isPartOf":{"@id":"https:\/\/elcardinal.com\/#website"},"primaryImageOfPage":{"@id":"https:\/\/elcardinal.com\/?p=6753#primaryimage"},"image":{"@id":"https:\/\/elcardinal.com\/?p=6753#primaryimage"},"thumbnailUrl":"https:\/\/elcardinal.com\/wp-content\/uploads\/2026\/08\/Hidalgo-destaca-en-Escuelas-por-la-Tierra-2026-1.jpeg","datePublished":"2026-08-14T00:48:26+00:00","breadcrumb":{"@id":"https:\/\/elcardinal.com\/?p=6753#breadcrumb"},"inLanguage":"es","potentialAction":[{"@type":"ReadAction","target":["https:\/\/elcardinal.com\/?p=6753"]}]},{"@type":"ImageObject","inLanguage":"es","@id":"https:\/\/elcardinal.com\/?p=6753#primaryimage","url":"https:\/\/elcardinal.com\/wp-content\/uploads\/2026\/08\/Hidalgo-destaca-en-Escuelas-por-la-Tierra-2026-1.jpeg","contentUrl":"https:\/\/elcardinal.com\/wp-content\/uploads\/2026\/08\/Hidalgo-destaca-en-Escuelas-por-la-Tierra-2026-1.jpeg","width":1496,"height":1000},{"@type":"BreadcrumbList","@id":"https:\/\/elcardinal.com\/?p=6753#breadcrumb","itemListElement":[{"@type":"ListItem","position":1,"name":"Inicio","item":"https:\/\/elcardinal.com\/"},{"@type":"ListItem","position":2,"name":"Hidalgo obtiene reconocimientos nacionales en \u201cEscuelas por la Tierra 2026\u201d"}]},{"@type":"WebSite","@id":"https:\/\/elcardinal.com\/#website","url":"https:\/\/elcardinal.com\/","name":"El Cardinal","description":"Periodismo honesto, con valor, sentido humano, a veces sarc\u00e1stico y divertido.","publisher":{"@id":"https:\/\/elcardinal.com\/#organization"},"alternateName":"El Cardinal Noticias","potentialAction":[{"@type":"SearchAction","target":{"@type":"EntryPoint","urlTemplate":"https:\/\/elcardinal.com\/?s={search_term_string}"},"query-input":{"@type":"PropertyValueSpecification","valueRequired":true,"valueName":"search_term_string"}}],"inLanguage":"es"},{"@type":"Organization","@id":"https:\/\/elcardinal.com\/#organization","name":"El Cardinal","url":"https:\/\/elcardinal.com\/","logo":{"@type":"ImageObject","inLanguage":"es","@id":"https:\/\/elcardinal.com\/#\/schema\/logo\/image\/","url":"https:\/\/elcardinal.com\/wp-content\/uploads\/2025\/04\/LOGO-EL-CARDINAL-Periodismo-con-valor.png","contentUrl":"https:\/\/elcardinal.com\/wp-content\/uploads\/2025\/04\/LOGO-EL-CARDINAL-Periodismo-con-valor.png","width":755,"height":636,"caption":"El Cardinal"},"image":{"@id":"https:\/\/elcardinal.com\/#\/schema\/logo\/image\/"},"sameAs":["https:\/\/www.facebook.com\/profile.php?id=100063093107011","https:\/\/x.com\/ElCardinal_Mx"]},{"@type":"Person","@id":"https:\/\/elcardinal.com\/#\/schema\/person\/3c352ec0a33987fe275c0e8a2ea69f8b","name":"Antonio Alcaraz","image":{"@type":"ImageObject","inLanguage":"es","@id":"https:\/\/elcardinal.com\/wp-content\/uploads\/2025\/05\/cropped-TONO-96x96.jpg","url":"https:\/\/elcardinal.com\/wp-content\/uploads\/2025\/05\/cropped-TONO-96x96.jpg","contentUrl":"https:\/\/elcardinal.com\/wp-content\/uploads\/2025\/05\/cropped-TONO-96x96.jpg","caption":"Antonio Alcaraz"},"url":"https:\/\/elcardinal.com\/?author=2"}]}},"_links":{"self":[{"href":"https:\/\/elcardinal.com\/index.php?rest_route=\/wp\/v2\/posts\/6753","targetHints":{"allow":["GET"]}}],"collection":[{"href":"https:\/\/elcardinal.com\/index.php?rest_route=\/wp\/v2\/posts"}],"about":[{"href":"https:\/\/elcardinal.com\/index.php?rest_route=\/wp\/v2\/types\/post"}],"author":[{"embeddable":true,"href":"https:\/\/elcardinal.com\/index.php?rest_route=\/wp\/v2\/users\/2"}],"replies":[{"embeddable":true,"href":"https:\/\/elcardinal.com\/index.php?rest_route=%2Fwp%2Fv2%2Fcomments&post=6753"}],"version-history":[{"count":1,"href":"https:\/\/elcardinal.com\/index.php?rest_route=\/wp\/v2\/posts\/6753\/revisions"}],"predecessor-version":[{"id":6755,"href":"https:\/\/elcardinal.com\/index.php?rest_route=\/wp\/v2\/posts\/6753\/revisions\/6755"}],"wp:featuredmedia":[{"embeddable":true,"href":"https:\/\/elcardinal.com\/index.php?rest_route=\/wp\/v2\/media\/6754"}],"wp:attachment":[{"href":"https:\/\/elcardinal.com\/index.php?rest_route=%2Fwp%2Fv2%2Fmedia&parent=6753"}],"wp:term":[{"taxonomy":"category","embeddable":true,"href":"https:\/\/elcardinal.com\/index.php?rest_route=%2Fwp%2Fv2%2Fcategories&post=6753"},{"taxonomy":"post_tag","embeddable":true,"href":"https:\/\/elcardinal.com\/index.php?rest_route=%2Fwp%2Fv2%2Ftags&post=6753"}],"curies":[{"name":"wp","href":"https:\/\/api.w.org\/{rel}","templated":true}]}}