{"id":6760,"date":"2026-08-15T14:24:34","date_gmt":"2026-08-15T20:24:34","guid":{"rendered":"https:\/\/elcardinal.com\/?p=6760"},"modified":"2026-08-15T14:24:34","modified_gmt":"2026-08-15T20:24:34","slug":"seph-promueve-entornos-escolares-seguros-inclusivos-y-libres-de-violencia","status":"publish","type":"post","link":"https:\/\/elcardinal.com\/?p=6760","title":{"rendered":"SEPH promueve entornos escolares seguros, inclusivos y libres de violencia"},"content":{"rendered":"<p>Redacci\u00f3n<\/p>\n<p><span style=\"font-size: 14px;\">La Secretar\u00eda de Educaci\u00f3n P\u00fablica de Hidalgo (SEPH) fortalece las acciones de prevenci\u00f3n y atenci\u00f3n mediante el Programa Estatal para la Prevenci\u00f3n, Atenci\u00f3n y Erradicaci\u00f3n de la Violencia Escolar (PEPAEVE), con estrategias orientadas a promover entornos escolares seguros, inclusivos y libres de violencia, as\u00ed como una convivencia pac\u00edfica en las comunidades educativas.<\/span><\/p>\n<p><span style=\"font-weight: 400;\">El secretario de Educaci\u00f3n P\u00fablica de Hidalgo, Natividad Castrej\u00f3n Valdez, destac\u00f3 que, en la administraci\u00f3n que encabeza el gobernador Julio Menchaca Salazar, la protecci\u00f3n de los derechos de ni\u00f1as, ni\u00f1os y adolescentes constituye una prioridad, por lo que se impulsan acciones para fortalecer la cultura de la paz, el respeto, la inclusi\u00f3n y la sana convivencia en las escuelas de la entidad.<\/span><\/p>\n<p><span style=\"font-weight: 400;\">Se\u00f1al\u00f3 que, mediante acciones de prevenci\u00f3n, orientaci\u00f3n, capacitaci\u00f3n y acompa\u00f1amiento, el PEPAEVE promueve la participaci\u00f3n de madres y padres de familia, personas tutoras, personal docente, directivo y de apoyo, con el prop\u00f3sito de fortalecer la corresponsabilidad en la identificaci\u00f3n y atenci\u00f3n de situaciones que puedan afectar la integridad f\u00edsica, emocional o social de las y los estudiantes.<\/span><\/p>\n<p><span style=\"font-weight: 400;\">Entre las principales acciones del programa se encuentran la impartici\u00f3n de pl\u00e1ticas did\u00e1ctico-informativas, actividades formativas y estrategias de sensibilizaci\u00f3n dirigidas a la comunidad educativa, as\u00ed como acciones para la prevenci\u00f3n y atenci\u00f3n de la violencia escolar, bajo el principio del inter\u00e9s superior de la ni\u00f1ez y la adolescencia.<\/span><\/p>\n<p><span style=\"font-weight: 400;\">Asimismo, el programa brinda asesor\u00eda y acompa\u00f1amiento a los planteles para la implementaci\u00f3n de los marcos normativos y de los Protocolos para la Prevenci\u00f3n, Detecci\u00f3n y Actuaci\u00f3n en casos de Abuso Sexual Infantil, Acoso Escolar, Maltrato Infantil, Sexting y Ciberacoso en las escuelas de educaci\u00f3n b\u00e1sica de Hidalgo.<\/span><\/p>\n<p><span style=\"font-weight: 400;\">Estas acciones permiten fortalecer la capacidad institucional de los planteles para actuar de manera oportuna ante situaciones que puedan vulnerar los derechos de las y los estudiantes, adem\u00e1s de promover medidas de prevenci\u00f3n y atenci\u00f3n dentro de las comunidades escolares.<\/span><\/p>\n<p><span style=\"font-weight: 400;\">Natividad Castrej\u00f3n explic\u00f3 que el PEPAEVE tambi\u00e9n proporciona orientaci\u00f3n t\u00e9cnica a las autoridades educativas para la atenci\u00f3n de reportes relacionados con situaciones de violencia escolar, con apego a los derechos humanos, el debido proceso y la protecci\u00f3n integral de ni\u00f1as, ni\u00f1os y adolescentes.<\/span><\/p>\n<p><span style=\"font-weight: 400;\">Finalmente, destac\u00f3 que estas acciones se desarrollan de manera coordinada con diversas dependencias gubernamentales y organismos especializados, con el prop\u00f3sito de fortalecer las estrategias de prevenci\u00f3n y brindar una atenci\u00f3n integral que contribuya a garantizar ambientes escolares seguros, inclusivos y propicios para el aprendizaje en beneficio de las y los estudiantes hidalguenses.<\/span><\/p>\n<p>&nbsp;<\/p>\n","protected":false},"excerpt":{"rendered":"<p>Redacci\u00f3n La Secretar\u00eda de Educaci\u00f3n P\u00fablica de Hidalgo (SEPH) fortalece las acciones de prevenci\u00f3n y atenci\u00f3n mediante el Programa Estatal para la Prevenci\u00f3n, Atenci\u00f3n y Erradicaci\u00f3n de la Violencia Escolar (PEPAEVE), con estrategias orientadas a promover entornos escolares seguros, inclusivos y libres de violencia, as\u00ed como una convivencia pac\u00edfica en las comunidades educativas. El secretario<\/p>\n","protected":false},"author":2,"featured_media":6761,"comment_status":"open","ping_status":"open","sticky":false,"template":"","format":"standard","meta":{"footnotes":""},"categories":[404,31,44],"tags":[],"class_list":["post-6760","post","type-post","status-publish","format-standard","has-post-thumbnail","category-educacion","category-hidalgo","category-minuto-a-minuto"],"yoast_head":"<!-- This site is optimized with the Yoast SEO plugin v28.0 - https:\/\/yoast.com\/product\/yoast-seo-wordpress\/ -->\n<title>SEPH promueve entornos escolares seguros, inclusivos y libres de violencia - El Cardinal<\/title>\n<meta name=\"robots\" content=\"index, follow, max-snippet:-1, max-image-preview:large, max-video-preview:-1\" \/>\n<link rel=\"canonical\" href=\"https:\/\/elcardinal.com\/?p=6760\" \/>\n<meta property=\"og:locale\" content=\"es_MX\" \/>\n<meta property=\"og:type\" content=\"article\" \/>\n<meta property=\"og:title\" content=\"SEPH promueve entornos escolares seguros, inclusivos y libres de violencia - El Cardinal\" \/>\n<meta property=\"og:description\" content=\"Redacci\u00f3n La Secretar\u00eda de Educaci\u00f3n P\u00fablica de Hidalgo (SEPH) fortalece las acciones de prevenci\u00f3n y atenci\u00f3n mediante el Programa Estatal para la Prevenci\u00f3n, Atenci\u00f3n y Erradicaci\u00f3n de la Violencia Escolar (PEPAEVE), con estrategias orientadas a promover entornos escolares seguros, inclusivos y libres de violencia, as\u00ed como una convivencia pac\u00edfica en las comunidades educativas. El secretario\" \/>\n<meta property=\"og:url\" content=\"https:\/\/elcardinal.com\/?p=6760\" \/>\n<meta property=\"og:site_name\" content=\"El Cardinal\" \/>\n<meta property=\"article:publisher\" content=\"https:\/\/www.facebook.com\/profile.php?id=100063093107011\" \/>\n<meta property=\"article:published_time\" content=\"2026-08-15T20:24:34+00:00\" \/>\n<meta property=\"og:image\" content=\"https:\/\/elcardinal.com\/wp-content\/uploads\/2026\/08\/SEPH-promueve-entornos-escolares-seguros-inclusivos-y-libres-de-violencia.jpeg\" \/>\n\t<meta property=\"og:image:width\" content=\"1280\" \/>\n\t<meta property=\"og:image:height\" content=\"854\" \/>\n\t<meta property=\"og:image:type\" content=\"image\/jpeg\" \/>\n<meta name=\"author\" content=\"Antonio Alcaraz\" \/>\n<meta name=\"twitter:card\" content=\"summary_large_image\" \/>\n<meta name=\"twitter:creator\" content=\"@ElCardinal_Mx\" \/>\n<meta name=\"twitter:site\" content=\"@ElCardinal_Mx\" \/>\n<meta name=\"twitter:label1\" content=\"Escrito por\" \/>\n\t<meta name=\"twitter:data1\" content=\"Antonio Alcaraz\" \/>\n\t<meta name=\"twitter:label2\" content=\"Tiempo de lectura\" \/>\n\t<meta name=\"twitter:data2\" content=\"3 minutos\" \/>\n<script type=\"application\/ld+json\" class=\"yoast-schema-graph\">{\"@context\":\"https:\\\/\\\/schema.org\",\"@graph\":[{\"@type\":\"Article\",\"@id\":\"https:\\\/\\\/elcardinal.com\\\/?p=6760#article\",\"isPartOf\":{\"@id\":\"https:\\\/\\\/elcardinal.com\\\/?p=6760\"},\"author\":{\"name\":\"Antonio Alcaraz\",\"@id\":\"https:\\\/\\\/elcardinal.com\\\/#\\\/schema\\\/person\\\/3c352ec0a33987fe275c0e8a2ea69f8b\"},\"headline\":\"SEPH promueve entornos escolares seguros, inclusivos y libres de violencia\",\"datePublished\":\"2026-08-15T20:24:34+00:00\",\"mainEntityOfPage\":{\"@id\":\"https:\\\/\\\/elcardinal.com\\\/?p=6760\"},\"wordCount\":472,\"commentCount\":0,\"publisher\":{\"@id\":\"https:\\\/\\\/elcardinal.com\\\/#organization\"},\"image\":{\"@id\":\"https:\\\/\\\/elcardinal.com\\\/?p=6760#primaryimage\"},\"thumbnailUrl\":\"https:\\\/\\\/elcardinal.com\\\/wp-content\\\/uploads\\\/2026\\\/08\\\/SEPH-promueve-entornos-escolares-seguros-inclusivos-y-libres-de-violencia.jpeg\",\"articleSection\":[\"Educaci\u00f3n\",\"Hidalgo\",\"Minuto a Minuto\"],\"inLanguage\":\"es\",\"potentialAction\":[{\"@type\":\"CommentAction\",\"name\":\"Comment\",\"target\":[\"https:\\\/\\\/elcardinal.com\\\/?p=6760#respond\"]}]},{\"@type\":\"WebPage\",\"@id\":\"https:\\\/\\\/elcardinal.com\\\/?p=6760\",\"url\":\"https:\\\/\\\/elcardinal.com\\\/?p=6760\",\"name\":\"SEPH promueve entornos escolares seguros, inclusivos y libres de violencia - El Cardinal\",\"isPartOf\":{\"@id\":\"https:\\\/\\\/elcardinal.com\\\/#website\"},\"primaryImageOfPage\":{\"@id\":\"https:\\\/\\\/elcardinal.com\\\/?p=6760#primaryimage\"},\"image\":{\"@id\":\"https:\\\/\\\/elcardinal.com\\\/?p=6760#primaryimage\"},\"thumbnailUrl\":\"https:\\\/\\\/elcardinal.com\\\/wp-content\\\/uploads\\\/2026\\\/08\\\/SEPH-promueve-entornos-escolares-seguros-inclusivos-y-libres-de-violencia.jpeg\",\"datePublished\":\"2026-08-15T20:24:34+00:00\",\"breadcrumb\":{\"@id\":\"https:\\\/\\\/elcardinal.com\\\/?p=6760#breadcrumb\"},\"inLanguage\":\"es\",\"potentialAction\":[{\"@type\":\"ReadAction\",\"target\":[\"https:\\\/\\\/elcardinal.com\\\/?p=6760\"]}]},{\"@type\":\"ImageObject\",\"inLanguage\":\"es\",\"@id\":\"https:\\\/\\\/elcardinal.com\\\/?p=6760#primaryimage\",\"url\":\"https:\\\/\\\/elcardinal.com\\\/wp-content\\\/uploads\\\/2026\\\/08\\\/SEPH-promueve-entornos-escolares-seguros-inclusivos-y-libres-de-violencia.jpeg\",\"contentUrl\":\"https:\\\/\\\/elcardinal.com\\\/wp-content\\\/uploads\\\/2026\\\/08\\\/SEPH-promueve-entornos-escolares-seguros-inclusivos-y-libres-de-violencia.jpeg\",\"width\":1280,\"height\":854},{\"@type\":\"BreadcrumbList\",\"@id\":\"https:\\\/\\\/elcardinal.com\\\/?p=6760#breadcrumb\",\"itemListElement\":[{\"@type\":\"ListItem\",\"position\":1,\"name\":\"Inicio\",\"item\":\"https:\\\/\\\/elcardinal.com\\\/\"},{\"@type\":\"ListItem\",\"position\":2,\"name\":\"SEPH promueve entornos escolares seguros, inclusivos y libres de violencia\"}]},{\"@type\":\"WebSite\",\"@id\":\"https:\\\/\\\/elcardinal.com\\\/#website\",\"url\":\"https:\\\/\\\/elcardinal.com\\\/\",\"name\":\"El Cardinal\",\"description\":\"Periodismo honesto, con valor, sentido humano, a veces sarc\u00e1stico y divertido.\",\"publisher\":{\"@id\":\"https:\\\/\\\/elcardinal.com\\\/#organization\"},\"alternateName\":\"El Cardinal Noticias\",\"potentialAction\":[{\"@type\":\"SearchAction\",\"target\":{\"@type\":\"EntryPoint\",\"urlTemplate\":\"https:\\\/\\\/elcardinal.com\\\/?s={search_term_string}\"},\"query-input\":{\"@type\":\"PropertyValueSpecification\",\"valueRequired\":true,\"valueName\":\"search_term_string\"}}],\"inLanguage\":\"es\"},{\"@type\":\"Organization\",\"@id\":\"https:\\\/\\\/elcardinal.com\\\/#organization\",\"name\":\"El Cardinal\",\"url\":\"https:\\\/\\\/elcardinal.com\\\/\",\"logo\":{\"@type\":\"ImageObject\",\"inLanguage\":\"es\",\"@id\":\"https:\\\/\\\/elcardinal.com\\\/#\\\/schema\\\/logo\\\/image\\\/\",\"url\":\"https:\\\/\\\/elcardinal.com\\\/wp-content\\\/uploads\\\/2025\\\/04\\\/LOGO-EL-CARDINAL-Periodismo-con-valor.png\",\"contentUrl\":\"https:\\\/\\\/elcardinal.com\\\/wp-content\\\/uploads\\\/2025\\\/04\\\/LOGO-EL-CARDINAL-Periodismo-con-valor.png\",\"width\":755,\"height\":636,\"caption\":\"El Cardinal\"},\"image\":{\"@id\":\"https:\\\/\\\/elcardinal.com\\\/#\\\/schema\\\/logo\\\/image\\\/\"},\"sameAs\":[\"https:\\\/\\\/www.facebook.com\\\/profile.php?id=100063093107011\",\"https:\\\/\\\/x.com\\\/ElCardinal_Mx\"]},{\"@type\":\"Person\",\"@id\":\"https:\\\/\\\/elcardinal.com\\\/#\\\/schema\\\/person\\\/3c352ec0a33987fe275c0e8a2ea69f8b\",\"name\":\"Antonio Alcaraz\",\"image\":{\"@type\":\"ImageObject\",\"inLanguage\":\"es\",\"@id\":\"https:\\\/\\\/elcardinal.com\\\/wp-content\\\/uploads\\\/2025\\\/05\\\/cropped-TONO-96x96.jpg\",\"url\":\"https:\\\/\\\/elcardinal.com\\\/wp-content\\\/uploads\\\/2025\\\/05\\\/cropped-TONO-96x96.jpg\",\"contentUrl\":\"https:\\\/\\\/elcardinal.com\\\/wp-content\\\/uploads\\\/2025\\\/05\\\/cropped-TONO-96x96.jpg\",\"caption\":\"Antonio Alcaraz\"},\"url\":\"https:\\\/\\\/elcardinal.com\\\/?author=2\"}]}<\/script>\n<!-- \/ Yoast SEO plugin. -->","yoast_head_json":{"title":"SEPH promueve entornos escolares seguros, inclusivos y libres de violencia - El Cardinal","robots":{"index":"index","follow":"follow","max-snippet":"max-snippet:-1","max-image-preview":"max-image-preview:large","max-video-preview":"max-video-preview:-1"},"canonical":"https:\/\/elcardinal.com\/?p=6760","og_locale":"es_MX","og_type":"article","og_title":"SEPH promueve entornos escolares seguros, inclusivos y libres de violencia - El Cardinal","og_description":"Redacci\u00f3n La Secretar\u00eda de Educaci\u00f3n P\u00fablica de Hidalgo (SEPH) fortalece las acciones de prevenci\u00f3n y atenci\u00f3n mediante el Programa Estatal para la Prevenci\u00f3n, Atenci\u00f3n y Erradicaci\u00f3n de la Violencia Escolar (PEPAEVE), con estrategias orientadas a promover entornos escolares seguros, inclusivos y libres de violencia, as\u00ed como una convivencia pac\u00edfica en las comunidades educativas. El secretario","og_url":"https:\/\/elcardinal.com\/?p=6760","og_site_name":"El Cardinal","article_publisher":"https:\/\/www.facebook.com\/profile.php?id=100063093107011","article_published_time":"2026-08-15T20:24:34+00:00","og_image":[{"width":1280,"height":854,"url":"https:\/\/elcardinal.com\/wp-content\/uploads\/2026\/08\/SEPH-promueve-entornos-escolares-seguros-inclusivos-y-libres-de-violencia.jpeg","type":"image\/jpeg"}],"author":"Antonio Alcaraz","twitter_card":"summary_large_image","twitter_creator":"@ElCardinal_Mx","twitter_site":"@ElCardinal_Mx","twitter_misc":{"Escrito por":"Antonio Alcaraz","Tiempo de lectura":"3 minutos"},"schema":{"@context":"https:\/\/schema.org","@graph":[{"@type":"Article","@id":"https:\/\/elcardinal.com\/?p=6760#article","isPartOf":{"@id":"https:\/\/elcardinal.com\/?p=6760"},"author":{"name":"Antonio Alcaraz","@id":"https:\/\/elcardinal.com\/#\/schema\/person\/3c352ec0a33987fe275c0e8a2ea69f8b"},"headline":"SEPH promueve entornos escolares seguros, inclusivos y libres de violencia","datePublished":"2026-08-15T20:24:34+00:00","mainEntityOfPage":{"@id":"https:\/\/elcardinal.com\/?p=6760"},"wordCount":472,"commentCount":0,"publisher":{"@id":"https:\/\/elcardinal.com\/#organization"},"image":{"@id":"https:\/\/elcardinal.com\/?p=6760#primaryimage"},"thumbnailUrl":"https:\/\/elcardinal.com\/wp-content\/uploads\/2026\/08\/SEPH-promueve-entornos-escolares-seguros-inclusivos-y-libres-de-violencia.jpeg","articleSection":["Educaci\u00f3n","Hidalgo","Minuto a Minuto"],"inLanguage":"es","potentialAction":[{"@type":"CommentAction","name":"Comment","target":["https:\/\/elcardinal.com\/?p=6760#respond"]}]},{"@type":"WebPage","@id":"https:\/\/elcardinal.com\/?p=6760","url":"https:\/\/elcardinal.com\/?p=6760","name":"SEPH promueve entornos escolares seguros, inclusivos y libres de violencia - El Cardinal","isPartOf":{"@id":"https:\/\/elcardinal.com\/#website"},"primaryImageOfPage":{"@id":"https:\/\/elcardinal.com\/?p=6760#primaryimage"},"image":{"@id":"https:\/\/elcardinal.com\/?p=6760#primaryimage"},"thumbnailUrl":"https:\/\/elcardinal.com\/wp-content\/uploads\/2026\/08\/SEPH-promueve-entornos-escolares-seguros-inclusivos-y-libres-de-violencia.jpeg","datePublished":"2026-08-15T20:24:34+00:00","breadcrumb":{"@id":"https:\/\/elcardinal.com\/?p=6760#breadcrumb"},"inLanguage":"es","potentialAction":[{"@type":"ReadAction","target":["https:\/\/elcardinal.com\/?p=6760"]}]},{"@type":"ImageObject","inLanguage":"es","@id":"https:\/\/elcardinal.com\/?p=6760#primaryimage","url":"https:\/\/elcardinal.com\/wp-content\/uploads\/2026\/08\/SEPH-promueve-entornos-escolares-seguros-inclusivos-y-libres-de-violencia.jpeg","contentUrl":"https:\/\/elcardinal.com\/wp-content\/uploads\/2026\/08\/SEPH-promueve-entornos-escolares-seguros-inclusivos-y-libres-de-violencia.jpeg","width":1280,"height":854},{"@type":"BreadcrumbList","@id":"https:\/\/elcardinal.com\/?p=6760#breadcrumb","itemListElement":[{"@type":"ListItem","position":1,"name":"Inicio","item":"https:\/\/elcardinal.com\/"},{"@type":"ListItem","position":2,"name":"SEPH promueve entornos escolares seguros, inclusivos y libres de violencia"}]},{"@type":"WebSite","@id":"https:\/\/elcardinal.com\/#website","url":"https:\/\/elcardinal.com\/","name":"El Cardinal","description":"Periodismo honesto, con valor, sentido humano, a veces sarc\u00e1stico y divertido.","publisher":{"@id":"https:\/\/elcardinal.com\/#organization"},"alternateName":"El Cardinal Noticias","potentialAction":[{"@type":"SearchAction","target":{"@type":"EntryPoint","urlTemplate":"https:\/\/elcardinal.com\/?s={search_term_string}"},"query-input":{"@type":"PropertyValueSpecification","valueRequired":true,"valueName":"search_term_string"}}],"inLanguage":"es"},{"@type":"Organization","@id":"https:\/\/elcardinal.com\/#organization","name":"El Cardinal","url":"https:\/\/elcardinal.com\/","logo":{"@type":"ImageObject","inLanguage":"es","@id":"https:\/\/elcardinal.com\/#\/schema\/logo\/image\/","url":"https:\/\/elcardinal.com\/wp-content\/uploads\/2025\/04\/LOGO-EL-CARDINAL-Periodismo-con-valor.png","contentUrl":"https:\/\/elcardinal.com\/wp-content\/uploads\/2025\/04\/LOGO-EL-CARDINAL-Periodismo-con-valor.png","width":755,"height":636,"caption":"El Cardinal"},"image":{"@id":"https:\/\/elcardinal.com\/#\/schema\/logo\/image\/"},"sameAs":["https:\/\/www.facebook.com\/profile.php?id=100063093107011","https:\/\/x.com\/ElCardinal_Mx"]},{"@type":"Person","@id":"https:\/\/elcardinal.com\/#\/schema\/person\/3c352ec0a33987fe275c0e8a2ea69f8b","name":"Antonio Alcaraz","image":{"@type":"ImageObject","inLanguage":"es","@id":"https:\/\/elcardinal.com\/wp-content\/uploads\/2025\/05\/cropped-TONO-96x96.jpg","url":"https:\/\/elcardinal.com\/wp-content\/uploads\/2025\/05\/cropped-TONO-96x96.jpg","contentUrl":"https:\/\/elcardinal.com\/wp-content\/uploads\/2025\/05\/cropped-TONO-96x96.jpg","caption":"Antonio Alcaraz"},"url":"https:\/\/elcardinal.com\/?author=2"}]}},"_links":{"self":[{"href":"https:\/\/elcardinal.com\/index.php?rest_route=\/wp\/v2\/posts\/6760","targetHints":{"allow":["GET"]}}],"collection":[{"href":"https:\/\/elcardinal.com\/index.php?rest_route=\/wp\/v2\/posts"}],"about":[{"href":"https:\/\/elcardinal.com\/index.php?rest_route=\/wp\/v2\/types\/post"}],"author":[{"embeddable":true,"href":"https:\/\/elcardinal.com\/index.php?rest_route=\/wp\/v2\/users\/2"}],"replies":[{"embeddable":true,"href":"https:\/\/elcardinal.com\/index.php?rest_route=%2Fwp%2Fv2%2Fcomments&post=6760"}],"version-history":[{"count":1,"href":"https:\/\/elcardinal.com\/index.php?rest_route=\/wp\/v2\/posts\/6760\/revisions"}],"predecessor-version":[{"id":6762,"href":"https:\/\/elcardinal.com\/index.php?rest_route=\/wp\/v2\/posts\/6760\/revisions\/6762"}],"wp:featuredmedia":[{"embeddable":true,"href":"https:\/\/elcardinal.com\/index.php?rest_route=\/wp\/v2\/media\/6761"}],"wp:attachment":[{"href":"https:\/\/elcardinal.com\/index.php?rest_route=%2Fwp%2Fv2%2Fmedia&parent=6760"}],"wp:term":[{"taxonomy":"category","embeddable":true,"href":"https:\/\/elcardinal.com\/index.php?rest_route=%2Fwp%2Fv2%2Fcategories&post=6760"},{"taxonomy":"post_tag","embeddable":true,"href":"https:\/\/elcardinal.com\/index.php?rest_route=%2Fwp%2Fv2%2Ftags&post=6760"}],"curies":[{"name":"wp","href":"https:\/\/api.w.org\/{rel}","templated":true}]}}