{"id":6763,"date":"2026-08-16T19:31:19","date_gmt":"2026-08-17T01:31:19","guid":{"rendered":"https:\/\/elcardinal.com\/?p=6763"},"modified":"2026-08-17T19:32:13","modified_gmt":"2026-08-18T01:32:13","slug":"seph-beneficia-a-mas-de-28-mil-estudiantes-con-programa-de-salud-visual","status":"publish","type":"post","link":"https:\/\/elcardinal.com\/?p=6763","title":{"rendered":"SEPH beneficia a m\u00e1s de 28 mil estudiantes con programa de salud visual"},"content":{"rendered":"<p>Redacci\u00f3n<\/p>\n<p><span style=\"font-weight: 400;\">Durante el ciclo escolar 2025-2026, la Secretar\u00eda de Educaci\u00f3n P\u00fablica de Hidalgo (SEPH), a trav\u00e9s de la Direcci\u00f3n de Servicios de Apoyo a la Educaci\u00f3n, benefici\u00f3 a 28 mil 685 ni\u00f1as y ni\u00f1os de m\u00e1s de 900 escuelas de educaci\u00f3n b\u00e1sica y 22 Centros de Atenci\u00f3n M\u00faltiple (CAM), mediante el programa <\/span><i><span style=\"font-weight: 400;\">Ver Bien para Aprender Mejor<\/span><\/i><span style=\"font-weight: 400;\">, orientado a fortalecer la salud visual y favorecer el aprendizaje de las y los estudiantes.<\/span><\/p>\n<p><span style=\"font-weight: 400;\">El secretario de Educaci\u00f3n P\u00fablica de Hidalgo, Natividad Castrej\u00f3n Valdez, inform\u00f3 que durante este periodo se realizaron 117 mil 790 detecciones optom\u00e9tricas, lo que permiti\u00f3 identificar oportunamente problemas visuales que pueden afectar el desempe\u00f1o escolar.<\/span><\/p>\n<p><span style=\"font-weight: 400;\">El funcionario destac\u00f3 que estas acciones forman parte de la pol\u00edtica educativa impulsada por el gobernador Julio Menchaca Salazar, que promueve programas orientados al bienestar, la inclusi\u00f3n y el desarrollo de ni\u00f1as, ni\u00f1os y adolescentes en las escuelas de la entidad.<\/span><\/p>\n<p><span style=\"font-weight: 400;\">Entre los municipios con mayor n\u00famero de atenciones destacan Pachuca de Soto, con 11 mil 588 detecciones optom\u00e9tricas y 4 mil 443 estudiantes beneficiados; Mineral de la Reforma, con 11 mil 011 detecciones y 4 mil 488 beneficiados.\u00a0<\/span><\/p>\n<p><span style=\"font-weight: 400;\">Adem\u00e1s, de Atotonilco de Tula, con 8 mil 099 detecciones y 2 mil 234 beneficiados; Tepeji del R\u00edo, con 7 mil 456 detecciones y mil 028 beneficiados; Zempoala, con 5 mil 186 detecciones y mil 594 beneficiados, y Acatl\u00e1n, con 3 mil 113 detecciones y 457 beneficiados.<\/span><\/p>\n<p><span style=\"font-weight: 400;\">Natividad Castrej\u00f3n reconoci\u00f3 el compromiso y la colaboraci\u00f3n de la Fundaci\u00f3n <\/span><i><span style=\"font-weight: 400;\">Ver Bien para Aprender Mejor<\/span><\/i><span style=\"font-weight: 400;\">, cuya participaci\u00f3n ha permitido acercar servicios de salud visual a las comunidades escolares y contribuir a que las y los estudiantes cuenten con mejores condiciones para su aprendizaje y desarrollo acad\u00e9mico.<\/span><\/p>\n<p><span style=\"font-weight: 400;\">Con estas acciones, la SEPH fortalece las estrategias de atenci\u00f3n integral al alumnado y refrenda el compromiso de la administraci\u00f3n estatal de generar mejores condiciones para el aprendizaje y favorecer una trayectoria escolar exitosa.<\/span><\/p>\n","protected":false},"excerpt":{"rendered":"<p>Redacci\u00f3n Durante el ciclo escolar 2025-2026, la Secretar\u00eda de Educaci\u00f3n P\u00fablica de Hidalgo (SEPH), a trav\u00e9s de la Direcci\u00f3n de Servicios de Apoyo a la Educaci\u00f3n, benefici\u00f3 a 28 mil 685 ni\u00f1as y ni\u00f1os de m\u00e1s de 900 escuelas de educaci\u00f3n b\u00e1sica y 22 Centros de Atenci\u00f3n M\u00faltiple (CAM), mediante el programa Ver Bien para<\/p>\n","protected":false},"author":2,"featured_media":6764,"comment_status":"open","ping_status":"open","sticky":false,"template":"","format":"standard","meta":{"footnotes":""},"categories":[404,31,44],"tags":[],"class_list":["post-6763","post","type-post","status-publish","format-standard","has-post-thumbnail","category-educacion","category-hidalgo","category-minuto-a-minuto"],"yoast_head":"<!-- This site is optimized with the Yoast SEO plugin v28.0 - https:\/\/yoast.com\/product\/yoast-seo-wordpress\/ -->\n<title>SEPH beneficia a m\u00e1s de 28 mil estudiantes con programa de salud visual - El Cardinal<\/title>\n<meta name=\"robots\" content=\"index, follow, max-snippet:-1, max-image-preview:large, max-video-preview:-1\" \/>\n<link rel=\"canonical\" href=\"https:\/\/elcardinal.com\/?p=6763\" \/>\n<meta property=\"og:locale\" content=\"es_MX\" \/>\n<meta property=\"og:type\" content=\"article\" \/>\n<meta property=\"og:title\" content=\"SEPH beneficia a m\u00e1s de 28 mil estudiantes con programa de salud visual - El Cardinal\" \/>\n<meta property=\"og:description\" content=\"Redacci\u00f3n Durante el ciclo escolar 2025-2026, la Secretar\u00eda de Educaci\u00f3n P\u00fablica de Hidalgo (SEPH), a trav\u00e9s de la Direcci\u00f3n de Servicios de Apoyo a la Educaci\u00f3n, benefici\u00f3 a 28 mil 685 ni\u00f1as y ni\u00f1os de m\u00e1s de 900 escuelas de educaci\u00f3n b\u00e1sica y 22 Centros de Atenci\u00f3n M\u00faltiple (CAM), mediante el programa Ver Bien para\" \/>\n<meta property=\"og:url\" content=\"https:\/\/elcardinal.com\/?p=6763\" \/>\n<meta property=\"og:site_name\" content=\"El Cardinal\" \/>\n<meta property=\"article:publisher\" content=\"https:\/\/www.facebook.com\/profile.php?id=100063093107011\" \/>\n<meta property=\"article:published_time\" content=\"2026-08-17T01:31:19+00:00\" \/>\n<meta property=\"article:modified_time\" content=\"2026-08-18T01:32:13+00:00\" \/>\n<meta property=\"og:image\" content=\"https:\/\/elcardinal.com\/wp-content\/uploads\/2026\/08\/SEPH-beneficia-a-mas-de-28-mil-estudiantes-con-programa-de-salud-visual-2-scaled.jpg\" \/>\n\t<meta property=\"og:image:width\" content=\"2560\" \/>\n\t<meta property=\"og:image:height\" content=\"1440\" \/>\n\t<meta property=\"og:image:type\" content=\"image\/jpeg\" \/>\n<meta name=\"author\" content=\"Antonio Alcaraz\" \/>\n<meta name=\"twitter:card\" content=\"summary_large_image\" \/>\n<meta name=\"twitter:creator\" content=\"@ElCardinal_Mx\" \/>\n<meta name=\"twitter:site\" content=\"@ElCardinal_Mx\" \/>\n<meta name=\"twitter:label1\" content=\"Escrito por\" \/>\n\t<meta name=\"twitter:data1\" content=\"Antonio Alcaraz\" \/>\n\t<meta name=\"twitter:label2\" content=\"Tiempo de lectura\" \/>\n\t<meta name=\"twitter:data2\" content=\"2 minutos\" \/>\n<script type=\"application\/ld+json\" class=\"yoast-schema-graph\">{\"@context\":\"https:\\\/\\\/schema.org\",\"@graph\":[{\"@type\":\"Article\",\"@id\":\"https:\\\/\\\/elcardinal.com\\\/?p=6763#article\",\"isPartOf\":{\"@id\":\"https:\\\/\\\/elcardinal.com\\\/?p=6763\"},\"author\":{\"name\":\"Antonio Alcaraz\",\"@id\":\"https:\\\/\\\/elcardinal.com\\\/#\\\/schema\\\/person\\\/3c352ec0a33987fe275c0e8a2ea69f8b\"},\"headline\":\"SEPH beneficia a m\u00e1s de 28 mil estudiantes con programa de salud visual\",\"datePublished\":\"2026-08-17T01:31:19+00:00\",\"dateModified\":\"2026-08-18T01:32:13+00:00\",\"mainEntityOfPage\":{\"@id\":\"https:\\\/\\\/elcardinal.com\\\/?p=6763\"},\"wordCount\":335,\"commentCount\":0,\"publisher\":{\"@id\":\"https:\\\/\\\/elcardinal.com\\\/#organization\"},\"image\":{\"@id\":\"https:\\\/\\\/elcardinal.com\\\/?p=6763#primaryimage\"},\"thumbnailUrl\":\"https:\\\/\\\/elcardinal.com\\\/wp-content\\\/uploads\\\/2026\\\/08\\\/SEPH-beneficia-a-mas-de-28-mil-estudiantes-con-programa-de-salud-visual-2-scaled.jpg\",\"articleSection\":[\"Educaci\u00f3n\",\"Hidalgo\",\"Minuto a Minuto\"],\"inLanguage\":\"es\",\"potentialAction\":[{\"@type\":\"CommentAction\",\"name\":\"Comment\",\"target\":[\"https:\\\/\\\/elcardinal.com\\\/?p=6763#respond\"]}]},{\"@type\":\"WebPage\",\"@id\":\"https:\\\/\\\/elcardinal.com\\\/?p=6763\",\"url\":\"https:\\\/\\\/elcardinal.com\\\/?p=6763\",\"name\":\"SEPH beneficia a m\u00e1s de 28 mil estudiantes con programa de salud visual - El Cardinal\",\"isPartOf\":{\"@id\":\"https:\\\/\\\/elcardinal.com\\\/#website\"},\"primaryImageOfPage\":{\"@id\":\"https:\\\/\\\/elcardinal.com\\\/?p=6763#primaryimage\"},\"image\":{\"@id\":\"https:\\\/\\\/elcardinal.com\\\/?p=6763#primaryimage\"},\"thumbnailUrl\":\"https:\\\/\\\/elcardinal.com\\\/wp-content\\\/uploads\\\/2026\\\/08\\\/SEPH-beneficia-a-mas-de-28-mil-estudiantes-con-programa-de-salud-visual-2-scaled.jpg\",\"datePublished\":\"2026-08-17T01:31:19+00:00\",\"dateModified\":\"2026-08-18T01:32:13+00:00\",\"breadcrumb\":{\"@id\":\"https:\\\/\\\/elcardinal.com\\\/?p=6763#breadcrumb\"},\"inLanguage\":\"es\",\"potentialAction\":[{\"@type\":\"ReadAction\",\"target\":[\"https:\\\/\\\/elcardinal.com\\\/?p=6763\"]}]},{\"@type\":\"ImageObject\",\"inLanguage\":\"es\",\"@id\":\"https:\\\/\\\/elcardinal.com\\\/?p=6763#primaryimage\",\"url\":\"https:\\\/\\\/elcardinal.com\\\/wp-content\\\/uploads\\\/2026\\\/08\\\/SEPH-beneficia-a-mas-de-28-mil-estudiantes-con-programa-de-salud-visual-2-scaled.jpg\",\"contentUrl\":\"https:\\\/\\\/elcardinal.com\\\/wp-content\\\/uploads\\\/2026\\\/08\\\/SEPH-beneficia-a-mas-de-28-mil-estudiantes-con-programa-de-salud-visual-2-scaled.jpg\",\"width\":2560,\"height\":1440},{\"@type\":\"BreadcrumbList\",\"@id\":\"https:\\\/\\\/elcardinal.com\\\/?p=6763#breadcrumb\",\"itemListElement\":[{\"@type\":\"ListItem\",\"position\":1,\"name\":\"Inicio\",\"item\":\"https:\\\/\\\/elcardinal.com\\\/\"},{\"@type\":\"ListItem\",\"position\":2,\"name\":\"SEPH beneficia a m\u00e1s de 28 mil estudiantes con programa de salud visual\"}]},{\"@type\":\"WebSite\",\"@id\":\"https:\\\/\\\/elcardinal.com\\\/#website\",\"url\":\"https:\\\/\\\/elcardinal.com\\\/\",\"name\":\"El Cardinal\",\"description\":\"Periodismo honesto, con valor, sentido humano, a veces sarc\u00e1stico y divertido.\",\"publisher\":{\"@id\":\"https:\\\/\\\/elcardinal.com\\\/#organization\"},\"alternateName\":\"El Cardinal Noticias\",\"potentialAction\":[{\"@type\":\"SearchAction\",\"target\":{\"@type\":\"EntryPoint\",\"urlTemplate\":\"https:\\\/\\\/elcardinal.com\\\/?s={search_term_string}\"},\"query-input\":{\"@type\":\"PropertyValueSpecification\",\"valueRequired\":true,\"valueName\":\"search_term_string\"}}],\"inLanguage\":\"es\"},{\"@type\":\"Organization\",\"@id\":\"https:\\\/\\\/elcardinal.com\\\/#organization\",\"name\":\"El Cardinal\",\"url\":\"https:\\\/\\\/elcardinal.com\\\/\",\"logo\":{\"@type\":\"ImageObject\",\"inLanguage\":\"es\",\"@id\":\"https:\\\/\\\/elcardinal.com\\\/#\\\/schema\\\/logo\\\/image\\\/\",\"url\":\"https:\\\/\\\/elcardinal.com\\\/wp-content\\\/uploads\\\/2025\\\/04\\\/LOGO-EL-CARDINAL-Periodismo-con-valor.png\",\"contentUrl\":\"https:\\\/\\\/elcardinal.com\\\/wp-content\\\/uploads\\\/2025\\\/04\\\/LOGO-EL-CARDINAL-Periodismo-con-valor.png\",\"width\":755,\"height\":636,\"caption\":\"El Cardinal\"},\"image\":{\"@id\":\"https:\\\/\\\/elcardinal.com\\\/#\\\/schema\\\/logo\\\/image\\\/\"},\"sameAs\":[\"https:\\\/\\\/www.facebook.com\\\/profile.php?id=100063093107011\",\"https:\\\/\\\/x.com\\\/ElCardinal_Mx\"]},{\"@type\":\"Person\",\"@id\":\"https:\\\/\\\/elcardinal.com\\\/#\\\/schema\\\/person\\\/3c352ec0a33987fe275c0e8a2ea69f8b\",\"name\":\"Antonio Alcaraz\",\"image\":{\"@type\":\"ImageObject\",\"inLanguage\":\"es\",\"@id\":\"https:\\\/\\\/elcardinal.com\\\/wp-content\\\/uploads\\\/2025\\\/05\\\/cropped-TONO-96x96.jpg\",\"url\":\"https:\\\/\\\/elcardinal.com\\\/wp-content\\\/uploads\\\/2025\\\/05\\\/cropped-TONO-96x96.jpg\",\"contentUrl\":\"https:\\\/\\\/elcardinal.com\\\/wp-content\\\/uploads\\\/2025\\\/05\\\/cropped-TONO-96x96.jpg\",\"caption\":\"Antonio Alcaraz\"},\"url\":\"https:\\\/\\\/elcardinal.com\\\/?author=2\"}]}<\/script>\n<!-- \/ Yoast SEO plugin. -->","yoast_head_json":{"title":"SEPH beneficia a m\u00e1s de 28 mil estudiantes con programa de salud visual - El Cardinal","robots":{"index":"index","follow":"follow","max-snippet":"max-snippet:-1","max-image-preview":"max-image-preview:large","max-video-preview":"max-video-preview:-1"},"canonical":"https:\/\/elcardinal.com\/?p=6763","og_locale":"es_MX","og_type":"article","og_title":"SEPH beneficia a m\u00e1s de 28 mil estudiantes con programa de salud visual - El Cardinal","og_description":"Redacci\u00f3n Durante el ciclo escolar 2025-2026, la Secretar\u00eda de Educaci\u00f3n P\u00fablica de Hidalgo (SEPH), a trav\u00e9s de la Direcci\u00f3n de Servicios de Apoyo a la Educaci\u00f3n, benefici\u00f3 a 28 mil 685 ni\u00f1as y ni\u00f1os de m\u00e1s de 900 escuelas de educaci\u00f3n b\u00e1sica y 22 Centros de Atenci\u00f3n M\u00faltiple (CAM), mediante el programa Ver Bien para","og_url":"https:\/\/elcardinal.com\/?p=6763","og_site_name":"El Cardinal","article_publisher":"https:\/\/www.facebook.com\/profile.php?id=100063093107011","article_published_time":"2026-08-17T01:31:19+00:00","article_modified_time":"2026-08-18T01:32:13+00:00","og_image":[{"width":2560,"height":1440,"url":"https:\/\/elcardinal.com\/wp-content\/uploads\/2026\/08\/SEPH-beneficia-a-mas-de-28-mil-estudiantes-con-programa-de-salud-visual-2-scaled.jpg","type":"image\/jpeg"}],"author":"Antonio Alcaraz","twitter_card":"summary_large_image","twitter_creator":"@ElCardinal_Mx","twitter_site":"@ElCardinal_Mx","twitter_misc":{"Escrito por":"Antonio Alcaraz","Tiempo de lectura":"2 minutos"},"schema":{"@context":"https:\/\/schema.org","@graph":[{"@type":"Article","@id":"https:\/\/elcardinal.com\/?p=6763#article","isPartOf":{"@id":"https:\/\/elcardinal.com\/?p=6763"},"author":{"name":"Antonio Alcaraz","@id":"https:\/\/elcardinal.com\/#\/schema\/person\/3c352ec0a33987fe275c0e8a2ea69f8b"},"headline":"SEPH beneficia a m\u00e1s de 28 mil estudiantes con programa de salud visual","datePublished":"2026-08-17T01:31:19+00:00","dateModified":"2026-08-18T01:32:13+00:00","mainEntityOfPage":{"@id":"https:\/\/elcardinal.com\/?p=6763"},"wordCount":335,"commentCount":0,"publisher":{"@id":"https:\/\/elcardinal.com\/#organization"},"image":{"@id":"https:\/\/elcardinal.com\/?p=6763#primaryimage"},"thumbnailUrl":"https:\/\/elcardinal.com\/wp-content\/uploads\/2026\/08\/SEPH-beneficia-a-mas-de-28-mil-estudiantes-con-programa-de-salud-visual-2-scaled.jpg","articleSection":["Educaci\u00f3n","Hidalgo","Minuto a Minuto"],"inLanguage":"es","potentialAction":[{"@type":"CommentAction","name":"Comment","target":["https:\/\/elcardinal.com\/?p=6763#respond"]}]},{"@type":"WebPage","@id":"https:\/\/elcardinal.com\/?p=6763","url":"https:\/\/elcardinal.com\/?p=6763","name":"SEPH beneficia a m\u00e1s de 28 mil estudiantes con programa de salud visual - El Cardinal","isPartOf":{"@id":"https:\/\/elcardinal.com\/#website"},"primaryImageOfPage":{"@id":"https:\/\/elcardinal.com\/?p=6763#primaryimage"},"image":{"@id":"https:\/\/elcardinal.com\/?p=6763#primaryimage"},"thumbnailUrl":"https:\/\/elcardinal.com\/wp-content\/uploads\/2026\/08\/SEPH-beneficia-a-mas-de-28-mil-estudiantes-con-programa-de-salud-visual-2-scaled.jpg","datePublished":"2026-08-17T01:31:19+00:00","dateModified":"2026-08-18T01:32:13+00:00","breadcrumb":{"@id":"https:\/\/elcardinal.com\/?p=6763#breadcrumb"},"inLanguage":"es","potentialAction":[{"@type":"ReadAction","target":["https:\/\/elcardinal.com\/?p=6763"]}]},{"@type":"ImageObject","inLanguage":"es","@id":"https:\/\/elcardinal.com\/?p=6763#primaryimage","url":"https:\/\/elcardinal.com\/wp-content\/uploads\/2026\/08\/SEPH-beneficia-a-mas-de-28-mil-estudiantes-con-programa-de-salud-visual-2-scaled.jpg","contentUrl":"https:\/\/elcardinal.com\/wp-content\/uploads\/2026\/08\/SEPH-beneficia-a-mas-de-28-mil-estudiantes-con-programa-de-salud-visual-2-scaled.jpg","width":2560,"height":1440},{"@type":"BreadcrumbList","@id":"https:\/\/elcardinal.com\/?p=6763#breadcrumb","itemListElement":[{"@type":"ListItem","position":1,"name":"Inicio","item":"https:\/\/elcardinal.com\/"},{"@type":"ListItem","position":2,"name":"SEPH beneficia a m\u00e1s de 28 mil estudiantes con programa de salud visual"}]},{"@type":"WebSite","@id":"https:\/\/elcardinal.com\/#website","url":"https:\/\/elcardinal.com\/","name":"El Cardinal","description":"Periodismo honesto, con valor, sentido humano, a veces sarc\u00e1stico y divertido.","publisher":{"@id":"https:\/\/elcardinal.com\/#organization"},"alternateName":"El Cardinal Noticias","potentialAction":[{"@type":"SearchAction","target":{"@type":"EntryPoint","urlTemplate":"https:\/\/elcardinal.com\/?s={search_term_string}"},"query-input":{"@type":"PropertyValueSpecification","valueRequired":true,"valueName":"search_term_string"}}],"inLanguage":"es"},{"@type":"Organization","@id":"https:\/\/elcardinal.com\/#organization","name":"El Cardinal","url":"https:\/\/elcardinal.com\/","logo":{"@type":"ImageObject","inLanguage":"es","@id":"https:\/\/elcardinal.com\/#\/schema\/logo\/image\/","url":"https:\/\/elcardinal.com\/wp-content\/uploads\/2025\/04\/LOGO-EL-CARDINAL-Periodismo-con-valor.png","contentUrl":"https:\/\/elcardinal.com\/wp-content\/uploads\/2025\/04\/LOGO-EL-CARDINAL-Periodismo-con-valor.png","width":755,"height":636,"caption":"El Cardinal"},"image":{"@id":"https:\/\/elcardinal.com\/#\/schema\/logo\/image\/"},"sameAs":["https:\/\/www.facebook.com\/profile.php?id=100063093107011","https:\/\/x.com\/ElCardinal_Mx"]},{"@type":"Person","@id":"https:\/\/elcardinal.com\/#\/schema\/person\/3c352ec0a33987fe275c0e8a2ea69f8b","name":"Antonio Alcaraz","image":{"@type":"ImageObject","inLanguage":"es","@id":"https:\/\/elcardinal.com\/wp-content\/uploads\/2025\/05\/cropped-TONO-96x96.jpg","url":"https:\/\/elcardinal.com\/wp-content\/uploads\/2025\/05\/cropped-TONO-96x96.jpg","contentUrl":"https:\/\/elcardinal.com\/wp-content\/uploads\/2025\/05\/cropped-TONO-96x96.jpg","caption":"Antonio Alcaraz"},"url":"https:\/\/elcardinal.com\/?author=2"}]}},"_links":{"self":[{"href":"https:\/\/elcardinal.com\/index.php?rest_route=\/wp\/v2\/posts\/6763","targetHints":{"allow":["GET"]}}],"collection":[{"href":"https:\/\/elcardinal.com\/index.php?rest_route=\/wp\/v2\/posts"}],"about":[{"href":"https:\/\/elcardinal.com\/index.php?rest_route=\/wp\/v2\/types\/post"}],"author":[{"embeddable":true,"href":"https:\/\/elcardinal.com\/index.php?rest_route=\/wp\/v2\/users\/2"}],"replies":[{"embeddable":true,"href":"https:\/\/elcardinal.com\/index.php?rest_route=%2Fwp%2Fv2%2Fcomments&post=6763"}],"version-history":[{"count":1,"href":"https:\/\/elcardinal.com\/index.php?rest_route=\/wp\/v2\/posts\/6763\/revisions"}],"predecessor-version":[{"id":6765,"href":"https:\/\/elcardinal.com\/index.php?rest_route=\/wp\/v2\/posts\/6763\/revisions\/6765"}],"wp:featuredmedia":[{"embeddable":true,"href":"https:\/\/elcardinal.com\/index.php?rest_route=\/wp\/v2\/media\/6764"}],"wp:attachment":[{"href":"https:\/\/elcardinal.com\/index.php?rest_route=%2Fwp%2Fv2%2Fmedia&parent=6763"}],"wp:term":[{"taxonomy":"category","embeddable":true,"href":"https:\/\/elcardinal.com\/index.php?rest_route=%2Fwp%2Fv2%2Fcategories&post=6763"},{"taxonomy":"post_tag","embeddable":true,"href":"https:\/\/elcardinal.com\/index.php?rest_route=%2Fwp%2Fv2%2Ftags&post=6763"}],"curies":[{"name":"wp","href":"https:\/\/api.w.org\/{rel}","templated":true}]}}