{"id":6766,"date":"2026-08-18T01:37:04","date_gmt":"2026-08-18T07:37:04","guid":{"rendered":"https:\/\/elcardinal.com\/?p=6766"},"modified":"2026-08-18T01:37:04","modified_gmt":"2026-08-18T07:37:04","slug":"denuncian-presunto-trato-discriminatorio-y-hostil-en-oficinas-del-sat-en-pachuca","status":"publish","type":"post","link":"https:\/\/elcardinal.com\/?p=6766","title":{"rendered":"Denuncian presunto trato discriminatorio y hostil en oficinas del SAT en Pachuca"},"content":{"rendered":"<p>Por: Antonio Alcaraz<\/p>\n<p>Una denuncia ciudadana pone bajo la lupa la atenci\u00f3n que reciben los contribuyentes en las oficinas del <strong>Servicio de Administraci\u00f3n Tributaria (SAT<\/strong>) en Pachuca, Hidalgo.<\/p>\n<blockquote><p>En entrevista, <strong>El\u00edas Navarro Hern\u00e1ndez<\/strong> asegur\u00f3 que fue v\u00edctima de un trato que calific\u00f3 como &#8220;d\u00e9spota, grosero y poco profesional&#8221; por parte de quien identifica como <strong>Yolotzin Yazm\u00edn Sol\u00eds Hern\u00e1ndez<\/strong>, administradora de las oficinas del SAT en Pachuca.<\/p><\/blockquote>\n<p>De acuerdo con su testimonio, el usuario acudi\u00f3 a realizar diversos tr\u00e1mites relacionados con la inscripci\u00f3n de empresas y, durante la revisi\u00f3n de su documentaci\u00f3n, ocurri\u00f3 el episodio que deton\u00f3 su inconformidad.<\/p>\n<p><strong>\u201c\u00bfPUEDO PASAR AL SANITARIO?\u201d<\/strong><\/p>\n<p>Seg\u00fan relat\u00f3 Navarro Hern\u00e1ndez, mientras el personal revisaba sus documentos solicit\u00f3 autorizaci\u00f3n para acudir al ba\u00f1o. Afirma que la respuesta de la administradora fue tajante: \u201cNo\u201d.<\/p>\n<blockquote><p>El ciudadano cuestion\u00f3 la negativa y, finalmente, decidi\u00f3 levantarse para acudir al sanitario, pese a que, seg\u00fan su versi\u00f3n, la funcionaria le hab\u00eda indicado que no pod\u00eda hacerlo.<\/p><\/blockquote>\n<p>Al regresar, luego de llevarle la contraria, el usuario asegur\u00f3 que los tr\u00e1mites se complicaron, pues le informaron que estos no proced\u00edan debido a diversas observaciones en la documentaci\u00f3n.<\/p>\n<p><strong>RECHAZO DE TR\u00c1MITES Y REQUISITOS ADICIONALES<\/strong><\/p>\n<p>Navarro Hern\u00e1ndez, quien dijo dedicarse a la gesti\u00f3n de tr\u00e1mites fiscales, se\u00f1al\u00f3 que llevaba alrededor de cuatro inscripciones de empresas y que ninguno de los procedimientos pudo concretarse.<\/p>\n<p>Entre las observaciones que, seg\u00fan su relato, le realizaron estaban &#8220;copias&#8221; que presuntamente &#8220;no ten\u00edan la calidad requerida&#8221; y cuestionamientos sobre documentos notariales provenientes de China (de las empresas para las que trabaja).<\/p>\n<p>El denunciante consider\u00f3 que algunas de las exigencias que le fueron planteadas constitu\u00edan requisitos adicionales a los establecidos formalmente para el tr\u00e1mite.<\/p>\n<blockquote><p>\u201cNosotros nos apegamos a los requisitos. Todo lo que est\u00e9 mal lo corregimos con el notario o con la persona que emiti\u00f3 los documentos\u201d, explic\u00f3.<\/p><\/blockquote>\n<p><strong>&#8220;LEVANTE LA QUEJA, PERO NO PAS\u00d3 NADA&#8221;<\/strong><\/p>\n<p>Navarro Hern\u00e1ndez asegur\u00f3 que posteriormente present\u00f3 una queja a trav\u00e9s de los mecanismos del propio SAT.<\/p>\n<p>La inconformidad fue registrada y posteriormente apareci\u00f3 como \u201catendida\u201d, pero afirm\u00f3 que no recibi\u00f3 una explicaci\u00f3n ni seguimiento que considerara suficiente.<\/p>\n<p>El ciudadano cuestion\u00f3 que, pese a las quejas que asegura haber presentado, no se haya realizado una investigaci\u00f3n que permita determinar qu\u00e9 ocurri\u00f3.<\/p>\n<p><strong>FALTA DE EMPAT\u00cdA<\/strong><\/p>\n<p>El denunciante, quien asegur\u00f3 haber trabajado en el SAT entre 2012 y 2018, sostuvo que durante su periodo como trabajador conoci\u00f3 una din\u00e1mica de atenci\u00f3n que, desde su perspectiva, era mucho m\u00e1s cercana a los contribuyentes.<\/p>\n<p>Record\u00f3 que anteriormente se apoyaba a personas adultas mayores, productores del campo y ciudadanos que ten\u00edan dificultades para realizar tr\u00e1mites digitales.<\/p>\n<blockquote><p>\u201c\u00bfD\u00f3nde qued\u00f3 la empat\u00eda de los asesores con la gente?\u201d, cuestion\u00f3.<\/p><\/blockquote>\n<p>Para Navarro Hern\u00e1ndez, quienes acuden al SAT muchas veces desconocen los procedimientos y necesitan orientaci\u00f3n, por lo que consider\u00f3 que el trato recibido por parte de los servidores p\u00fablicos debe ser respetuoso y profesional.<\/p>\n<p>\u00bfHas tenido alguna experiencia similar en oficinas p\u00fablicas? Cu\u00e9ntanos tu caso en los comentarios.<\/p>\n","protected":false},"excerpt":{"rendered":"<p>Por: Antonio Alcaraz Una denuncia ciudadana pone bajo la lupa la atenci\u00f3n que reciben los contribuyentes en las oficinas del Servicio de Administraci\u00f3n Tributaria (SAT) en Pachuca, Hidalgo. En entrevista, El\u00edas Navarro Hern\u00e1ndez asegur\u00f3 que fue v\u00edctima de un trato que calific\u00f3 como &#8220;d\u00e9spota, grosero y poco profesional&#8221; por parte de quien identifica como Yolotzin<\/p>\n","protected":false},"author":2,"featured_media":6767,"comment_status":"open","ping_status":"open","sticky":false,"template":"","format":"standard","meta":{"footnotes":""},"categories":[31,34,44],"tags":[65,442,443],"class_list":["post-6766","post","type-post","status-publish","format-standard","has-post-thumbnail","category-hidalgo","category-mexico","category-minuto-a-minuto","tag-pachuca","tag-sat","tag-yolotzin-yazmin-solis-hernandez"],"yoast_head":"<!-- This site is optimized with the Yoast SEO plugin v28.0 - https:\/\/yoast.com\/product\/yoast-seo-wordpress\/ -->\n<title>Denuncian presunto trato discriminatorio y hostil en oficinas del SAT en Pachuca - El Cardinal<\/title>\n<meta name=\"robots\" content=\"index, follow, max-snippet:-1, max-image-preview:large, max-video-preview:-1\" \/>\n<link rel=\"canonical\" href=\"https:\/\/elcardinal.com\/?p=6766\" \/>\n<meta property=\"og:locale\" content=\"es_MX\" \/>\n<meta property=\"og:type\" content=\"article\" \/>\n<meta property=\"og:title\" content=\"Denuncian presunto trato discriminatorio y hostil en oficinas del SAT en Pachuca - El Cardinal\" \/>\n<meta property=\"og:description\" content=\"Por: Antonio Alcaraz Una denuncia ciudadana pone bajo la lupa la atenci\u00f3n que reciben los contribuyentes en las oficinas del Servicio de Administraci\u00f3n Tributaria (SAT) en Pachuca, Hidalgo. En entrevista, El\u00edas Navarro Hern\u00e1ndez asegur\u00f3 que fue v\u00edctima de un trato que calific\u00f3 como &#8220;d\u00e9spota, grosero y poco profesional&#8221; por parte de quien identifica como Yolotzin\" \/>\n<meta property=\"og:url\" content=\"https:\/\/elcardinal.com\/?p=6766\" \/>\n<meta property=\"og:site_name\" content=\"El Cardinal\" \/>\n<meta property=\"article:publisher\" content=\"https:\/\/www.facebook.com\/profile.php?id=100063093107011\" \/>\n<meta property=\"article:published_time\" content=\"2026-08-18T07:37:04+00:00\" \/>\n<meta property=\"og:image\" content=\"https:\/\/elcardinal.com\/wp-content\/uploads\/2026\/08\/Imagen-de-WhatsApp-2025-04-09-a-las-19.57.45_1564b94a-1.jpg\" \/>\n\t<meta property=\"og:image:width\" content=\"1600\" \/>\n\t<meta property=\"og:image:height\" content=\"1200\" \/>\n\t<meta property=\"og:image:type\" content=\"image\/jpeg\" \/>\n<meta name=\"author\" content=\"Antonio Alcaraz\" \/>\n<meta name=\"twitter:card\" content=\"summary_large_image\" \/>\n<meta name=\"twitter:creator\" content=\"@ElCardinal_Mx\" \/>\n<meta name=\"twitter:site\" content=\"@ElCardinal_Mx\" \/>\n<meta name=\"twitter:label1\" content=\"Escrito por\" \/>\n\t<meta name=\"twitter:data1\" content=\"Antonio Alcaraz\" \/>\n\t<meta name=\"twitter:label2\" content=\"Tiempo de lectura\" \/>\n\t<meta name=\"twitter:data2\" content=\"2 minutos\" \/>\n<script type=\"application\/ld+json\" class=\"yoast-schema-graph\">{\"@context\":\"https:\\\/\\\/schema.org\",\"@graph\":[{\"@type\":\"Article\",\"@id\":\"https:\\\/\\\/elcardinal.com\\\/?p=6766#article\",\"isPartOf\":{\"@id\":\"https:\\\/\\\/elcardinal.com\\\/?p=6766\"},\"author\":{\"name\":\"Antonio Alcaraz\",\"@id\":\"https:\\\/\\\/elcardinal.com\\\/#\\\/schema\\\/person\\\/3c352ec0a33987fe275c0e8a2ea69f8b\"},\"headline\":\"Denuncian presunto trato discriminatorio y hostil en oficinas del SAT en Pachuca\",\"datePublished\":\"2026-08-18T07:37:04+00:00\",\"mainEntityOfPage\":{\"@id\":\"https:\\\/\\\/elcardinal.com\\\/?p=6766\"},\"wordCount\":545,\"commentCount\":0,\"publisher\":{\"@id\":\"https:\\\/\\\/elcardinal.com\\\/#organization\"},\"image\":{\"@id\":\"https:\\\/\\\/elcardinal.com\\\/?p=6766#primaryimage\"},\"thumbnailUrl\":\"https:\\\/\\\/elcardinal.com\\\/wp-content\\\/uploads\\\/2026\\\/08\\\/Imagen-de-WhatsApp-2025-04-09-a-las-19.57.45_1564b94a-1.jpg\",\"keywords\":[\"Pachuca\",\"SAT\",\"Yolotzin Yazm\u00edn Sol\u00eds Hern\u00e1ndez\"],\"articleSection\":[\"Hidalgo\",\"M\u00e9xico\",\"Minuto a Minuto\"],\"inLanguage\":\"es\",\"potentialAction\":[{\"@type\":\"CommentAction\",\"name\":\"Comment\",\"target\":[\"https:\\\/\\\/elcardinal.com\\\/?p=6766#respond\"]}]},{\"@type\":\"WebPage\",\"@id\":\"https:\\\/\\\/elcardinal.com\\\/?p=6766\",\"url\":\"https:\\\/\\\/elcardinal.com\\\/?p=6766\",\"name\":\"Denuncian presunto trato discriminatorio y hostil en oficinas del SAT en Pachuca - El Cardinal\",\"isPartOf\":{\"@id\":\"https:\\\/\\\/elcardinal.com\\\/#website\"},\"primaryImageOfPage\":{\"@id\":\"https:\\\/\\\/elcardinal.com\\\/?p=6766#primaryimage\"},\"image\":{\"@id\":\"https:\\\/\\\/elcardinal.com\\\/?p=6766#primaryimage\"},\"thumbnailUrl\":\"https:\\\/\\\/elcardinal.com\\\/wp-content\\\/uploads\\\/2026\\\/08\\\/Imagen-de-WhatsApp-2025-04-09-a-las-19.57.45_1564b94a-1.jpg\",\"datePublished\":\"2026-08-18T07:37:04+00:00\",\"breadcrumb\":{\"@id\":\"https:\\\/\\\/elcardinal.com\\\/?p=6766#breadcrumb\"},\"inLanguage\":\"es\",\"potentialAction\":[{\"@type\":\"ReadAction\",\"target\":[\"https:\\\/\\\/elcardinal.com\\\/?p=6766\"]}]},{\"@type\":\"ImageObject\",\"inLanguage\":\"es\",\"@id\":\"https:\\\/\\\/elcardinal.com\\\/?p=6766#primaryimage\",\"url\":\"https:\\\/\\\/elcardinal.com\\\/wp-content\\\/uploads\\\/2026\\\/08\\\/Imagen-de-WhatsApp-2025-04-09-a-las-19.57.45_1564b94a-1.jpg\",\"contentUrl\":\"https:\\\/\\\/elcardinal.com\\\/wp-content\\\/uploads\\\/2026\\\/08\\\/Imagen-de-WhatsApp-2025-04-09-a-las-19.57.45_1564b94a-1.jpg\",\"width\":1600,\"height\":1200},{\"@type\":\"BreadcrumbList\",\"@id\":\"https:\\\/\\\/elcardinal.com\\\/?p=6766#breadcrumb\",\"itemListElement\":[{\"@type\":\"ListItem\",\"position\":1,\"name\":\"Inicio\",\"item\":\"https:\\\/\\\/elcardinal.com\\\/\"},{\"@type\":\"ListItem\",\"position\":2,\"name\":\"Denuncian presunto trato discriminatorio y hostil en oficinas del SAT en Pachuca\"}]},{\"@type\":\"WebSite\",\"@id\":\"https:\\\/\\\/elcardinal.com\\\/#website\",\"url\":\"https:\\\/\\\/elcardinal.com\\\/\",\"name\":\"El Cardinal\",\"description\":\"Periodismo honesto, con valor, sentido humano, a veces sarc\u00e1stico y divertido.\",\"publisher\":{\"@id\":\"https:\\\/\\\/elcardinal.com\\\/#organization\"},\"alternateName\":\"El Cardinal Noticias\",\"potentialAction\":[{\"@type\":\"SearchAction\",\"target\":{\"@type\":\"EntryPoint\",\"urlTemplate\":\"https:\\\/\\\/elcardinal.com\\\/?s={search_term_string}\"},\"query-input\":{\"@type\":\"PropertyValueSpecification\",\"valueRequired\":true,\"valueName\":\"search_term_string\"}}],\"inLanguage\":\"es\"},{\"@type\":\"Organization\",\"@id\":\"https:\\\/\\\/elcardinal.com\\\/#organization\",\"name\":\"El Cardinal\",\"url\":\"https:\\\/\\\/elcardinal.com\\\/\",\"logo\":{\"@type\":\"ImageObject\",\"inLanguage\":\"es\",\"@id\":\"https:\\\/\\\/elcardinal.com\\\/#\\\/schema\\\/logo\\\/image\\\/\",\"url\":\"https:\\\/\\\/elcardinal.com\\\/wp-content\\\/uploads\\\/2025\\\/04\\\/LOGO-EL-CARDINAL-Periodismo-con-valor.png\",\"contentUrl\":\"https:\\\/\\\/elcardinal.com\\\/wp-content\\\/uploads\\\/2025\\\/04\\\/LOGO-EL-CARDINAL-Periodismo-con-valor.png\",\"width\":755,\"height\":636,\"caption\":\"El Cardinal\"},\"image\":{\"@id\":\"https:\\\/\\\/elcardinal.com\\\/#\\\/schema\\\/logo\\\/image\\\/\"},\"sameAs\":[\"https:\\\/\\\/www.facebook.com\\\/profile.php?id=100063093107011\",\"https:\\\/\\\/x.com\\\/ElCardinal_Mx\"]},{\"@type\":\"Person\",\"@id\":\"https:\\\/\\\/elcardinal.com\\\/#\\\/schema\\\/person\\\/3c352ec0a33987fe275c0e8a2ea69f8b\",\"name\":\"Antonio Alcaraz\",\"image\":{\"@type\":\"ImageObject\",\"inLanguage\":\"es\",\"@id\":\"https:\\\/\\\/elcardinal.com\\\/wp-content\\\/uploads\\\/2025\\\/05\\\/cropped-TONO-96x96.jpg\",\"url\":\"https:\\\/\\\/elcardinal.com\\\/wp-content\\\/uploads\\\/2025\\\/05\\\/cropped-TONO-96x96.jpg\",\"contentUrl\":\"https:\\\/\\\/elcardinal.com\\\/wp-content\\\/uploads\\\/2025\\\/05\\\/cropped-TONO-96x96.jpg\",\"caption\":\"Antonio Alcaraz\"},\"url\":\"https:\\\/\\\/elcardinal.com\\\/?author=2\"}]}<\/script>\n<!-- \/ Yoast SEO plugin. -->","yoast_head_json":{"title":"Denuncian presunto trato discriminatorio y hostil en oficinas del SAT en Pachuca - El Cardinal","robots":{"index":"index","follow":"follow","max-snippet":"max-snippet:-1","max-image-preview":"max-image-preview:large","max-video-preview":"max-video-preview:-1"},"canonical":"https:\/\/elcardinal.com\/?p=6766","og_locale":"es_MX","og_type":"article","og_title":"Denuncian presunto trato discriminatorio y hostil en oficinas del SAT en Pachuca - El Cardinal","og_description":"Por: Antonio Alcaraz Una denuncia ciudadana pone bajo la lupa la atenci\u00f3n que reciben los contribuyentes en las oficinas del Servicio de Administraci\u00f3n Tributaria (SAT) en Pachuca, Hidalgo. En entrevista, El\u00edas Navarro Hern\u00e1ndez asegur\u00f3 que fue v\u00edctima de un trato que calific\u00f3 como &#8220;d\u00e9spota, grosero y poco profesional&#8221; por parte de quien identifica como Yolotzin","og_url":"https:\/\/elcardinal.com\/?p=6766","og_site_name":"El Cardinal","article_publisher":"https:\/\/www.facebook.com\/profile.php?id=100063093107011","article_published_time":"2026-08-18T07:37:04+00:00","og_image":[{"width":1600,"height":1200,"url":"https:\/\/elcardinal.com\/wp-content\/uploads\/2026\/08\/Imagen-de-WhatsApp-2025-04-09-a-las-19.57.45_1564b94a-1.jpg","type":"image\/jpeg"}],"author":"Antonio Alcaraz","twitter_card":"summary_large_image","twitter_creator":"@ElCardinal_Mx","twitter_site":"@ElCardinal_Mx","twitter_misc":{"Escrito por":"Antonio Alcaraz","Tiempo de lectura":"2 minutos"},"schema":{"@context":"https:\/\/schema.org","@graph":[{"@type":"Article","@id":"https:\/\/elcardinal.com\/?p=6766#article","isPartOf":{"@id":"https:\/\/elcardinal.com\/?p=6766"},"author":{"name":"Antonio Alcaraz","@id":"https:\/\/elcardinal.com\/#\/schema\/person\/3c352ec0a33987fe275c0e8a2ea69f8b"},"headline":"Denuncian presunto trato discriminatorio y hostil en oficinas del SAT en Pachuca","datePublished":"2026-08-18T07:37:04+00:00","mainEntityOfPage":{"@id":"https:\/\/elcardinal.com\/?p=6766"},"wordCount":545,"commentCount":0,"publisher":{"@id":"https:\/\/elcardinal.com\/#organization"},"image":{"@id":"https:\/\/elcardinal.com\/?p=6766#primaryimage"},"thumbnailUrl":"https:\/\/elcardinal.com\/wp-content\/uploads\/2026\/08\/Imagen-de-WhatsApp-2025-04-09-a-las-19.57.45_1564b94a-1.jpg","keywords":["Pachuca","SAT","Yolotzin Yazm\u00edn Sol\u00eds Hern\u00e1ndez"],"articleSection":["Hidalgo","M\u00e9xico","Minuto a Minuto"],"inLanguage":"es","potentialAction":[{"@type":"CommentAction","name":"Comment","target":["https:\/\/elcardinal.com\/?p=6766#respond"]}]},{"@type":"WebPage","@id":"https:\/\/elcardinal.com\/?p=6766","url":"https:\/\/elcardinal.com\/?p=6766","name":"Denuncian presunto trato discriminatorio y hostil en oficinas del SAT en Pachuca - El Cardinal","isPartOf":{"@id":"https:\/\/elcardinal.com\/#website"},"primaryImageOfPage":{"@id":"https:\/\/elcardinal.com\/?p=6766#primaryimage"},"image":{"@id":"https:\/\/elcardinal.com\/?p=6766#primaryimage"},"thumbnailUrl":"https:\/\/elcardinal.com\/wp-content\/uploads\/2026\/08\/Imagen-de-WhatsApp-2025-04-09-a-las-19.57.45_1564b94a-1.jpg","datePublished":"2026-08-18T07:37:04+00:00","breadcrumb":{"@id":"https:\/\/elcardinal.com\/?p=6766#breadcrumb"},"inLanguage":"es","potentialAction":[{"@type":"ReadAction","target":["https:\/\/elcardinal.com\/?p=6766"]}]},{"@type":"ImageObject","inLanguage":"es","@id":"https:\/\/elcardinal.com\/?p=6766#primaryimage","url":"https:\/\/elcardinal.com\/wp-content\/uploads\/2026\/08\/Imagen-de-WhatsApp-2025-04-09-a-las-19.57.45_1564b94a-1.jpg","contentUrl":"https:\/\/elcardinal.com\/wp-content\/uploads\/2026\/08\/Imagen-de-WhatsApp-2025-04-09-a-las-19.57.45_1564b94a-1.jpg","width":1600,"height":1200},{"@type":"BreadcrumbList","@id":"https:\/\/elcardinal.com\/?p=6766#breadcrumb","itemListElement":[{"@type":"ListItem","position":1,"name":"Inicio","item":"https:\/\/elcardinal.com\/"},{"@type":"ListItem","position":2,"name":"Denuncian presunto trato discriminatorio y hostil en oficinas del SAT en Pachuca"}]},{"@type":"WebSite","@id":"https:\/\/elcardinal.com\/#website","url":"https:\/\/elcardinal.com\/","name":"El Cardinal","description":"Periodismo honesto, con valor, sentido humano, a veces sarc\u00e1stico y divertido.","publisher":{"@id":"https:\/\/elcardinal.com\/#organization"},"alternateName":"El Cardinal Noticias","potentialAction":[{"@type":"SearchAction","target":{"@type":"EntryPoint","urlTemplate":"https:\/\/elcardinal.com\/?s={search_term_string}"},"query-input":{"@type":"PropertyValueSpecification","valueRequired":true,"valueName":"search_term_string"}}],"inLanguage":"es"},{"@type":"Organization","@id":"https:\/\/elcardinal.com\/#organization","name":"El Cardinal","url":"https:\/\/elcardinal.com\/","logo":{"@type":"ImageObject","inLanguage":"es","@id":"https:\/\/elcardinal.com\/#\/schema\/logo\/image\/","url":"https:\/\/elcardinal.com\/wp-content\/uploads\/2025\/04\/LOGO-EL-CARDINAL-Periodismo-con-valor.png","contentUrl":"https:\/\/elcardinal.com\/wp-content\/uploads\/2025\/04\/LOGO-EL-CARDINAL-Periodismo-con-valor.png","width":755,"height":636,"caption":"El Cardinal"},"image":{"@id":"https:\/\/elcardinal.com\/#\/schema\/logo\/image\/"},"sameAs":["https:\/\/www.facebook.com\/profile.php?id=100063093107011","https:\/\/x.com\/ElCardinal_Mx"]},{"@type":"Person","@id":"https:\/\/elcardinal.com\/#\/schema\/person\/3c352ec0a33987fe275c0e8a2ea69f8b","name":"Antonio Alcaraz","image":{"@type":"ImageObject","inLanguage":"es","@id":"https:\/\/elcardinal.com\/wp-content\/uploads\/2025\/05\/cropped-TONO-96x96.jpg","url":"https:\/\/elcardinal.com\/wp-content\/uploads\/2025\/05\/cropped-TONO-96x96.jpg","contentUrl":"https:\/\/elcardinal.com\/wp-content\/uploads\/2025\/05\/cropped-TONO-96x96.jpg","caption":"Antonio Alcaraz"},"url":"https:\/\/elcardinal.com\/?author=2"}]}},"_links":{"self":[{"href":"https:\/\/elcardinal.com\/index.php?rest_route=\/wp\/v2\/posts\/6766","targetHints":{"allow":["GET"]}}],"collection":[{"href":"https:\/\/elcardinal.com\/index.php?rest_route=\/wp\/v2\/posts"}],"about":[{"href":"https:\/\/elcardinal.com\/index.php?rest_route=\/wp\/v2\/types\/post"}],"author":[{"embeddable":true,"href":"https:\/\/elcardinal.com\/index.php?rest_route=\/wp\/v2\/users\/2"}],"replies":[{"embeddable":true,"href":"https:\/\/elcardinal.com\/index.php?rest_route=%2Fwp%2Fv2%2Fcomments&post=6766"}],"version-history":[{"count":1,"href":"https:\/\/elcardinal.com\/index.php?rest_route=\/wp\/v2\/posts\/6766\/revisions"}],"predecessor-version":[{"id":6768,"href":"https:\/\/elcardinal.com\/index.php?rest_route=\/wp\/v2\/posts\/6766\/revisions\/6768"}],"wp:featuredmedia":[{"embeddable":true,"href":"https:\/\/elcardinal.com\/index.php?rest_route=\/wp\/v2\/media\/6767"}],"wp:attachment":[{"href":"https:\/\/elcardinal.com\/index.php?rest_route=%2Fwp%2Fv2%2Fmedia&parent=6766"}],"wp:term":[{"taxonomy":"category","embeddable":true,"href":"https:\/\/elcardinal.com\/index.php?rest_route=%2Fwp%2Fv2%2Fcategories&post=6766"},{"taxonomy":"post_tag","embeddable":true,"href":"https:\/\/elcardinal.com\/index.php?rest_route=%2Fwp%2Fv2%2Ftags&post=6766"}],"curies":[{"name":"wp","href":"https:\/\/api.w.org\/{rel}","templated":true}]}}