{"id":6769,"date":"2026-08-18T20:44:31","date_gmt":"2026-08-19T02:44:31","guid":{"rendered":"https:\/\/elcardinal.com\/?p=6769"},"modified":"2026-08-18T20:44:31","modified_gmt":"2026-08-19T02:44:31","slug":"ricardo-crespo-arremete-contra-carolina-viggiano-no-nada-mas-ande-criticando-como-es-su-costumbre","status":"publish","type":"post","link":"https:\/\/elcardinal.com\/?p=6769","title":{"rendered":"Ricardo Crespo arremete contra Carolina Viggiano: \u201cNo nada m\u00e1s ande criticando como es su costumbre\u201d\u00a0"},"content":{"rendered":"<p>Redacci\u00f3n<\/p>\n<p>El diputado federal de Morena por Pachuca, Ricardo Crespo Arroyo, lanz\u00f3 un fuerte mensaje contra la senadora del PRI Carolina Viggiano Austria, a quien acus\u00f3 de estar \u201cdesesperada\u201d, buscar reflectores y realizar cr\u00edticas que, dijo, no corresponden a la labor de una legisladora.<\/p>\n<p>En un mensaje difundido en us redes coailes, Crespo Arroyo se refiri\u00f3 a un video en el que Viggiano cuestiona a legisladores y se\u00f1al\u00f3 que la senadora deber\u00eda concentrarse en su responsabilidad de legislar y trabajar por Hidalgo.<\/p>\n<p>\u201cHay que venirnos a donde nos toque y hacer lo que nos corresponde\u201d, afirm\u00f3 el legislador morenista, quien tambi\u00e9n destac\u00f3 el trabajo del gobernador Julio Menchaca y defendi\u00f3 las acciones impulsadas por Morena desde el Congreso de la Uni\u00f3n.<\/p>\n<p>Crespo sostuvo que los diputados federales han aprobado el presupuesto y diversas reformas constitucionales, entre ellas las relacionadas con la soberan\u00eda energ\u00e9tica, la Guardia Nacional, la reforma judicial y la protecci\u00f3n del ma\u00edz nativo.<\/p>\n<p>Pero el momento m\u00e1s fuerte de sus declaraciones lleg\u00f3 cuando cuestion\u00f3 a Viggiano por sus antecedentes pol\u00edticos y la acus\u00f3 de haber favorecido la permanencia de familiares en cargos p\u00fablicos.<\/p>\n<p>\u201cAs\u00ed como usted, as\u00ed dej\u00f3 la herencia para que se quedara su hermano\u201d, expres\u00f3 Crespo, al referirse al debate sobre el nepotismo en los cargos p\u00fablicos.<\/p>\n<p>Finalmente, el diputado pidi\u00f3 a la senadora dejar de lado las cr\u00edticas y concentrarse en impulsar leyes, presupuesto y acciones que beneficien a Hidalgo.<\/p>\n<p>\u201cNo nada m\u00e1s ande criticando como es su costumbre\u201d, remat\u00f3.<\/p>\n","protected":false},"excerpt":{"rendered":"<p>Redacci\u00f3n El diputado federal de Morena por Pachuca, Ricardo Crespo Arroyo, lanz\u00f3 un fuerte mensaje contra la senadora del PRI Carolina Viggiano Austria, a quien acus\u00f3 de estar \u201cdesesperada\u201d, buscar reflectores y realizar cr\u00edticas que, dijo, no corresponden a la labor de una legisladora. En un mensaje difundido en us redes coailes, Crespo Arroyo se<\/p>\n","protected":false},"author":2,"featured_media":6770,"comment_status":"open","ping_status":"open","sticky":false,"template":"","format":"standard","meta":{"footnotes":""},"categories":[31,44,39],"tags":[431,207],"class_list":["post-6769","post","type-post","status-publish","format-standard","has-post-thumbnail","category-hidalgo","category-minuto-a-minuto","category-politica","tag-carolina-viggiano","tag-ricardo-crespo"],"yoast_head":"<!-- This site is optimized with the Yoast SEO plugin v28.0 - https:\/\/yoast.com\/product\/yoast-seo-wordpress\/ -->\n<title>Ricardo Crespo arremete contra Carolina Viggiano: \u201cNo nada m\u00e1s ande criticando como es su costumbre\u201d\u00a0 - El Cardinal<\/title>\n<meta name=\"robots\" content=\"index, follow, max-snippet:-1, max-image-preview:large, max-video-preview:-1\" \/>\n<link rel=\"canonical\" href=\"https:\/\/elcardinal.com\/?p=6769\" \/>\n<meta property=\"og:locale\" content=\"es_MX\" \/>\n<meta property=\"og:type\" content=\"article\" \/>\n<meta property=\"og:title\" content=\"Ricardo Crespo arremete contra Carolina Viggiano: \u201cNo nada m\u00e1s ande criticando como es su costumbre\u201d\u00a0 - El Cardinal\" \/>\n<meta property=\"og:description\" content=\"Redacci\u00f3n El diputado federal de Morena por Pachuca, Ricardo Crespo Arroyo, lanz\u00f3 un fuerte mensaje contra la senadora del PRI Carolina Viggiano Austria, a quien acus\u00f3 de estar \u201cdesesperada\u201d, buscar reflectores y realizar cr\u00edticas que, dijo, no corresponden a la labor de una legisladora. En un mensaje difundido en us redes coailes, Crespo Arroyo se\" \/>\n<meta property=\"og:url\" content=\"https:\/\/elcardinal.com\/?p=6769\" \/>\n<meta property=\"og:site_name\" content=\"El Cardinal\" \/>\n<meta property=\"article:publisher\" content=\"https:\/\/www.facebook.com\/profile.php?id=100063093107011\" \/>\n<meta property=\"article:published_time\" content=\"2026-08-19T02:44:31+00:00\" \/>\n<meta property=\"og:image\" content=\"https:\/\/elcardinal.com\/wp-content\/uploads\/2026\/08\/483953455_1202629141250615_2091150514097188251_n.jpg\" \/>\n\t<meta property=\"og:image:width\" content=\"1440\" \/>\n\t<meta property=\"og:image:height\" content=\"958\" \/>\n\t<meta property=\"og:image:type\" content=\"image\/jpeg\" \/>\n<meta name=\"author\" content=\"Antonio Alcaraz\" \/>\n<meta name=\"twitter:card\" content=\"summary_large_image\" \/>\n<meta name=\"twitter:creator\" content=\"@ElCardinal_Mx\" \/>\n<meta name=\"twitter:site\" content=\"@ElCardinal_Mx\" \/>\n<meta name=\"twitter:label1\" content=\"Escrito por\" \/>\n\t<meta name=\"twitter:data1\" content=\"Antonio Alcaraz\" \/>\n\t<meta name=\"twitter:label2\" content=\"Tiempo de lectura\" \/>\n\t<meta name=\"twitter:data2\" content=\"2 minutos\" \/>\n<script type=\"application\/ld+json\" class=\"yoast-schema-graph\">{\"@context\":\"https:\\\/\\\/schema.org\",\"@graph\":[{\"@type\":\"Article\",\"@id\":\"https:\\\/\\\/elcardinal.com\\\/?p=6769#article\",\"isPartOf\":{\"@id\":\"https:\\\/\\\/elcardinal.com\\\/?p=6769\"},\"author\":{\"name\":\"Antonio Alcaraz\",\"@id\":\"https:\\\/\\\/elcardinal.com\\\/#\\\/schema\\\/person\\\/3c352ec0a33987fe275c0e8a2ea69f8b\"},\"headline\":\"Ricardo Crespo arremete contra Carolina Viggiano: \u201cNo nada m\u00e1s ande criticando como es su costumbre\u201d\u00a0\",\"datePublished\":\"2026-08-19T02:44:31+00:00\",\"mainEntityOfPage\":{\"@id\":\"https:\\\/\\\/elcardinal.com\\\/?p=6769\"},\"wordCount\":277,\"commentCount\":0,\"publisher\":{\"@id\":\"https:\\\/\\\/elcardinal.com\\\/#organization\"},\"image\":{\"@id\":\"https:\\\/\\\/elcardinal.com\\\/?p=6769#primaryimage\"},\"thumbnailUrl\":\"https:\\\/\\\/elcardinal.com\\\/wp-content\\\/uploads\\\/2026\\\/08\\\/483953455_1202629141250615_2091150514097188251_n.jpg\",\"keywords\":[\"Carolina Viggiano\",\"Ricardo Crespo\"],\"articleSection\":[\"Hidalgo\",\"Minuto a Minuto\",\"Pol\u00edtica\"],\"inLanguage\":\"es\",\"potentialAction\":[{\"@type\":\"CommentAction\",\"name\":\"Comment\",\"target\":[\"https:\\\/\\\/elcardinal.com\\\/?p=6769#respond\"]}]},{\"@type\":\"WebPage\",\"@id\":\"https:\\\/\\\/elcardinal.com\\\/?p=6769\",\"url\":\"https:\\\/\\\/elcardinal.com\\\/?p=6769\",\"name\":\"Ricardo Crespo arremete contra Carolina Viggiano: \u201cNo nada m\u00e1s ande criticando como es su costumbre\u201d\u00a0 - El Cardinal\",\"isPartOf\":{\"@id\":\"https:\\\/\\\/elcardinal.com\\\/#website\"},\"primaryImageOfPage\":{\"@id\":\"https:\\\/\\\/elcardinal.com\\\/?p=6769#primaryimage\"},\"image\":{\"@id\":\"https:\\\/\\\/elcardinal.com\\\/?p=6769#primaryimage\"},\"thumbnailUrl\":\"https:\\\/\\\/elcardinal.com\\\/wp-content\\\/uploads\\\/2026\\\/08\\\/483953455_1202629141250615_2091150514097188251_n.jpg\",\"datePublished\":\"2026-08-19T02:44:31+00:00\",\"breadcrumb\":{\"@id\":\"https:\\\/\\\/elcardinal.com\\\/?p=6769#breadcrumb\"},\"inLanguage\":\"es\",\"potentialAction\":[{\"@type\":\"ReadAction\",\"target\":[\"https:\\\/\\\/elcardinal.com\\\/?p=6769\"]}]},{\"@type\":\"ImageObject\",\"inLanguage\":\"es\",\"@id\":\"https:\\\/\\\/elcardinal.com\\\/?p=6769#primaryimage\",\"url\":\"https:\\\/\\\/elcardinal.com\\\/wp-content\\\/uploads\\\/2026\\\/08\\\/483953455_1202629141250615_2091150514097188251_n.jpg\",\"contentUrl\":\"https:\\\/\\\/elcardinal.com\\\/wp-content\\\/uploads\\\/2026\\\/08\\\/483953455_1202629141250615_2091150514097188251_n.jpg\",\"width\":1440,\"height\":958},{\"@type\":\"BreadcrumbList\",\"@id\":\"https:\\\/\\\/elcardinal.com\\\/?p=6769#breadcrumb\",\"itemListElement\":[{\"@type\":\"ListItem\",\"position\":1,\"name\":\"Inicio\",\"item\":\"https:\\\/\\\/elcardinal.com\\\/\"},{\"@type\":\"ListItem\",\"position\":2,\"name\":\"Ricardo Crespo arremete contra Carolina Viggiano: \u201cNo nada m\u00e1s ande criticando como es su costumbre\u201d\u00a0\"}]},{\"@type\":\"WebSite\",\"@id\":\"https:\\\/\\\/elcardinal.com\\\/#website\",\"url\":\"https:\\\/\\\/elcardinal.com\\\/\",\"name\":\"El Cardinal\",\"description\":\"Periodismo honesto, con valor, sentido humano, a veces sarc\u00e1stico y divertido.\",\"publisher\":{\"@id\":\"https:\\\/\\\/elcardinal.com\\\/#organization\"},\"alternateName\":\"El Cardinal Noticias\",\"potentialAction\":[{\"@type\":\"SearchAction\",\"target\":{\"@type\":\"EntryPoint\",\"urlTemplate\":\"https:\\\/\\\/elcardinal.com\\\/?s={search_term_string}\"},\"query-input\":{\"@type\":\"PropertyValueSpecification\",\"valueRequired\":true,\"valueName\":\"search_term_string\"}}],\"inLanguage\":\"es\"},{\"@type\":\"Organization\",\"@id\":\"https:\\\/\\\/elcardinal.com\\\/#organization\",\"name\":\"El Cardinal\",\"url\":\"https:\\\/\\\/elcardinal.com\\\/\",\"logo\":{\"@type\":\"ImageObject\",\"inLanguage\":\"es\",\"@id\":\"https:\\\/\\\/elcardinal.com\\\/#\\\/schema\\\/logo\\\/image\\\/\",\"url\":\"https:\\\/\\\/elcardinal.com\\\/wp-content\\\/uploads\\\/2025\\\/04\\\/LOGO-EL-CARDINAL-Periodismo-con-valor.png\",\"contentUrl\":\"https:\\\/\\\/elcardinal.com\\\/wp-content\\\/uploads\\\/2025\\\/04\\\/LOGO-EL-CARDINAL-Periodismo-con-valor.png\",\"width\":755,\"height\":636,\"caption\":\"El Cardinal\"},\"image\":{\"@id\":\"https:\\\/\\\/elcardinal.com\\\/#\\\/schema\\\/logo\\\/image\\\/\"},\"sameAs\":[\"https:\\\/\\\/www.facebook.com\\\/profile.php?id=100063093107011\",\"https:\\\/\\\/x.com\\\/ElCardinal_Mx\"]},{\"@type\":\"Person\",\"@id\":\"https:\\\/\\\/elcardinal.com\\\/#\\\/schema\\\/person\\\/3c352ec0a33987fe275c0e8a2ea69f8b\",\"name\":\"Antonio Alcaraz\",\"image\":{\"@type\":\"ImageObject\",\"inLanguage\":\"es\",\"@id\":\"https:\\\/\\\/elcardinal.com\\\/wp-content\\\/uploads\\\/2025\\\/05\\\/cropped-TONO-96x96.jpg\",\"url\":\"https:\\\/\\\/elcardinal.com\\\/wp-content\\\/uploads\\\/2025\\\/05\\\/cropped-TONO-96x96.jpg\",\"contentUrl\":\"https:\\\/\\\/elcardinal.com\\\/wp-content\\\/uploads\\\/2025\\\/05\\\/cropped-TONO-96x96.jpg\",\"caption\":\"Antonio Alcaraz\"},\"url\":\"https:\\\/\\\/elcardinal.com\\\/?author=2\"}]}<\/script>\n<!-- \/ Yoast SEO plugin. -->","yoast_head_json":{"title":"Ricardo Crespo arremete contra Carolina Viggiano: \u201cNo nada m\u00e1s ande criticando como es su costumbre\u201d\u00a0 - El Cardinal","robots":{"index":"index","follow":"follow","max-snippet":"max-snippet:-1","max-image-preview":"max-image-preview:large","max-video-preview":"max-video-preview:-1"},"canonical":"https:\/\/elcardinal.com\/?p=6769","og_locale":"es_MX","og_type":"article","og_title":"Ricardo Crespo arremete contra Carolina Viggiano: \u201cNo nada m\u00e1s ande criticando como es su costumbre\u201d\u00a0 - El Cardinal","og_description":"Redacci\u00f3n El diputado federal de Morena por Pachuca, Ricardo Crespo Arroyo, lanz\u00f3 un fuerte mensaje contra la senadora del PRI Carolina Viggiano Austria, a quien acus\u00f3 de estar \u201cdesesperada\u201d, buscar reflectores y realizar cr\u00edticas que, dijo, no corresponden a la labor de una legisladora. En un mensaje difundido en us redes coailes, Crespo Arroyo se","og_url":"https:\/\/elcardinal.com\/?p=6769","og_site_name":"El Cardinal","article_publisher":"https:\/\/www.facebook.com\/profile.php?id=100063093107011","article_published_time":"2026-08-19T02:44:31+00:00","og_image":[{"width":1440,"height":958,"url":"https:\/\/elcardinal.com\/wp-content\/uploads\/2026\/08\/483953455_1202629141250615_2091150514097188251_n.jpg","type":"image\/jpeg"}],"author":"Antonio Alcaraz","twitter_card":"summary_large_image","twitter_creator":"@ElCardinal_Mx","twitter_site":"@ElCardinal_Mx","twitter_misc":{"Escrito por":"Antonio Alcaraz","Tiempo de lectura":"2 minutos"},"schema":{"@context":"https:\/\/schema.org","@graph":[{"@type":"Article","@id":"https:\/\/elcardinal.com\/?p=6769#article","isPartOf":{"@id":"https:\/\/elcardinal.com\/?p=6769"},"author":{"name":"Antonio Alcaraz","@id":"https:\/\/elcardinal.com\/#\/schema\/person\/3c352ec0a33987fe275c0e8a2ea69f8b"},"headline":"Ricardo Crespo arremete contra Carolina Viggiano: \u201cNo nada m\u00e1s ande criticando como es su costumbre\u201d\u00a0","datePublished":"2026-08-19T02:44:31+00:00","mainEntityOfPage":{"@id":"https:\/\/elcardinal.com\/?p=6769"},"wordCount":277,"commentCount":0,"publisher":{"@id":"https:\/\/elcardinal.com\/#organization"},"image":{"@id":"https:\/\/elcardinal.com\/?p=6769#primaryimage"},"thumbnailUrl":"https:\/\/elcardinal.com\/wp-content\/uploads\/2026\/08\/483953455_1202629141250615_2091150514097188251_n.jpg","keywords":["Carolina Viggiano","Ricardo Crespo"],"articleSection":["Hidalgo","Minuto a Minuto","Pol\u00edtica"],"inLanguage":"es","potentialAction":[{"@type":"CommentAction","name":"Comment","target":["https:\/\/elcardinal.com\/?p=6769#respond"]}]},{"@type":"WebPage","@id":"https:\/\/elcardinal.com\/?p=6769","url":"https:\/\/elcardinal.com\/?p=6769","name":"Ricardo Crespo arremete contra Carolina Viggiano: \u201cNo nada m\u00e1s ande criticando como es su costumbre\u201d\u00a0 - El Cardinal","isPartOf":{"@id":"https:\/\/elcardinal.com\/#website"},"primaryImageOfPage":{"@id":"https:\/\/elcardinal.com\/?p=6769#primaryimage"},"image":{"@id":"https:\/\/elcardinal.com\/?p=6769#primaryimage"},"thumbnailUrl":"https:\/\/elcardinal.com\/wp-content\/uploads\/2026\/08\/483953455_1202629141250615_2091150514097188251_n.jpg","datePublished":"2026-08-19T02:44:31+00:00","breadcrumb":{"@id":"https:\/\/elcardinal.com\/?p=6769#breadcrumb"},"inLanguage":"es","potentialAction":[{"@type":"ReadAction","target":["https:\/\/elcardinal.com\/?p=6769"]}]},{"@type":"ImageObject","inLanguage":"es","@id":"https:\/\/elcardinal.com\/?p=6769#primaryimage","url":"https:\/\/elcardinal.com\/wp-content\/uploads\/2026\/08\/483953455_1202629141250615_2091150514097188251_n.jpg","contentUrl":"https:\/\/elcardinal.com\/wp-content\/uploads\/2026\/08\/483953455_1202629141250615_2091150514097188251_n.jpg","width":1440,"height":958},{"@type":"BreadcrumbList","@id":"https:\/\/elcardinal.com\/?p=6769#breadcrumb","itemListElement":[{"@type":"ListItem","position":1,"name":"Inicio","item":"https:\/\/elcardinal.com\/"},{"@type":"ListItem","position":2,"name":"Ricardo Crespo arremete contra Carolina Viggiano: \u201cNo nada m\u00e1s ande criticando como es su costumbre\u201d\u00a0"}]},{"@type":"WebSite","@id":"https:\/\/elcardinal.com\/#website","url":"https:\/\/elcardinal.com\/","name":"El Cardinal","description":"Periodismo honesto, con valor, sentido humano, a veces sarc\u00e1stico y divertido.","publisher":{"@id":"https:\/\/elcardinal.com\/#organization"},"alternateName":"El Cardinal Noticias","potentialAction":[{"@type":"SearchAction","target":{"@type":"EntryPoint","urlTemplate":"https:\/\/elcardinal.com\/?s={search_term_string}"},"query-input":{"@type":"PropertyValueSpecification","valueRequired":true,"valueName":"search_term_string"}}],"inLanguage":"es"},{"@type":"Organization","@id":"https:\/\/elcardinal.com\/#organization","name":"El Cardinal","url":"https:\/\/elcardinal.com\/","logo":{"@type":"ImageObject","inLanguage":"es","@id":"https:\/\/elcardinal.com\/#\/schema\/logo\/image\/","url":"https:\/\/elcardinal.com\/wp-content\/uploads\/2025\/04\/LOGO-EL-CARDINAL-Periodismo-con-valor.png","contentUrl":"https:\/\/elcardinal.com\/wp-content\/uploads\/2025\/04\/LOGO-EL-CARDINAL-Periodismo-con-valor.png","width":755,"height":636,"caption":"El Cardinal"},"image":{"@id":"https:\/\/elcardinal.com\/#\/schema\/logo\/image\/"},"sameAs":["https:\/\/www.facebook.com\/profile.php?id=100063093107011","https:\/\/x.com\/ElCardinal_Mx"]},{"@type":"Person","@id":"https:\/\/elcardinal.com\/#\/schema\/person\/3c352ec0a33987fe275c0e8a2ea69f8b","name":"Antonio Alcaraz","image":{"@type":"ImageObject","inLanguage":"es","@id":"https:\/\/elcardinal.com\/wp-content\/uploads\/2025\/05\/cropped-TONO-96x96.jpg","url":"https:\/\/elcardinal.com\/wp-content\/uploads\/2025\/05\/cropped-TONO-96x96.jpg","contentUrl":"https:\/\/elcardinal.com\/wp-content\/uploads\/2025\/05\/cropped-TONO-96x96.jpg","caption":"Antonio Alcaraz"},"url":"https:\/\/elcardinal.com\/?author=2"}]}},"_links":{"self":[{"href":"https:\/\/elcardinal.com\/index.php?rest_route=\/wp\/v2\/posts\/6769","targetHints":{"allow":["GET"]}}],"collection":[{"href":"https:\/\/elcardinal.com\/index.php?rest_route=\/wp\/v2\/posts"}],"about":[{"href":"https:\/\/elcardinal.com\/index.php?rest_route=\/wp\/v2\/types\/post"}],"author":[{"embeddable":true,"href":"https:\/\/elcardinal.com\/index.php?rest_route=\/wp\/v2\/users\/2"}],"replies":[{"embeddable":true,"href":"https:\/\/elcardinal.com\/index.php?rest_route=%2Fwp%2Fv2%2Fcomments&post=6769"}],"version-history":[{"count":1,"href":"https:\/\/elcardinal.com\/index.php?rest_route=\/wp\/v2\/posts\/6769\/revisions"}],"predecessor-version":[{"id":6771,"href":"https:\/\/elcardinal.com\/index.php?rest_route=\/wp\/v2\/posts\/6769\/revisions\/6771"}],"wp:featuredmedia":[{"embeddable":true,"href":"https:\/\/elcardinal.com\/index.php?rest_route=\/wp\/v2\/media\/6770"}],"wp:attachment":[{"href":"https:\/\/elcardinal.com\/index.php?rest_route=%2Fwp%2Fv2%2Fmedia&parent=6769"}],"wp:term":[{"taxonomy":"category","embeddable":true,"href":"https:\/\/elcardinal.com\/index.php?rest_route=%2Fwp%2Fv2%2Fcategories&post=6769"},{"taxonomy":"post_tag","embeddable":true,"href":"https:\/\/elcardinal.com\/index.php?rest_route=%2Fwp%2Fv2%2Ftags&post=6769"}],"curies":[{"name":"wp","href":"https:\/\/api.w.org\/{rel}","templated":true}]}}