{"id":6772,"date":"2026-08-18T21:19:25","date_gmt":"2026-08-19T03:19:25","guid":{"rendered":"https:\/\/elcardinal.com\/?p=6772"},"modified":"2026-08-18T21:19:25","modified_gmt":"2026-08-19T03:19:25","slug":"julio-menchaca-convoca-a-los-tres-poderes-a-trabajar-por-la-entidad","status":"publish","type":"post","link":"https:\/\/elcardinal.com\/?p=6772","title":{"rendered":"Julio Menchaca convoca a los tres Poderes a trabajar por la entidad\u00a0\u00a0\u00a0\u00a0\u00a0\u00a0\u00a0\u00a0\u00a0\u00a0"},"content":{"rendered":"<p><b>\u00a0Redacci\u00f3n\u00a0<\/b><\/p>\n<p><span style=\"font-weight: 400;\">Con el compromiso de consolidar la coordinaci\u00f3n entre el Poder Ejecutivo y el Judicial para garantizar una justicia cercana y expedita, el gobernador Julio Menchaca Salazar acompa\u00f1\u00f3 a la presidenta del Tribunal Superior de Justicia del Estado de Hidalgo (TSJEH), Rebeca Stella Aladro Echeverr\u00eda, en su Cuarto Informe de Actividades.<\/span><\/p>\n<p><span style=\"font-weight: 400;\">\u201cFelicito el gran trabajo realizado por todo el Poder Judicial, por el liderazgo de la magistrada presidenta y hago una convocatoria permanente a seguir trabajando por nuestro estado, porque desde cada trinchera en donde desarrollamos nuestras funciones estamos construyendo un mejor estado y un mejor pa\u00eds; M\u00e9xico se lo merece\u201d, puntualiz\u00f3 el mandatario estatal.<\/span><\/p>\n<p><span style=\"font-weight: 400;\">Desde el Auditorio Gota de Plata, en la capital hidalguense, Menchaca Salazar refiri\u00f3 que la labor de miles de mujeres y hombres que conforman al TSJEH busca atender un reclamo social muy sentido: la justicia; adem\u00e1s de brindar certeza jur\u00eddica e impulsar la generaci\u00f3n de mejores condiciones de vida para la poblaci\u00f3n de la entidad.<\/span><\/p>\n<p><span style=\"font-weight: 400;\">Durante su mensaje Rebeca Stella Aladro Echeverr\u00eda, presidenta del TSJEH, coincidi\u00f3 en que la familia judicial trabaja en un contexto de transformaciones para la justicia mexicana, sumado a la implementaci\u00f3n de una estrategia integral de atenci\u00f3n que deriv\u00f3 en m\u00e1s de 37 mil tr\u00e1mites y servicios brindados y la resoluci\u00f3n de m\u00e1s de 51 mil asuntos; sumado a la creaci\u00f3n del Juzgado Familiar Especializado y el Juzgado Especializado Mixto en Violencia Familiar en contra de las Mujeres.<\/span><\/p>\n<p><span style=\"font-weight: 400;\">\u201cHace cuatro a\u00f1os asumimos una enorme responsabilidad, hoy podemos afirmar que esa responsabilidad se ha convertido en resultados, en mayores capacidades institucionales y en una visi\u00f3n clara de hacia d\u00f3nde debemos seguir avanzando; no hemos terminado, tenemos mucho por consolidar porque la justicia siempre exige m\u00e1s\u201d, enfatiz\u00f3 Aladro Echeverr\u00eda al agradecer a los titulares de los Poderes Ejecutivo y Legislativo, Julio Menchaca y Andr\u00e9s Vel\u00e1zquez V\u00e1zquez, respectivamente, por establecer un di\u00e1logo institucional que construye desde el respeto absoluto, en favor de la entidad.<\/span><\/p>\n<p><span style=\"font-weight: 400;\">\u201cHidalgo tiene voz en la agenda nacional\u201d, afirm\u00f3 Rafael Guerra \u00c1lvarez, presidente del Tribunal Superior de Justicia de la Ciudad de M\u00e9xico y de la Comisi\u00f3n Nacional de Tribunales Superiores de Justicia de los Estados Unidos Mexicanos, quien expres\u00f3 su reconocimiento a la magistrada Rebeca Aladro y a la coordinaci\u00f3n entre los tres Poderes de Hidalgo, que se traduce en beneficio de la ciudadan\u00eda.<\/span><\/p>\n","protected":false},"excerpt":{"rendered":"<p>\u00a0Redacci\u00f3n\u00a0 Con el compromiso de consolidar la coordinaci\u00f3n entre el Poder Ejecutivo y el Judicial para garantizar una justicia cercana y expedita, el gobernador Julio Menchaca Salazar acompa\u00f1\u00f3 a la presidenta del Tribunal Superior de Justicia del Estado de Hidalgo (TSJEH), Rebeca Stella Aladro Echeverr\u00eda, en su Cuarto Informe de Actividades. \u201cFelicito el gran trabajo<\/p>\n","protected":false},"author":2,"featured_media":6773,"comment_status":"open","ping_status":"open","sticky":false,"template":"","format":"standard","meta":{"footnotes":""},"categories":[31,44,39],"tags":[],"class_list":["post-6772","post","type-post","status-publish","format-standard","has-post-thumbnail","category-hidalgo","category-minuto-a-minuto","category-politica"],"yoast_head":"<!-- This site is optimized with the Yoast SEO plugin v28.0 - https:\/\/yoast.com\/product\/yoast-seo-wordpress\/ -->\n<title>Julio Menchaca convoca a los tres Poderes a trabajar por la entidad\u00a0\u00a0\u00a0\u00a0\u00a0\u00a0\u00a0\u00a0\u00a0\u00a0 - El Cardinal<\/title>\n<meta name=\"robots\" content=\"index, follow, max-snippet:-1, max-image-preview:large, max-video-preview:-1\" \/>\n<link rel=\"canonical\" href=\"https:\/\/elcardinal.com\/?p=6772\" \/>\n<meta property=\"og:locale\" content=\"es_MX\" \/>\n<meta property=\"og:type\" content=\"article\" \/>\n<meta property=\"og:title\" content=\"Julio Menchaca convoca a los tres Poderes a trabajar por la entidad\u00a0\u00a0\u00a0\u00a0\u00a0\u00a0\u00a0\u00a0\u00a0\u00a0 - El Cardinal\" \/>\n<meta property=\"og:description\" content=\"\u00a0Redacci\u00f3n\u00a0 Con el compromiso de consolidar la coordinaci\u00f3n entre el Poder Ejecutivo y el Judicial para garantizar una justicia cercana y expedita, el gobernador Julio Menchaca Salazar acompa\u00f1\u00f3 a la presidenta del Tribunal Superior de Justicia del Estado de Hidalgo (TSJEH), Rebeca Stella Aladro Echeverr\u00eda, en su Cuarto Informe de Actividades. \u201cFelicito el gran trabajo\" \/>\n<meta property=\"og:url\" content=\"https:\/\/elcardinal.com\/?p=6772\" \/>\n<meta property=\"og:site_name\" content=\"El Cardinal\" \/>\n<meta property=\"article:publisher\" content=\"https:\/\/www.facebook.com\/profile.php?id=100063093107011\" \/>\n<meta property=\"article:published_time\" content=\"2026-08-19T03:19:25+00:00\" \/>\n<meta property=\"og:image\" content=\"https:\/\/elcardinal.com\/wp-content\/uploads\/2026\/08\/180826_GOBERNADOR_4to-INFORME-DE-ACTIVIDADES-REBECA-ALADRO-ECHEVERRIA_PACHUCA_LG-8-scaled.jpg\" \/>\n\t<meta property=\"og:image:width\" content=\"2560\" \/>\n\t<meta property=\"og:image:height\" content=\"1707\" \/>\n\t<meta property=\"og:image:type\" content=\"image\/jpeg\" \/>\n<meta name=\"author\" content=\"Antonio Alcaraz\" \/>\n<meta name=\"twitter:card\" content=\"summary_large_image\" \/>\n<meta name=\"twitter:creator\" content=\"@ElCardinal_Mx\" \/>\n<meta name=\"twitter:site\" content=\"@ElCardinal_Mx\" \/>\n<meta name=\"twitter:label1\" content=\"Escrito por\" \/>\n\t<meta name=\"twitter:data1\" content=\"Antonio Alcaraz\" \/>\n\t<meta name=\"twitter:label2\" content=\"Tiempo de lectura\" \/>\n\t<meta name=\"twitter:data2\" content=\"2 minutos\" \/>\n<script type=\"application\/ld+json\" class=\"yoast-schema-graph\">{\"@context\":\"https:\\\/\\\/schema.org\",\"@graph\":[{\"@type\":\"Article\",\"@id\":\"https:\\\/\\\/elcardinal.com\\\/?p=6772#article\",\"isPartOf\":{\"@id\":\"https:\\\/\\\/elcardinal.com\\\/?p=6772\"},\"author\":{\"name\":\"Antonio Alcaraz\",\"@id\":\"https:\\\/\\\/elcardinal.com\\\/#\\\/schema\\\/person\\\/3c352ec0a33987fe275c0e8a2ea69f8b\"},\"headline\":\"Julio Menchaca convoca a los tres Poderes a trabajar por la entidad\u00a0\u00a0\u00a0\u00a0\u00a0\u00a0\u00a0\u00a0\u00a0\u00a0\",\"datePublished\":\"2026-08-19T03:19:25+00:00\",\"mainEntityOfPage\":{\"@id\":\"https:\\\/\\\/elcardinal.com\\\/?p=6772\"},\"wordCount\":424,\"commentCount\":0,\"publisher\":{\"@id\":\"https:\\\/\\\/elcardinal.com\\\/#organization\"},\"image\":{\"@id\":\"https:\\\/\\\/elcardinal.com\\\/?p=6772#primaryimage\"},\"thumbnailUrl\":\"https:\\\/\\\/elcardinal.com\\\/wp-content\\\/uploads\\\/2026\\\/08\\\/180826_GOBERNADOR_4to-INFORME-DE-ACTIVIDADES-REBECA-ALADRO-ECHEVERRIA_PACHUCA_LG-8-scaled.jpg\",\"articleSection\":[\"Hidalgo\",\"Minuto a Minuto\",\"Pol\u00edtica\"],\"inLanguage\":\"es\",\"potentialAction\":[{\"@type\":\"CommentAction\",\"name\":\"Comment\",\"target\":[\"https:\\\/\\\/elcardinal.com\\\/?p=6772#respond\"]}]},{\"@type\":\"WebPage\",\"@id\":\"https:\\\/\\\/elcardinal.com\\\/?p=6772\",\"url\":\"https:\\\/\\\/elcardinal.com\\\/?p=6772\",\"name\":\"Julio Menchaca convoca a los tres Poderes a trabajar por la entidad\u00a0\u00a0\u00a0\u00a0\u00a0\u00a0\u00a0\u00a0\u00a0\u00a0 - El Cardinal\",\"isPartOf\":{\"@id\":\"https:\\\/\\\/elcardinal.com\\\/#website\"},\"primaryImageOfPage\":{\"@id\":\"https:\\\/\\\/elcardinal.com\\\/?p=6772#primaryimage\"},\"image\":{\"@id\":\"https:\\\/\\\/elcardinal.com\\\/?p=6772#primaryimage\"},\"thumbnailUrl\":\"https:\\\/\\\/elcardinal.com\\\/wp-content\\\/uploads\\\/2026\\\/08\\\/180826_GOBERNADOR_4to-INFORME-DE-ACTIVIDADES-REBECA-ALADRO-ECHEVERRIA_PACHUCA_LG-8-scaled.jpg\",\"datePublished\":\"2026-08-19T03:19:25+00:00\",\"breadcrumb\":{\"@id\":\"https:\\\/\\\/elcardinal.com\\\/?p=6772#breadcrumb\"},\"inLanguage\":\"es\",\"potentialAction\":[{\"@type\":\"ReadAction\",\"target\":[\"https:\\\/\\\/elcardinal.com\\\/?p=6772\"]}]},{\"@type\":\"ImageObject\",\"inLanguage\":\"es\",\"@id\":\"https:\\\/\\\/elcardinal.com\\\/?p=6772#primaryimage\",\"url\":\"https:\\\/\\\/elcardinal.com\\\/wp-content\\\/uploads\\\/2026\\\/08\\\/180826_GOBERNADOR_4to-INFORME-DE-ACTIVIDADES-REBECA-ALADRO-ECHEVERRIA_PACHUCA_LG-8-scaled.jpg\",\"contentUrl\":\"https:\\\/\\\/elcardinal.com\\\/wp-content\\\/uploads\\\/2026\\\/08\\\/180826_GOBERNADOR_4to-INFORME-DE-ACTIVIDADES-REBECA-ALADRO-ECHEVERRIA_PACHUCA_LG-8-scaled.jpg\",\"width\":2560,\"height\":1707},{\"@type\":\"BreadcrumbList\",\"@id\":\"https:\\\/\\\/elcardinal.com\\\/?p=6772#breadcrumb\",\"itemListElement\":[{\"@type\":\"ListItem\",\"position\":1,\"name\":\"Inicio\",\"item\":\"https:\\\/\\\/elcardinal.com\\\/\"},{\"@type\":\"ListItem\",\"position\":2,\"name\":\"Julio Menchaca convoca a los tres Poderes a trabajar por la entidad\u00a0\u00a0\u00a0\u00a0\u00a0\u00a0\u00a0\u00a0\u00a0\u00a0\"}]},{\"@type\":\"WebSite\",\"@id\":\"https:\\\/\\\/elcardinal.com\\\/#website\",\"url\":\"https:\\\/\\\/elcardinal.com\\\/\",\"name\":\"El Cardinal\",\"description\":\"Periodismo honesto, con valor, sentido humano, a veces sarc\u00e1stico y divertido.\",\"publisher\":{\"@id\":\"https:\\\/\\\/elcardinal.com\\\/#organization\"},\"alternateName\":\"El Cardinal Noticias\",\"potentialAction\":[{\"@type\":\"SearchAction\",\"target\":{\"@type\":\"EntryPoint\",\"urlTemplate\":\"https:\\\/\\\/elcardinal.com\\\/?s={search_term_string}\"},\"query-input\":{\"@type\":\"PropertyValueSpecification\",\"valueRequired\":true,\"valueName\":\"search_term_string\"}}],\"inLanguage\":\"es\"},{\"@type\":\"Organization\",\"@id\":\"https:\\\/\\\/elcardinal.com\\\/#organization\",\"name\":\"El Cardinal\",\"url\":\"https:\\\/\\\/elcardinal.com\\\/\",\"logo\":{\"@type\":\"ImageObject\",\"inLanguage\":\"es\",\"@id\":\"https:\\\/\\\/elcardinal.com\\\/#\\\/schema\\\/logo\\\/image\\\/\",\"url\":\"https:\\\/\\\/elcardinal.com\\\/wp-content\\\/uploads\\\/2025\\\/04\\\/LOGO-EL-CARDINAL-Periodismo-con-valor.png\",\"contentUrl\":\"https:\\\/\\\/elcardinal.com\\\/wp-content\\\/uploads\\\/2025\\\/04\\\/LOGO-EL-CARDINAL-Periodismo-con-valor.png\",\"width\":755,\"height\":636,\"caption\":\"El Cardinal\"},\"image\":{\"@id\":\"https:\\\/\\\/elcardinal.com\\\/#\\\/schema\\\/logo\\\/image\\\/\"},\"sameAs\":[\"https:\\\/\\\/www.facebook.com\\\/profile.php?id=100063093107011\",\"https:\\\/\\\/x.com\\\/ElCardinal_Mx\"]},{\"@type\":\"Person\",\"@id\":\"https:\\\/\\\/elcardinal.com\\\/#\\\/schema\\\/person\\\/3c352ec0a33987fe275c0e8a2ea69f8b\",\"name\":\"Antonio Alcaraz\",\"image\":{\"@type\":\"ImageObject\",\"inLanguage\":\"es\",\"@id\":\"https:\\\/\\\/elcardinal.com\\\/wp-content\\\/uploads\\\/2025\\\/05\\\/cropped-TONO-96x96.jpg\",\"url\":\"https:\\\/\\\/elcardinal.com\\\/wp-content\\\/uploads\\\/2025\\\/05\\\/cropped-TONO-96x96.jpg\",\"contentUrl\":\"https:\\\/\\\/elcardinal.com\\\/wp-content\\\/uploads\\\/2025\\\/05\\\/cropped-TONO-96x96.jpg\",\"caption\":\"Antonio Alcaraz\"},\"url\":\"https:\\\/\\\/elcardinal.com\\\/?author=2\"}]}<\/script>\n<!-- \/ Yoast SEO plugin. -->","yoast_head_json":{"title":"Julio Menchaca convoca a los tres Poderes a trabajar por la entidad\u00a0\u00a0\u00a0\u00a0\u00a0\u00a0\u00a0\u00a0\u00a0\u00a0 - El Cardinal","robots":{"index":"index","follow":"follow","max-snippet":"max-snippet:-1","max-image-preview":"max-image-preview:large","max-video-preview":"max-video-preview:-1"},"canonical":"https:\/\/elcardinal.com\/?p=6772","og_locale":"es_MX","og_type":"article","og_title":"Julio Menchaca convoca a los tres Poderes a trabajar por la entidad\u00a0\u00a0\u00a0\u00a0\u00a0\u00a0\u00a0\u00a0\u00a0\u00a0 - El Cardinal","og_description":"\u00a0Redacci\u00f3n\u00a0 Con el compromiso de consolidar la coordinaci\u00f3n entre el Poder Ejecutivo y el Judicial para garantizar una justicia cercana y expedita, el gobernador Julio Menchaca Salazar acompa\u00f1\u00f3 a la presidenta del Tribunal Superior de Justicia del Estado de Hidalgo (TSJEH), Rebeca Stella Aladro Echeverr\u00eda, en su Cuarto Informe de Actividades. \u201cFelicito el gran trabajo","og_url":"https:\/\/elcardinal.com\/?p=6772","og_site_name":"El Cardinal","article_publisher":"https:\/\/www.facebook.com\/profile.php?id=100063093107011","article_published_time":"2026-08-19T03:19:25+00:00","og_image":[{"width":2560,"height":1707,"url":"https:\/\/elcardinal.com\/wp-content\/uploads\/2026\/08\/180826_GOBERNADOR_4to-INFORME-DE-ACTIVIDADES-REBECA-ALADRO-ECHEVERRIA_PACHUCA_LG-8-scaled.jpg","type":"image\/jpeg"}],"author":"Antonio Alcaraz","twitter_card":"summary_large_image","twitter_creator":"@ElCardinal_Mx","twitter_site":"@ElCardinal_Mx","twitter_misc":{"Escrito por":"Antonio Alcaraz","Tiempo de lectura":"2 minutos"},"schema":{"@context":"https:\/\/schema.org","@graph":[{"@type":"Article","@id":"https:\/\/elcardinal.com\/?p=6772#article","isPartOf":{"@id":"https:\/\/elcardinal.com\/?p=6772"},"author":{"name":"Antonio Alcaraz","@id":"https:\/\/elcardinal.com\/#\/schema\/person\/3c352ec0a33987fe275c0e8a2ea69f8b"},"headline":"Julio Menchaca convoca a los tres Poderes a trabajar por la entidad\u00a0\u00a0\u00a0\u00a0\u00a0\u00a0\u00a0\u00a0\u00a0\u00a0","datePublished":"2026-08-19T03:19:25+00:00","mainEntityOfPage":{"@id":"https:\/\/elcardinal.com\/?p=6772"},"wordCount":424,"commentCount":0,"publisher":{"@id":"https:\/\/elcardinal.com\/#organization"},"image":{"@id":"https:\/\/elcardinal.com\/?p=6772#primaryimage"},"thumbnailUrl":"https:\/\/elcardinal.com\/wp-content\/uploads\/2026\/08\/180826_GOBERNADOR_4to-INFORME-DE-ACTIVIDADES-REBECA-ALADRO-ECHEVERRIA_PACHUCA_LG-8-scaled.jpg","articleSection":["Hidalgo","Minuto a Minuto","Pol\u00edtica"],"inLanguage":"es","potentialAction":[{"@type":"CommentAction","name":"Comment","target":["https:\/\/elcardinal.com\/?p=6772#respond"]}]},{"@type":"WebPage","@id":"https:\/\/elcardinal.com\/?p=6772","url":"https:\/\/elcardinal.com\/?p=6772","name":"Julio Menchaca convoca a los tres Poderes a trabajar por la entidad\u00a0\u00a0\u00a0\u00a0\u00a0\u00a0\u00a0\u00a0\u00a0\u00a0 - El Cardinal","isPartOf":{"@id":"https:\/\/elcardinal.com\/#website"},"primaryImageOfPage":{"@id":"https:\/\/elcardinal.com\/?p=6772#primaryimage"},"image":{"@id":"https:\/\/elcardinal.com\/?p=6772#primaryimage"},"thumbnailUrl":"https:\/\/elcardinal.com\/wp-content\/uploads\/2026\/08\/180826_GOBERNADOR_4to-INFORME-DE-ACTIVIDADES-REBECA-ALADRO-ECHEVERRIA_PACHUCA_LG-8-scaled.jpg","datePublished":"2026-08-19T03:19:25+00:00","breadcrumb":{"@id":"https:\/\/elcardinal.com\/?p=6772#breadcrumb"},"inLanguage":"es","potentialAction":[{"@type":"ReadAction","target":["https:\/\/elcardinal.com\/?p=6772"]}]},{"@type":"ImageObject","inLanguage":"es","@id":"https:\/\/elcardinal.com\/?p=6772#primaryimage","url":"https:\/\/elcardinal.com\/wp-content\/uploads\/2026\/08\/180826_GOBERNADOR_4to-INFORME-DE-ACTIVIDADES-REBECA-ALADRO-ECHEVERRIA_PACHUCA_LG-8-scaled.jpg","contentUrl":"https:\/\/elcardinal.com\/wp-content\/uploads\/2026\/08\/180826_GOBERNADOR_4to-INFORME-DE-ACTIVIDADES-REBECA-ALADRO-ECHEVERRIA_PACHUCA_LG-8-scaled.jpg","width":2560,"height":1707},{"@type":"BreadcrumbList","@id":"https:\/\/elcardinal.com\/?p=6772#breadcrumb","itemListElement":[{"@type":"ListItem","position":1,"name":"Inicio","item":"https:\/\/elcardinal.com\/"},{"@type":"ListItem","position":2,"name":"Julio Menchaca convoca a los tres Poderes a trabajar por la entidad\u00a0\u00a0\u00a0\u00a0\u00a0\u00a0\u00a0\u00a0\u00a0\u00a0"}]},{"@type":"WebSite","@id":"https:\/\/elcardinal.com\/#website","url":"https:\/\/elcardinal.com\/","name":"El Cardinal","description":"Periodismo honesto, con valor, sentido humano, a veces sarc\u00e1stico y divertido.","publisher":{"@id":"https:\/\/elcardinal.com\/#organization"},"alternateName":"El Cardinal Noticias","potentialAction":[{"@type":"SearchAction","target":{"@type":"EntryPoint","urlTemplate":"https:\/\/elcardinal.com\/?s={search_term_string}"},"query-input":{"@type":"PropertyValueSpecification","valueRequired":true,"valueName":"search_term_string"}}],"inLanguage":"es"},{"@type":"Organization","@id":"https:\/\/elcardinal.com\/#organization","name":"El Cardinal","url":"https:\/\/elcardinal.com\/","logo":{"@type":"ImageObject","inLanguage":"es","@id":"https:\/\/elcardinal.com\/#\/schema\/logo\/image\/","url":"https:\/\/elcardinal.com\/wp-content\/uploads\/2025\/04\/LOGO-EL-CARDINAL-Periodismo-con-valor.png","contentUrl":"https:\/\/elcardinal.com\/wp-content\/uploads\/2025\/04\/LOGO-EL-CARDINAL-Periodismo-con-valor.png","width":755,"height":636,"caption":"El Cardinal"},"image":{"@id":"https:\/\/elcardinal.com\/#\/schema\/logo\/image\/"},"sameAs":["https:\/\/www.facebook.com\/profile.php?id=100063093107011","https:\/\/x.com\/ElCardinal_Mx"]},{"@type":"Person","@id":"https:\/\/elcardinal.com\/#\/schema\/person\/3c352ec0a33987fe275c0e8a2ea69f8b","name":"Antonio Alcaraz","image":{"@type":"ImageObject","inLanguage":"es","@id":"https:\/\/elcardinal.com\/wp-content\/uploads\/2025\/05\/cropped-TONO-96x96.jpg","url":"https:\/\/elcardinal.com\/wp-content\/uploads\/2025\/05\/cropped-TONO-96x96.jpg","contentUrl":"https:\/\/elcardinal.com\/wp-content\/uploads\/2025\/05\/cropped-TONO-96x96.jpg","caption":"Antonio Alcaraz"},"url":"https:\/\/elcardinal.com\/?author=2"}]}},"_links":{"self":[{"href":"https:\/\/elcardinal.com\/index.php?rest_route=\/wp\/v2\/posts\/6772","targetHints":{"allow":["GET"]}}],"collection":[{"href":"https:\/\/elcardinal.com\/index.php?rest_route=\/wp\/v2\/posts"}],"about":[{"href":"https:\/\/elcardinal.com\/index.php?rest_route=\/wp\/v2\/types\/post"}],"author":[{"embeddable":true,"href":"https:\/\/elcardinal.com\/index.php?rest_route=\/wp\/v2\/users\/2"}],"replies":[{"embeddable":true,"href":"https:\/\/elcardinal.com\/index.php?rest_route=%2Fwp%2Fv2%2Fcomments&post=6772"}],"version-history":[{"count":1,"href":"https:\/\/elcardinal.com\/index.php?rest_route=\/wp\/v2\/posts\/6772\/revisions"}],"predecessor-version":[{"id":6774,"href":"https:\/\/elcardinal.com\/index.php?rest_route=\/wp\/v2\/posts\/6772\/revisions\/6774"}],"wp:featuredmedia":[{"embeddable":true,"href":"https:\/\/elcardinal.com\/index.php?rest_route=\/wp\/v2\/media\/6773"}],"wp:attachment":[{"href":"https:\/\/elcardinal.com\/index.php?rest_route=%2Fwp%2Fv2%2Fmedia&parent=6772"}],"wp:term":[{"taxonomy":"category","embeddable":true,"href":"https:\/\/elcardinal.com\/index.php?rest_route=%2Fwp%2Fv2%2Fcategories&post=6772"},{"taxonomy":"post_tag","embeddable":true,"href":"https:\/\/elcardinal.com\/index.php?rest_route=%2Fwp%2Fv2%2Ftags&post=6772"}],"curies":[{"name":"wp","href":"https:\/\/api.w.org\/{rel}","templated":true}]}}