{"id":6781,"date":"2026-08-19T18:31:17","date_gmt":"2026-08-20T00:31:17","guid":{"rendered":"https:\/\/elcardinal.com\/?p=6781"},"modified":"2026-08-19T18:31:17","modified_gmt":"2026-08-20T00:31:17","slug":"congreso-de-hidalgo-atiende-solicitudes-de-habitantes-del-cardonal","status":"publish","type":"post","link":"https:\/\/elcardinal.com\/?p=6781","title":{"rendered":"Congreso de Hidalgo atiende solicitudes de habitantes del Cardonal"},"content":{"rendered":"<p>Redacci\u00f3n<\/p>\n<p><span style=\"font-weight: 400;\">Representantes de diversas comunidades del municipio de Cardonal acudieron al <\/span><b>Congreso del Estado de Hidalgo<\/b><span style=\"font-weight: 400;\"> para exponer sus inquietudes y solicitar acompa\u00f1amiento institucional ante diversas situaciones relacionadas con la operaci\u00f3n del ayuntamiento, particularmente con la autorizaci\u00f3n y ejecuci\u00f3n de obras p\u00fablicas.<\/span><\/p>\n<p><span style=\"font-weight: 400;\">Ante estos planteamientos, el presidente de la Junta de Gobierno, <\/span><b>diputado Andr\u00e9s Vel\u00e1zquez V\u00e1zquez<\/b><span style=\"font-weight: 400;\"> afirm\u00f3 que existe el compromiso institucional de vigilar el ejercicio adecuado de los recursos p\u00fablicos y garantizar que los presupuestos aprobados para Cardonal sean aplicados conforme a la normatividad.<\/span><\/p>\n<p><img fetchpriority=\"high\" decoding=\"async\" class=\"size-medium wp-image-6783 alignleft\" src=\"https:\/\/elcardinal.com\/wp-content\/uploads\/2026\/08\/19.08.2026-Atencion-ciudadana-El-Cardonal-33-300x200.jpg\" alt=\"\" width=\"300\" height=\"200\" srcset=\"https:\/\/elcardinal.com\/wp-content\/uploads\/2026\/08\/19.08.2026-Atencion-ciudadana-El-Cardonal-33-300x200.jpg 300w, https:\/\/elcardinal.com\/wp-content\/uploads\/2026\/08\/19.08.2026-Atencion-ciudadana-El-Cardonal-33-1024x683.jpg 1024w, https:\/\/elcardinal.com\/wp-content\/uploads\/2026\/08\/19.08.2026-Atencion-ciudadana-El-Cardonal-33-768x512.jpg 768w, https:\/\/elcardinal.com\/wp-content\/uploads\/2026\/08\/19.08.2026-Atencion-ciudadana-El-Cardonal-33-1536x1024.jpg 1536w, https:\/\/elcardinal.com\/wp-content\/uploads\/2026\/08\/19.08.2026-Atencion-ciudadana-El-Cardonal-33-2048x1365.jpg 2048w, https:\/\/elcardinal.com\/wp-content\/uploads\/2026\/08\/19.08.2026-Atencion-ciudadana-El-Cardonal-33-150x100.jpg 150w, https:\/\/elcardinal.com\/wp-content\/uploads\/2026\/08\/19.08.2026-Atencion-ciudadana-El-Cardonal-33-450x300.jpg 450w, https:\/\/elcardinal.com\/wp-content\/uploads\/2026\/08\/19.08.2026-Atencion-ciudadana-El-Cardonal-33-1200x800.jpg 1200w\" sizes=\"(max-width: 300px) 100vw, 300px\" \/><\/p>\n<p><span style=\"font-weight: 400;\">Precis\u00f3 que las obras que cuentan con presupuesto autorizado deben continuar y que, en caso de existir responsabilidades derivadas de la actuaci\u00f3n de servidores p\u00fablicos, corresponder\u00e1 a las instancias fiscalizadoras determinar lo conducente.<\/span><\/p>\n<p><span style=\"font-weight: 400;\">Por su parte, el subsecretario de Gobierno, <\/span><b>Jos\u00e9<\/b> <b>Arturo Sosa Echeverr\u00eda<\/b><span style=\"font-weight: 400;\">, inform\u00f3 que dar\u00e1 seguimiento a las peticiones y que buscar\u00e1 establecer un di\u00e1logo con las y los regidores se\u00f1alados, con el prop\u00f3sito de generar condiciones que permitan que el ayuntamiento funcione de manera coordinada y que las decisiones se tomen privilegiando el inter\u00e9s colectivo.<\/span><\/p>\n<p><span style=\"font-weight: 400;\">El funcionario destac\u00f3 que las diferencias pol\u00edticas no deben anteponerse al desarrollo de las comunidades y ofreci\u00f3 acompa\u00f1amiento desde la Secretar\u00eda de Gobierno para contribuir a la construcci\u00f3n de acuerdos.<\/span><\/p>\n<p><span style=\"font-weight: 400;\">La presidenta municipal de Cardonal, <\/span><b>Karla Monserrat Hern\u00e1ndez Cerroblanco<\/b><span style=\"font-weight: 400;\"> agradeci\u00f3 al Poder Legislativo el espacio de di\u00e1logo y subray\u00f3 que las inquietudes planteadas no corresponden \u00fanicamente a la administraci\u00f3n municipal, sino que son expresiones de ciudadanas y ciudadanos que buscan que sus localidades reciban las obras y servicios necesarios.<\/span><\/p>\n<p><span style=\"font-weight: 400;\">En su intervenci\u00f3n, delegadas y delegados manifestaron su preocupaci\u00f3n por los retrasos que, se\u00f1alaron, se han generado en algunos procesos de autorizaci\u00f3n de obras debido a diferencias al interior del cabildo. Entre las principales solicitudes, plantearon garantizar que los proyectos previamente validados y con presupuesto asignado puedan ejecutarse en los tiempos establecidos.<\/span><\/p>\n<p><span style=\"font-weight: 400;\">Uno de los casos expuestos fue el de una obra de perforaci\u00f3n exploratoria de un pozo, cuyo proceso de contrataci\u00f3n se encontraba sujeto a la autorizaci\u00f3n correspondiente. Los habitantes se\u00f1alaron que existe preocupaci\u00f3n por el cumplimiento de los plazos y solicitaron claridad respecto de las facultades de las y los regidores para intervenir en estos procedimientos.<\/span><\/p>\n<p><span style=\"font-weight: 400;\">Asimismo, representantes comunitarios se\u00f1alaron que situaciones similares se han presentado en otros proyectos, entre ellos infraestructura hidr\u00e1ulica, caminos y la gesti\u00f3n de un hospital, por lo que solicitaron al Congreso y al Gobierno del Estado orientaci\u00f3n jur\u00eddica y acompa\u00f1amiento institucional para evitar que las diferencias pol\u00edticas o administrativas afecten a las comunidades.<\/span><\/p>\n<p><span style=\"font-weight: 400;\">Finalmente, las autoridades coincidieron en la importancia de mantener abiertos los canales de comunicaci\u00f3n con las comunidades y atender las diferencias mediante el di\u00e1logo institucional, privilegiando el desarrollo municipal y el bienestar de sus habitantes.<\/span><\/p>\n","protected":false},"excerpt":{"rendered":"<p>Redacci\u00f3n Representantes de diversas comunidades del municipio de Cardonal acudieron al Congreso del Estado de Hidalgo para exponer sus inquietudes y solicitar acompa\u00f1amiento institucional ante diversas situaciones relacionadas con la operaci\u00f3n del ayuntamiento, particularmente con la autorizaci\u00f3n y ejecuci\u00f3n de obras p\u00fablicas. Ante estos planteamientos, el presidente de la Junta de Gobierno, diputado Andr\u00e9s Vel\u00e1zquez<\/p>\n","protected":false},"author":2,"featured_media":6782,"comment_status":"open","ping_status":"open","sticky":false,"template":"","format":"standard","meta":{"footnotes":""},"categories":[31,44,39],"tags":[],"class_list":["post-6781","post","type-post","status-publish","format-standard","has-post-thumbnail","category-hidalgo","category-minuto-a-minuto","category-politica"],"yoast_head":"<!-- This site is optimized with the Yoast SEO plugin v28.0 - https:\/\/yoast.com\/product\/yoast-seo-wordpress\/ -->\n<title>Congreso de Hidalgo atiende solicitudes de habitantes del Cardonal - El Cardinal<\/title>\n<meta name=\"robots\" content=\"index, follow, max-snippet:-1, max-image-preview:large, max-video-preview:-1\" \/>\n<link rel=\"canonical\" href=\"https:\/\/elcardinal.com\/?p=6781\" \/>\n<meta property=\"og:locale\" content=\"es_MX\" \/>\n<meta property=\"og:type\" content=\"article\" \/>\n<meta property=\"og:title\" content=\"Congreso de Hidalgo atiende solicitudes de habitantes del Cardonal - El Cardinal\" \/>\n<meta property=\"og:description\" content=\"Redacci\u00f3n Representantes de diversas comunidades del municipio de Cardonal acudieron al Congreso del Estado de Hidalgo para exponer sus inquietudes y solicitar acompa\u00f1amiento institucional ante diversas situaciones relacionadas con la operaci\u00f3n del ayuntamiento, particularmente con la autorizaci\u00f3n y ejecuci\u00f3n de obras p\u00fablicas. Ante estos planteamientos, el presidente de la Junta de Gobierno, diputado Andr\u00e9s Vel\u00e1zquez\" \/>\n<meta property=\"og:url\" content=\"https:\/\/elcardinal.com\/?p=6781\" \/>\n<meta property=\"og:site_name\" content=\"El Cardinal\" \/>\n<meta property=\"article:publisher\" content=\"https:\/\/www.facebook.com\/profile.php?id=100063093107011\" \/>\n<meta property=\"article:published_time\" content=\"2026-08-20T00:31:17+00:00\" \/>\n<meta property=\"og:image\" content=\"https:\/\/elcardinal.com\/wp-content\/uploads\/2026\/08\/19.08.2026-Atencion-ciudadana-El-Cardonal-22.jpg\" \/>\n\t<meta property=\"og:image:width\" content=\"2400\" \/>\n\t<meta property=\"og:image:height\" content=\"1600\" \/>\n\t<meta property=\"og:image:type\" content=\"image\/jpeg\" \/>\n<meta name=\"author\" content=\"Antonio Alcaraz\" \/>\n<meta name=\"twitter:card\" content=\"summary_large_image\" \/>\n<meta name=\"twitter:creator\" content=\"@ElCardinal_Mx\" \/>\n<meta name=\"twitter:site\" content=\"@ElCardinal_Mx\" \/>\n<meta name=\"twitter:label1\" content=\"Escrito por\" \/>\n\t<meta name=\"twitter:data1\" content=\"Antonio Alcaraz\" \/>\n\t<meta name=\"twitter:label2\" content=\"Tiempo de lectura\" \/>\n\t<meta name=\"twitter:data2\" content=\"3 minutos\" \/>\n<script type=\"application\/ld+json\" class=\"yoast-schema-graph\">{\"@context\":\"https:\\\/\\\/schema.org\",\"@graph\":[{\"@type\":\"Article\",\"@id\":\"https:\\\/\\\/elcardinal.com\\\/?p=6781#article\",\"isPartOf\":{\"@id\":\"https:\\\/\\\/elcardinal.com\\\/?p=6781\"},\"author\":{\"name\":\"Antonio Alcaraz\",\"@id\":\"https:\\\/\\\/elcardinal.com\\\/#\\\/schema\\\/person\\\/3c352ec0a33987fe275c0e8a2ea69f8b\"},\"headline\":\"Congreso de Hidalgo atiende solicitudes de habitantes del Cardonal\",\"datePublished\":\"2026-08-20T00:31:17+00:00\",\"mainEntityOfPage\":{\"@id\":\"https:\\\/\\\/elcardinal.com\\\/?p=6781\"},\"wordCount\":498,\"commentCount\":0,\"publisher\":{\"@id\":\"https:\\\/\\\/elcardinal.com\\\/#organization\"},\"image\":{\"@id\":\"https:\\\/\\\/elcardinal.com\\\/?p=6781#primaryimage\"},\"thumbnailUrl\":\"https:\\\/\\\/elcardinal.com\\\/wp-content\\\/uploads\\\/2026\\\/08\\\/19.08.2026-Atencion-ciudadana-El-Cardonal-22.jpg\",\"articleSection\":[\"Hidalgo\",\"Minuto a Minuto\",\"Pol\u00edtica\"],\"inLanguage\":\"es\",\"potentialAction\":[{\"@type\":\"CommentAction\",\"name\":\"Comment\",\"target\":[\"https:\\\/\\\/elcardinal.com\\\/?p=6781#respond\"]}]},{\"@type\":\"WebPage\",\"@id\":\"https:\\\/\\\/elcardinal.com\\\/?p=6781\",\"url\":\"https:\\\/\\\/elcardinal.com\\\/?p=6781\",\"name\":\"Congreso de Hidalgo atiende solicitudes de habitantes del Cardonal - El Cardinal\",\"isPartOf\":{\"@id\":\"https:\\\/\\\/elcardinal.com\\\/#website\"},\"primaryImageOfPage\":{\"@id\":\"https:\\\/\\\/elcardinal.com\\\/?p=6781#primaryimage\"},\"image\":{\"@id\":\"https:\\\/\\\/elcardinal.com\\\/?p=6781#primaryimage\"},\"thumbnailUrl\":\"https:\\\/\\\/elcardinal.com\\\/wp-content\\\/uploads\\\/2026\\\/08\\\/19.08.2026-Atencion-ciudadana-El-Cardonal-22.jpg\",\"datePublished\":\"2026-08-20T00:31:17+00:00\",\"breadcrumb\":{\"@id\":\"https:\\\/\\\/elcardinal.com\\\/?p=6781#breadcrumb\"},\"inLanguage\":\"es\",\"potentialAction\":[{\"@type\":\"ReadAction\",\"target\":[\"https:\\\/\\\/elcardinal.com\\\/?p=6781\"]}]},{\"@type\":\"ImageObject\",\"inLanguage\":\"es\",\"@id\":\"https:\\\/\\\/elcardinal.com\\\/?p=6781#primaryimage\",\"url\":\"https:\\\/\\\/elcardinal.com\\\/wp-content\\\/uploads\\\/2026\\\/08\\\/19.08.2026-Atencion-ciudadana-El-Cardonal-22.jpg\",\"contentUrl\":\"https:\\\/\\\/elcardinal.com\\\/wp-content\\\/uploads\\\/2026\\\/08\\\/19.08.2026-Atencion-ciudadana-El-Cardonal-22.jpg\",\"width\":2400,\"height\":1600},{\"@type\":\"BreadcrumbList\",\"@id\":\"https:\\\/\\\/elcardinal.com\\\/?p=6781#breadcrumb\",\"itemListElement\":[{\"@type\":\"ListItem\",\"position\":1,\"name\":\"Inicio\",\"item\":\"https:\\\/\\\/elcardinal.com\\\/\"},{\"@type\":\"ListItem\",\"position\":2,\"name\":\"Congreso de Hidalgo atiende solicitudes de habitantes del Cardonal\"}]},{\"@type\":\"WebSite\",\"@id\":\"https:\\\/\\\/elcardinal.com\\\/#website\",\"url\":\"https:\\\/\\\/elcardinal.com\\\/\",\"name\":\"El Cardinal\",\"description\":\"Periodismo honesto, con valor, sentido humano, a veces sarc\u00e1stico y divertido.\",\"publisher\":{\"@id\":\"https:\\\/\\\/elcardinal.com\\\/#organization\"},\"alternateName\":\"El Cardinal Noticias\",\"potentialAction\":[{\"@type\":\"SearchAction\",\"target\":{\"@type\":\"EntryPoint\",\"urlTemplate\":\"https:\\\/\\\/elcardinal.com\\\/?s={search_term_string}\"},\"query-input\":{\"@type\":\"PropertyValueSpecification\",\"valueRequired\":true,\"valueName\":\"search_term_string\"}}],\"inLanguage\":\"es\"},{\"@type\":\"Organization\",\"@id\":\"https:\\\/\\\/elcardinal.com\\\/#organization\",\"name\":\"El Cardinal\",\"url\":\"https:\\\/\\\/elcardinal.com\\\/\",\"logo\":{\"@type\":\"ImageObject\",\"inLanguage\":\"es\",\"@id\":\"https:\\\/\\\/elcardinal.com\\\/#\\\/schema\\\/logo\\\/image\\\/\",\"url\":\"https:\\\/\\\/elcardinal.com\\\/wp-content\\\/uploads\\\/2025\\\/04\\\/LOGO-EL-CARDINAL-Periodismo-con-valor.png\",\"contentUrl\":\"https:\\\/\\\/elcardinal.com\\\/wp-content\\\/uploads\\\/2025\\\/04\\\/LOGO-EL-CARDINAL-Periodismo-con-valor.png\",\"width\":755,\"height\":636,\"caption\":\"El Cardinal\"},\"image\":{\"@id\":\"https:\\\/\\\/elcardinal.com\\\/#\\\/schema\\\/logo\\\/image\\\/\"},\"sameAs\":[\"https:\\\/\\\/www.facebook.com\\\/profile.php?id=100063093107011\",\"https:\\\/\\\/x.com\\\/ElCardinal_Mx\"]},{\"@type\":\"Person\",\"@id\":\"https:\\\/\\\/elcardinal.com\\\/#\\\/schema\\\/person\\\/3c352ec0a33987fe275c0e8a2ea69f8b\",\"name\":\"Antonio Alcaraz\",\"image\":{\"@type\":\"ImageObject\",\"inLanguage\":\"es\",\"@id\":\"https:\\\/\\\/elcardinal.com\\\/wp-content\\\/uploads\\\/2025\\\/05\\\/cropped-TONO-96x96.jpg\",\"url\":\"https:\\\/\\\/elcardinal.com\\\/wp-content\\\/uploads\\\/2025\\\/05\\\/cropped-TONO-96x96.jpg\",\"contentUrl\":\"https:\\\/\\\/elcardinal.com\\\/wp-content\\\/uploads\\\/2025\\\/05\\\/cropped-TONO-96x96.jpg\",\"caption\":\"Antonio Alcaraz\"},\"url\":\"https:\\\/\\\/elcardinal.com\\\/?author=2\"}]}<\/script>\n<!-- \/ Yoast SEO plugin. -->","yoast_head_json":{"title":"Congreso de Hidalgo atiende solicitudes de habitantes del Cardonal - El Cardinal","robots":{"index":"index","follow":"follow","max-snippet":"max-snippet:-1","max-image-preview":"max-image-preview:large","max-video-preview":"max-video-preview:-1"},"canonical":"https:\/\/elcardinal.com\/?p=6781","og_locale":"es_MX","og_type":"article","og_title":"Congreso de Hidalgo atiende solicitudes de habitantes del Cardonal - El Cardinal","og_description":"Redacci\u00f3n Representantes de diversas comunidades del municipio de Cardonal acudieron al Congreso del Estado de Hidalgo para exponer sus inquietudes y solicitar acompa\u00f1amiento institucional ante diversas situaciones relacionadas con la operaci\u00f3n del ayuntamiento, particularmente con la autorizaci\u00f3n y ejecuci\u00f3n de obras p\u00fablicas. Ante estos planteamientos, el presidente de la Junta de Gobierno, diputado Andr\u00e9s Vel\u00e1zquez","og_url":"https:\/\/elcardinal.com\/?p=6781","og_site_name":"El Cardinal","article_publisher":"https:\/\/www.facebook.com\/profile.php?id=100063093107011","article_published_time":"2026-08-20T00:31:17+00:00","og_image":[{"width":2400,"height":1600,"url":"https:\/\/elcardinal.com\/wp-content\/uploads\/2026\/08\/19.08.2026-Atencion-ciudadana-El-Cardonal-22.jpg","type":"image\/jpeg"}],"author":"Antonio Alcaraz","twitter_card":"summary_large_image","twitter_creator":"@ElCardinal_Mx","twitter_site":"@ElCardinal_Mx","twitter_misc":{"Escrito por":"Antonio Alcaraz","Tiempo de lectura":"3 minutos"},"schema":{"@context":"https:\/\/schema.org","@graph":[{"@type":"Article","@id":"https:\/\/elcardinal.com\/?p=6781#article","isPartOf":{"@id":"https:\/\/elcardinal.com\/?p=6781"},"author":{"name":"Antonio Alcaraz","@id":"https:\/\/elcardinal.com\/#\/schema\/person\/3c352ec0a33987fe275c0e8a2ea69f8b"},"headline":"Congreso de Hidalgo atiende solicitudes de habitantes del Cardonal","datePublished":"2026-08-20T00:31:17+00:00","mainEntityOfPage":{"@id":"https:\/\/elcardinal.com\/?p=6781"},"wordCount":498,"commentCount":0,"publisher":{"@id":"https:\/\/elcardinal.com\/#organization"},"image":{"@id":"https:\/\/elcardinal.com\/?p=6781#primaryimage"},"thumbnailUrl":"https:\/\/elcardinal.com\/wp-content\/uploads\/2026\/08\/19.08.2026-Atencion-ciudadana-El-Cardonal-22.jpg","articleSection":["Hidalgo","Minuto a Minuto","Pol\u00edtica"],"inLanguage":"es","potentialAction":[{"@type":"CommentAction","name":"Comment","target":["https:\/\/elcardinal.com\/?p=6781#respond"]}]},{"@type":"WebPage","@id":"https:\/\/elcardinal.com\/?p=6781","url":"https:\/\/elcardinal.com\/?p=6781","name":"Congreso de Hidalgo atiende solicitudes de habitantes del Cardonal - El Cardinal","isPartOf":{"@id":"https:\/\/elcardinal.com\/#website"},"primaryImageOfPage":{"@id":"https:\/\/elcardinal.com\/?p=6781#primaryimage"},"image":{"@id":"https:\/\/elcardinal.com\/?p=6781#primaryimage"},"thumbnailUrl":"https:\/\/elcardinal.com\/wp-content\/uploads\/2026\/08\/19.08.2026-Atencion-ciudadana-El-Cardonal-22.jpg","datePublished":"2026-08-20T00:31:17+00:00","breadcrumb":{"@id":"https:\/\/elcardinal.com\/?p=6781#breadcrumb"},"inLanguage":"es","potentialAction":[{"@type":"ReadAction","target":["https:\/\/elcardinal.com\/?p=6781"]}]},{"@type":"ImageObject","inLanguage":"es","@id":"https:\/\/elcardinal.com\/?p=6781#primaryimage","url":"https:\/\/elcardinal.com\/wp-content\/uploads\/2026\/08\/19.08.2026-Atencion-ciudadana-El-Cardonal-22.jpg","contentUrl":"https:\/\/elcardinal.com\/wp-content\/uploads\/2026\/08\/19.08.2026-Atencion-ciudadana-El-Cardonal-22.jpg","width":2400,"height":1600},{"@type":"BreadcrumbList","@id":"https:\/\/elcardinal.com\/?p=6781#breadcrumb","itemListElement":[{"@type":"ListItem","position":1,"name":"Inicio","item":"https:\/\/elcardinal.com\/"},{"@type":"ListItem","position":2,"name":"Congreso de Hidalgo atiende solicitudes de habitantes del Cardonal"}]},{"@type":"WebSite","@id":"https:\/\/elcardinal.com\/#website","url":"https:\/\/elcardinal.com\/","name":"El Cardinal","description":"Periodismo honesto, con valor, sentido humano, a veces sarc\u00e1stico y divertido.","publisher":{"@id":"https:\/\/elcardinal.com\/#organization"},"alternateName":"El Cardinal Noticias","potentialAction":[{"@type":"SearchAction","target":{"@type":"EntryPoint","urlTemplate":"https:\/\/elcardinal.com\/?s={search_term_string}"},"query-input":{"@type":"PropertyValueSpecification","valueRequired":true,"valueName":"search_term_string"}}],"inLanguage":"es"},{"@type":"Organization","@id":"https:\/\/elcardinal.com\/#organization","name":"El Cardinal","url":"https:\/\/elcardinal.com\/","logo":{"@type":"ImageObject","inLanguage":"es","@id":"https:\/\/elcardinal.com\/#\/schema\/logo\/image\/","url":"https:\/\/elcardinal.com\/wp-content\/uploads\/2025\/04\/LOGO-EL-CARDINAL-Periodismo-con-valor.png","contentUrl":"https:\/\/elcardinal.com\/wp-content\/uploads\/2025\/04\/LOGO-EL-CARDINAL-Periodismo-con-valor.png","width":755,"height":636,"caption":"El Cardinal"},"image":{"@id":"https:\/\/elcardinal.com\/#\/schema\/logo\/image\/"},"sameAs":["https:\/\/www.facebook.com\/profile.php?id=100063093107011","https:\/\/x.com\/ElCardinal_Mx"]},{"@type":"Person","@id":"https:\/\/elcardinal.com\/#\/schema\/person\/3c352ec0a33987fe275c0e8a2ea69f8b","name":"Antonio Alcaraz","image":{"@type":"ImageObject","inLanguage":"es","@id":"https:\/\/elcardinal.com\/wp-content\/uploads\/2025\/05\/cropped-TONO-96x96.jpg","url":"https:\/\/elcardinal.com\/wp-content\/uploads\/2025\/05\/cropped-TONO-96x96.jpg","contentUrl":"https:\/\/elcardinal.com\/wp-content\/uploads\/2025\/05\/cropped-TONO-96x96.jpg","caption":"Antonio Alcaraz"},"url":"https:\/\/elcardinal.com\/?author=2"}]}},"_links":{"self":[{"href":"https:\/\/elcardinal.com\/index.php?rest_route=\/wp\/v2\/posts\/6781","targetHints":{"allow":["GET"]}}],"collection":[{"href":"https:\/\/elcardinal.com\/index.php?rest_route=\/wp\/v2\/posts"}],"about":[{"href":"https:\/\/elcardinal.com\/index.php?rest_route=\/wp\/v2\/types\/post"}],"author":[{"embeddable":true,"href":"https:\/\/elcardinal.com\/index.php?rest_route=\/wp\/v2\/users\/2"}],"replies":[{"embeddable":true,"href":"https:\/\/elcardinal.com\/index.php?rest_route=%2Fwp%2Fv2%2Fcomments&post=6781"}],"version-history":[{"count":1,"href":"https:\/\/elcardinal.com\/index.php?rest_route=\/wp\/v2\/posts\/6781\/revisions"}],"predecessor-version":[{"id":6784,"href":"https:\/\/elcardinal.com\/index.php?rest_route=\/wp\/v2\/posts\/6781\/revisions\/6784"}],"wp:featuredmedia":[{"embeddable":true,"href":"https:\/\/elcardinal.com\/index.php?rest_route=\/wp\/v2\/media\/6782"}],"wp:attachment":[{"href":"https:\/\/elcardinal.com\/index.php?rest_route=%2Fwp%2Fv2%2Fmedia&parent=6781"}],"wp:term":[{"taxonomy":"category","embeddable":true,"href":"https:\/\/elcardinal.com\/index.php?rest_route=%2Fwp%2Fv2%2Fcategories&post=6781"},{"taxonomy":"post_tag","embeddable":true,"href":"https:\/\/elcardinal.com\/index.php?rest_route=%2Fwp%2Fv2%2Ftags&post=6781"}],"curies":[{"name":"wp","href":"https:\/\/api.w.org\/{rel}","templated":true}]}}