{"id":6785,"date":"2026-08-18T22:51:23","date_gmt":"2026-08-19T04:51:23","guid":{"rendered":"https:\/\/elcardinal.com\/?p=6785"},"modified":"2026-08-19T22:52:20","modified_gmt":"2026-08-20T04:52:20","slug":"diputada-propone-talleres-reeducativos-y-servicio-social-para-prevenir-la-reincidencia-de-violencia","status":"publish","type":"post","link":"https:\/\/elcardinal.com\/?p=6785","title":{"rendered":"Diputada propone talleres reeducativos y servicio social para prevenir la reincidencia de violencia"},"content":{"rendered":"<p>Redacci\u00f3n<\/p>\n<p><span style=\"font-weight: 400;\">En sesi\u00f3n de la Diputaci\u00f3n Permanente, la legisladora <\/span><b>M\u00f3nica Leanett Reyes Mart\u00ednez<\/b><span style=\"font-weight: 400;\"> (Nueva Alianza) propuso la iniciativa que reforma la Ley de Acceso de las Mujeres a una Vida Libre de Violencia para el Estado de Hidalgo, con la finalidad de fortalecer las medidas dirigidas a las personas generadoras de violencia mediante la incorporaci\u00f3n expresa de talleres reeducativos especializados, gratuitos y con perspectiva de g\u00e9nero, as\u00ed como la posibilidad de imponer la prestaci\u00f3n de servicio social en favor del estado o de instituciones de beneficencia p\u00fablica como medidas de no repetici\u00f3n.<\/span><\/p>\n<p><span style=\"font-weight: 400;\">A trav\u00e9s de esta reforma, dijo, se busca ampliar las herramientas institucionales destinadas a modificar conductas violentas, eliminar estereotipos de supremac\u00eda masculina y transformar los patrones socioculturales que reproducen la desigualdad y la violencia contra las mujeres.<\/span><\/p>\n<p><b>Asuntos generales<\/b><\/p>\n<p><b>Reducci\u00f3n y sustituci\u00f3n de pl\u00e1sticos<\/b><\/p>\n<p><span style=\"font-weight: 400;\">Las y los diputados <\/span><b>Mar\u00eda del Rosario Guerrero Mart\u00ednez<\/b><span style=\"font-weight: 400;\">, <\/span><b>Hilda Miranda Miranda<\/b><span style=\"font-weight: 400;\">, <\/span><b>Lizbeth Ira\u00eds Ordaz Islas<\/b><span style=\"font-weight: 400;\">, <\/span><b>Paloma Barrag\u00e1n Santos<\/b><span style=\"font-weight: 400;\">, <\/span><b>Alma Rosa El\u00edas Paso<\/b><span style=\"font-weight: 400;\">, <\/span><b>Diana Rangel Z\u00fa\u00f1iga<\/b><span style=\"font-weight: 400;\">, <\/span><b>Miguel \u00c1ngel Moreno Zamora<\/b><span style=\"font-weight: 400;\">, <\/span><b>Andr\u00e9s Vel\u00e1zquez V\u00e1zquez<\/b><span style=\"font-weight: 400;\">, <\/span><b>Arturo G\u00f3mez Canales<\/b><span style=\"font-weight: 400;\">, <\/span><b>Juan Pablo Escalante Urb\u00e1n<\/b><span style=\"font-weight: 400;\"> (Morena), <\/span><b>Jorge Arg\u00fcelles Salazar<\/b><span style=\"font-weight: 400;\"> y <\/span><b>Jos\u00e9 Mar\u00eda Alejandro P\u00e9rez Ram\u00edrez<\/b><span style=\"font-weight: 400;\"> (Nueva Alianza) presentaron el acuerdo econ\u00f3mico que exhorta a los 84 ayuntamientos a incorporar en sus reglamentos y disposiciones administrativas criterios de sustentabilidad ambiental que promuevan la reducci\u00f3n y sustituci\u00f3n de pl\u00e1sticos de un solo uso en ferias, festividades y eventos que cuenten con participaci\u00f3n o recursos p\u00fablicos municipales.<\/span><\/p>\n","protected":false},"excerpt":{"rendered":"<p>Redacci\u00f3n En sesi\u00f3n de la Diputaci\u00f3n Permanente, la legisladora M\u00f3nica Leanett Reyes Mart\u00ednez (Nueva Alianza) propuso la iniciativa que reforma la Ley de Acceso de las Mujeres a una Vida Libre de Violencia para el Estado de Hidalgo, con la finalidad de fortalecer las medidas dirigidas a las personas generadoras de violencia mediante la incorporaci\u00f3n<\/p>\n","protected":false},"author":2,"featured_media":6786,"comment_status":"open","ping_status":"open","sticky":false,"template":"","format":"standard","meta":{"footnotes":""},"categories":[31,44,39],"tags":[],"class_list":["post-6785","post","type-post","status-publish","format-standard","has-post-thumbnail","category-hidalgo","category-minuto-a-minuto","category-politica"],"yoast_head":"<!-- This site is optimized with the Yoast SEO plugin v28.0 - https:\/\/yoast.com\/product\/yoast-seo-wordpress\/ -->\n<title>Diputada propone talleres reeducativos y servicio social para prevenir la reincidencia de violencia - El Cardinal<\/title>\n<meta name=\"robots\" content=\"index, follow, max-snippet:-1, max-image-preview:large, max-video-preview:-1\" \/>\n<link rel=\"canonical\" href=\"https:\/\/elcardinal.com\/?p=6785\" \/>\n<meta property=\"og:locale\" content=\"es_MX\" \/>\n<meta property=\"og:type\" content=\"article\" \/>\n<meta property=\"og:title\" content=\"Diputada propone talleres reeducativos y servicio social para prevenir la reincidencia de violencia - El Cardinal\" \/>\n<meta property=\"og:description\" content=\"Redacci\u00f3n En sesi\u00f3n de la Diputaci\u00f3n Permanente, la legisladora M\u00f3nica Leanett Reyes Mart\u00ednez (Nueva Alianza) propuso la iniciativa que reforma la Ley de Acceso de las Mujeres a una Vida Libre de Violencia para el Estado de Hidalgo, con la finalidad de fortalecer las medidas dirigidas a las personas generadoras de violencia mediante la incorporaci\u00f3n\" \/>\n<meta property=\"og:url\" content=\"https:\/\/elcardinal.com\/?p=6785\" \/>\n<meta property=\"og:site_name\" content=\"El Cardinal\" \/>\n<meta property=\"article:publisher\" content=\"https:\/\/www.facebook.com\/profile.php?id=100063093107011\" \/>\n<meta property=\"article:published_time\" content=\"2026-08-19T04:51:23+00:00\" \/>\n<meta property=\"article:modified_time\" content=\"2026-08-20T04:52:20+00:00\" \/>\n<meta property=\"og:image\" content=\"https:\/\/elcardinal.com\/wp-content\/uploads\/2025\/04\/LOGO-EL-CARDINAL-Periodismo-con-valor.png\" \/>\n\t<meta property=\"og:image:width\" content=\"755\" \/>\n\t<meta property=\"og:image:height\" content=\"636\" \/>\n\t<meta property=\"og:image:type\" content=\"image\/png\" \/>\n<meta name=\"author\" content=\"Antonio Alcaraz\" \/>\n<meta name=\"twitter:card\" content=\"summary_large_image\" \/>\n<meta name=\"twitter:creator\" content=\"@ElCardinal_Mx\" \/>\n<meta name=\"twitter:site\" content=\"@ElCardinal_Mx\" \/>\n<meta name=\"twitter:label1\" content=\"Escrito por\" \/>\n\t<meta name=\"twitter:data1\" content=\"Antonio Alcaraz\" \/>\n\t<meta name=\"twitter:label2\" content=\"Tiempo de lectura\" \/>\n\t<meta name=\"twitter:data2\" content=\"2 minutos\" \/>\n<script type=\"application\/ld+json\" class=\"yoast-schema-graph\">{\"@context\":\"https:\\\/\\\/schema.org\",\"@graph\":[{\"@type\":\"Article\",\"@id\":\"https:\\\/\\\/elcardinal.com\\\/?p=6785#article\",\"isPartOf\":{\"@id\":\"https:\\\/\\\/elcardinal.com\\\/?p=6785\"},\"author\":{\"name\":\"Antonio Alcaraz\",\"@id\":\"https:\\\/\\\/elcardinal.com\\\/#\\\/schema\\\/person\\\/3c352ec0a33987fe275c0e8a2ea69f8b\"},\"headline\":\"Diputada propone talleres reeducativos y servicio social para prevenir la reincidencia de violencia\",\"datePublished\":\"2026-08-19T04:51:23+00:00\",\"dateModified\":\"2026-08-20T04:52:20+00:00\",\"mainEntityOfPage\":{\"@id\":\"https:\\\/\\\/elcardinal.com\\\/?p=6785\"},\"wordCount\":283,\"commentCount\":0,\"publisher\":{\"@id\":\"https:\\\/\\\/elcardinal.com\\\/#organization\"},\"image\":{\"@id\":\"https:\\\/\\\/elcardinal.com\\\/?p=6785#primaryimage\"},\"thumbnailUrl\":\"https:\\\/\\\/elcardinal.com\\\/wp-content\\\/uploads\\\/2026\\\/08\\\/IMG_4874-scaled.jpg\",\"articleSection\":[\"Hidalgo\",\"Minuto a Minuto\",\"Pol\u00edtica\"],\"inLanguage\":\"es\",\"potentialAction\":[{\"@type\":\"CommentAction\",\"name\":\"Comment\",\"target\":[\"https:\\\/\\\/elcardinal.com\\\/?p=6785#respond\"]}]},{\"@type\":\"WebPage\",\"@id\":\"https:\\\/\\\/elcardinal.com\\\/?p=6785\",\"url\":\"https:\\\/\\\/elcardinal.com\\\/?p=6785\",\"name\":\"Diputada propone talleres reeducativos y servicio social para prevenir la reincidencia de violencia - El Cardinal\",\"isPartOf\":{\"@id\":\"https:\\\/\\\/elcardinal.com\\\/#website\"},\"primaryImageOfPage\":{\"@id\":\"https:\\\/\\\/elcardinal.com\\\/?p=6785#primaryimage\"},\"image\":{\"@id\":\"https:\\\/\\\/elcardinal.com\\\/?p=6785#primaryimage\"},\"thumbnailUrl\":\"https:\\\/\\\/elcardinal.com\\\/wp-content\\\/uploads\\\/2026\\\/08\\\/IMG_4874-scaled.jpg\",\"datePublished\":\"2026-08-19T04:51:23+00:00\",\"dateModified\":\"2026-08-20T04:52:20+00:00\",\"breadcrumb\":{\"@id\":\"https:\\\/\\\/elcardinal.com\\\/?p=6785#breadcrumb\"},\"inLanguage\":\"es\",\"potentialAction\":[{\"@type\":\"ReadAction\",\"target\":[\"https:\\\/\\\/elcardinal.com\\\/?p=6785\"]}]},{\"@type\":\"ImageObject\",\"inLanguage\":\"es\",\"@id\":\"https:\\\/\\\/elcardinal.com\\\/?p=6785#primaryimage\",\"url\":\"https:\\\/\\\/elcardinal.com\\\/wp-content\\\/uploads\\\/2026\\\/08\\\/IMG_4874-scaled.jpg\",\"contentUrl\":\"https:\\\/\\\/elcardinal.com\\\/wp-content\\\/uploads\\\/2026\\\/08\\\/IMG_4874-scaled.jpg\",\"width\":2560,\"height\":1920},{\"@type\":\"BreadcrumbList\",\"@id\":\"https:\\\/\\\/elcardinal.com\\\/?p=6785#breadcrumb\",\"itemListElement\":[{\"@type\":\"ListItem\",\"position\":1,\"name\":\"Inicio\",\"item\":\"https:\\\/\\\/elcardinal.com\\\/\"},{\"@type\":\"ListItem\",\"position\":2,\"name\":\"Diputada propone talleres reeducativos y servicio social para prevenir la reincidencia de violencia\"}]},{\"@type\":\"WebSite\",\"@id\":\"https:\\\/\\\/elcardinal.com\\\/#website\",\"url\":\"https:\\\/\\\/elcardinal.com\\\/\",\"name\":\"El Cardinal\",\"description\":\"Periodismo honesto, con valor, sentido humano, a veces sarc\u00e1stico y divertido.\",\"publisher\":{\"@id\":\"https:\\\/\\\/elcardinal.com\\\/#organization\"},\"alternateName\":\"El Cardinal Noticias\",\"potentialAction\":[{\"@type\":\"SearchAction\",\"target\":{\"@type\":\"EntryPoint\",\"urlTemplate\":\"https:\\\/\\\/elcardinal.com\\\/?s={search_term_string}\"},\"query-input\":{\"@type\":\"PropertyValueSpecification\",\"valueRequired\":true,\"valueName\":\"search_term_string\"}}],\"inLanguage\":\"es\"},{\"@type\":\"Organization\",\"@id\":\"https:\\\/\\\/elcardinal.com\\\/#organization\",\"name\":\"El Cardinal\",\"url\":\"https:\\\/\\\/elcardinal.com\\\/\",\"logo\":{\"@type\":\"ImageObject\",\"inLanguage\":\"es\",\"@id\":\"https:\\\/\\\/elcardinal.com\\\/#\\\/schema\\\/logo\\\/image\\\/\",\"url\":\"https:\\\/\\\/elcardinal.com\\\/wp-content\\\/uploads\\\/2025\\\/04\\\/LOGO-EL-CARDINAL-Periodismo-con-valor.png\",\"contentUrl\":\"https:\\\/\\\/elcardinal.com\\\/wp-content\\\/uploads\\\/2025\\\/04\\\/LOGO-EL-CARDINAL-Periodismo-con-valor.png\",\"width\":755,\"height\":636,\"caption\":\"El Cardinal\"},\"image\":{\"@id\":\"https:\\\/\\\/elcardinal.com\\\/#\\\/schema\\\/logo\\\/image\\\/\"},\"sameAs\":[\"https:\\\/\\\/www.facebook.com\\\/profile.php?id=100063093107011\",\"https:\\\/\\\/x.com\\\/ElCardinal_Mx\"]},{\"@type\":\"Person\",\"@id\":\"https:\\\/\\\/elcardinal.com\\\/#\\\/schema\\\/person\\\/3c352ec0a33987fe275c0e8a2ea69f8b\",\"name\":\"Antonio Alcaraz\",\"image\":{\"@type\":\"ImageObject\",\"inLanguage\":\"es\",\"@id\":\"https:\\\/\\\/elcardinal.com\\\/wp-content\\\/uploads\\\/2025\\\/05\\\/cropped-TONO-96x96.jpg\",\"url\":\"https:\\\/\\\/elcardinal.com\\\/wp-content\\\/uploads\\\/2025\\\/05\\\/cropped-TONO-96x96.jpg\",\"contentUrl\":\"https:\\\/\\\/elcardinal.com\\\/wp-content\\\/uploads\\\/2025\\\/05\\\/cropped-TONO-96x96.jpg\",\"caption\":\"Antonio Alcaraz\"},\"url\":\"https:\\\/\\\/elcardinal.com\\\/?author=2\"}]}<\/script>\n<!-- \/ Yoast SEO plugin. -->","yoast_head_json":{"title":"Diputada propone talleres reeducativos y servicio social para prevenir la reincidencia de violencia - El Cardinal","robots":{"index":"index","follow":"follow","max-snippet":"max-snippet:-1","max-image-preview":"max-image-preview:large","max-video-preview":"max-video-preview:-1"},"canonical":"https:\/\/elcardinal.com\/?p=6785","og_locale":"es_MX","og_type":"article","og_title":"Diputada propone talleres reeducativos y servicio social para prevenir la reincidencia de violencia - El Cardinal","og_description":"Redacci\u00f3n En sesi\u00f3n de la Diputaci\u00f3n Permanente, la legisladora M\u00f3nica Leanett Reyes Mart\u00ednez (Nueva Alianza) propuso la iniciativa que reforma la Ley de Acceso de las Mujeres a una Vida Libre de Violencia para el Estado de Hidalgo, con la finalidad de fortalecer las medidas dirigidas a las personas generadoras de violencia mediante la incorporaci\u00f3n","og_url":"https:\/\/elcardinal.com\/?p=6785","og_site_name":"El Cardinal","article_publisher":"https:\/\/www.facebook.com\/profile.php?id=100063093107011","article_published_time":"2026-08-19T04:51:23+00:00","article_modified_time":"2026-08-20T04:52:20+00:00","og_image":[{"width":755,"height":636,"url":"https:\/\/elcardinal.com\/wp-content\/uploads\/2025\/04\/LOGO-EL-CARDINAL-Periodismo-con-valor.png","type":"image\/png"}],"author":"Antonio Alcaraz","twitter_card":"summary_large_image","twitter_creator":"@ElCardinal_Mx","twitter_site":"@ElCardinal_Mx","twitter_misc":{"Escrito por":"Antonio Alcaraz","Tiempo de lectura":"2 minutos"},"schema":{"@context":"https:\/\/schema.org","@graph":[{"@type":"Article","@id":"https:\/\/elcardinal.com\/?p=6785#article","isPartOf":{"@id":"https:\/\/elcardinal.com\/?p=6785"},"author":{"name":"Antonio Alcaraz","@id":"https:\/\/elcardinal.com\/#\/schema\/person\/3c352ec0a33987fe275c0e8a2ea69f8b"},"headline":"Diputada propone talleres reeducativos y servicio social para prevenir la reincidencia de violencia","datePublished":"2026-08-19T04:51:23+00:00","dateModified":"2026-08-20T04:52:20+00:00","mainEntityOfPage":{"@id":"https:\/\/elcardinal.com\/?p=6785"},"wordCount":283,"commentCount":0,"publisher":{"@id":"https:\/\/elcardinal.com\/#organization"},"image":{"@id":"https:\/\/elcardinal.com\/?p=6785#primaryimage"},"thumbnailUrl":"https:\/\/elcardinal.com\/wp-content\/uploads\/2026\/08\/IMG_4874-scaled.jpg","articleSection":["Hidalgo","Minuto a Minuto","Pol\u00edtica"],"inLanguage":"es","potentialAction":[{"@type":"CommentAction","name":"Comment","target":["https:\/\/elcardinal.com\/?p=6785#respond"]}]},{"@type":"WebPage","@id":"https:\/\/elcardinal.com\/?p=6785","url":"https:\/\/elcardinal.com\/?p=6785","name":"Diputada propone talleres reeducativos y servicio social para prevenir la reincidencia de violencia - El Cardinal","isPartOf":{"@id":"https:\/\/elcardinal.com\/#website"},"primaryImageOfPage":{"@id":"https:\/\/elcardinal.com\/?p=6785#primaryimage"},"image":{"@id":"https:\/\/elcardinal.com\/?p=6785#primaryimage"},"thumbnailUrl":"https:\/\/elcardinal.com\/wp-content\/uploads\/2026\/08\/IMG_4874-scaled.jpg","datePublished":"2026-08-19T04:51:23+00:00","dateModified":"2026-08-20T04:52:20+00:00","breadcrumb":{"@id":"https:\/\/elcardinal.com\/?p=6785#breadcrumb"},"inLanguage":"es","potentialAction":[{"@type":"ReadAction","target":["https:\/\/elcardinal.com\/?p=6785"]}]},{"@type":"ImageObject","inLanguage":"es","@id":"https:\/\/elcardinal.com\/?p=6785#primaryimage","url":"https:\/\/elcardinal.com\/wp-content\/uploads\/2026\/08\/IMG_4874-scaled.jpg","contentUrl":"https:\/\/elcardinal.com\/wp-content\/uploads\/2026\/08\/IMG_4874-scaled.jpg","width":2560,"height":1920},{"@type":"BreadcrumbList","@id":"https:\/\/elcardinal.com\/?p=6785#breadcrumb","itemListElement":[{"@type":"ListItem","position":1,"name":"Inicio","item":"https:\/\/elcardinal.com\/"},{"@type":"ListItem","position":2,"name":"Diputada propone talleres reeducativos y servicio social para prevenir la reincidencia de violencia"}]},{"@type":"WebSite","@id":"https:\/\/elcardinal.com\/#website","url":"https:\/\/elcardinal.com\/","name":"El Cardinal","description":"Periodismo honesto, con valor, sentido humano, a veces sarc\u00e1stico y divertido.","publisher":{"@id":"https:\/\/elcardinal.com\/#organization"},"alternateName":"El Cardinal Noticias","potentialAction":[{"@type":"SearchAction","target":{"@type":"EntryPoint","urlTemplate":"https:\/\/elcardinal.com\/?s={search_term_string}"},"query-input":{"@type":"PropertyValueSpecification","valueRequired":true,"valueName":"search_term_string"}}],"inLanguage":"es"},{"@type":"Organization","@id":"https:\/\/elcardinal.com\/#organization","name":"El Cardinal","url":"https:\/\/elcardinal.com\/","logo":{"@type":"ImageObject","inLanguage":"es","@id":"https:\/\/elcardinal.com\/#\/schema\/logo\/image\/","url":"https:\/\/elcardinal.com\/wp-content\/uploads\/2025\/04\/LOGO-EL-CARDINAL-Periodismo-con-valor.png","contentUrl":"https:\/\/elcardinal.com\/wp-content\/uploads\/2025\/04\/LOGO-EL-CARDINAL-Periodismo-con-valor.png","width":755,"height":636,"caption":"El Cardinal"},"image":{"@id":"https:\/\/elcardinal.com\/#\/schema\/logo\/image\/"},"sameAs":["https:\/\/www.facebook.com\/profile.php?id=100063093107011","https:\/\/x.com\/ElCardinal_Mx"]},{"@type":"Person","@id":"https:\/\/elcardinal.com\/#\/schema\/person\/3c352ec0a33987fe275c0e8a2ea69f8b","name":"Antonio Alcaraz","image":{"@type":"ImageObject","inLanguage":"es","@id":"https:\/\/elcardinal.com\/wp-content\/uploads\/2025\/05\/cropped-TONO-96x96.jpg","url":"https:\/\/elcardinal.com\/wp-content\/uploads\/2025\/05\/cropped-TONO-96x96.jpg","contentUrl":"https:\/\/elcardinal.com\/wp-content\/uploads\/2025\/05\/cropped-TONO-96x96.jpg","caption":"Antonio Alcaraz"},"url":"https:\/\/elcardinal.com\/?author=2"}]}},"_links":{"self":[{"href":"https:\/\/elcardinal.com\/index.php?rest_route=\/wp\/v2\/posts\/6785","targetHints":{"allow":["GET"]}}],"collection":[{"href":"https:\/\/elcardinal.com\/index.php?rest_route=\/wp\/v2\/posts"}],"about":[{"href":"https:\/\/elcardinal.com\/index.php?rest_route=\/wp\/v2\/types\/post"}],"author":[{"embeddable":true,"href":"https:\/\/elcardinal.com\/index.php?rest_route=\/wp\/v2\/users\/2"}],"replies":[{"embeddable":true,"href":"https:\/\/elcardinal.com\/index.php?rest_route=%2Fwp%2Fv2%2Fcomments&post=6785"}],"version-history":[{"count":1,"href":"https:\/\/elcardinal.com\/index.php?rest_route=\/wp\/v2\/posts\/6785\/revisions"}],"predecessor-version":[{"id":6787,"href":"https:\/\/elcardinal.com\/index.php?rest_route=\/wp\/v2\/posts\/6785\/revisions\/6787"}],"wp:featuredmedia":[{"embeddable":true,"href":"https:\/\/elcardinal.com\/index.php?rest_route=\/wp\/v2\/media\/6786"}],"wp:attachment":[{"href":"https:\/\/elcardinal.com\/index.php?rest_route=%2Fwp%2Fv2%2Fmedia&parent=6785"}],"wp:term":[{"taxonomy":"category","embeddable":true,"href":"https:\/\/elcardinal.com\/index.php?rest_route=%2Fwp%2Fv2%2Fcategories&post=6785"},{"taxonomy":"post_tag","embeddable":true,"href":"https:\/\/elcardinal.com\/index.php?rest_route=%2Fwp%2Fv2%2Ftags&post=6785"}],"curies":[{"name":"wp","href":"https:\/\/api.w.org\/{rel}","templated":true}]}}