{"id":6788,"date":"2026-08-20T08:38:30","date_gmt":"2026-08-20T14:38:30","guid":{"rendered":"https:\/\/elcardinal.com\/?p=6788"},"modified":"2026-08-20T08:38:42","modified_gmt":"2026-08-20T14:38:42","slug":"hidalgo-prepara-una-fiesta-en-grande-para-sus-adultos-mayores","status":"publish","type":"post","link":"https:\/\/elcardinal.com\/?p=6788","title":{"rendered":"Hidalgo prepara una fiesta en grande para sus adultos mayores"},"content":{"rendered":"<p>Por: <strong>Jos\u00e9 Antonio Alcaraz Su\u00e1rez<\/strong><\/p>\n<p>Con m\u00fasica, baile, actividades deportivas, atenci\u00f3n a la salud y hasta una t\u00f3mbola con premios, el DIF Hidalgo prepara la tercera edici\u00f3n de <strong>\u201cViviendo en Plenitud\u201d<\/strong>, un encuentro que este viernes 21 y s\u00e1bado 22 de agosto reunir\u00e1 a alrededor de 6 mil adultos mayores provenientes de los 84 municipios del estado.<\/p>\n<p>En entrevista con El Cardinalito, la presidenta del Patronato del Sistema DIF Hidalgo, <strong>Edda Vite Ramos<\/strong>, destac\u00f3 que m\u00e1s all\u00e1 de organizar un festejo, el objetivo es reconocer la trayectoria, experiencia y sabidur\u00eda de las personas adultas mayores, adem\u00e1s de generar espacios donde puedan convivir y sentirse parte activa de la sociedad.<\/p>\n<blockquote><p>\u201cEs abrir espacios como un reconocimiento a su trayectoria, su sabidur\u00eda, su experiencia; que en el estado son visibilizados y son parte importante\u201d, se\u00f1al\u00f3.<\/p><\/blockquote>\n<p><strong>DE UNA PETICI\u00d3N NACI\u00d3 \u201cVIVIENDO EN PLENITUD\u201d<\/strong><\/p>\n<p>La historia del evento <strong>comenz\u00f3 de manera inesperada<\/strong>. Vite Ramos record\u00f3 que durante un festejo para ni\u00f1as y ni\u00f1os se acerc\u00f3 una adulta mayor para hacerle una petici\u00f3n muy concreta: organizar un evento similar, pero dedicado a las personas de la tercera edad.<\/p>\n<blockquote><p>\u201c\u00bfPor qu\u00e9 no nos hace un evento igual que este, pero para los adultos mayores?\u201d, le pregunt\u00f3.<\/p><\/blockquote>\n<p>La solicitud qued\u00f3 en su memoria y, aunque ese a\u00f1o no fue posible realizarlo, posteriormente naci\u00f3 \u201cViviendo en Plenitud\u201d, que este <strong>2026 llega a su tercera edici\u00f3n.<\/strong><\/p>\n<p><strong>UN EVENTO PENSADO PARA ELLOS<\/strong><\/p>\n<p>Durante ambos d\u00edas, de <strong>11:00 a 17:00 horas<\/strong>, el recinto ferial de Pachuca se convertir\u00e1 en un espacio dedicado completamente a los adultos mayores.<\/p>\n<p>Habr\u00e1<strong> 43 stands con servicios y actividades<\/strong>, entre ellos asesor\u00edas jur\u00eddicas y notariales, atenci\u00f3n dental, auditiva, visual y motriz, adem\u00e1s de yoga, danz\u00f3n, actividades folcl\u00f3ricas, m\u00fasica, casino, equinoterapia y fotograf\u00eda del recuerdo.<\/p>\n<p>Y hay un detalle que seguramente har\u00e1 sonre\u00edr a m\u00e1s de uno: pr\u00e1cticamente cada actividad tendr\u00e1 alg\u00fan peque\u00f1o obsequio para los participantes.<\/p>\n<p>La entrada ser\u00e1 completamente gratuita tanto para los adultos mayores como para sus acompa\u00f1antes. Adem\u00e1s, los boletos de acceso servir\u00e1n para participar en una t\u00f3mbola con premios como <strong>pantallas, tel\u00e9fonos celulares y electrodom\u00e9sticos.<\/strong><\/p>\n<p><img fetchpriority=\"high\" decoding=\"async\" class=\"size-medium wp-image-6793 alignright\" src=\"https:\/\/elcardinal.com\/wp-content\/uploads\/2026\/08\/ChatGPT-Image-20-ago-2026-08_37_18-a.m-300x200.png\" alt=\"\" width=\"300\" height=\"200\" srcset=\"https:\/\/elcardinal.com\/wp-content\/uploads\/2026\/08\/ChatGPT-Image-20-ago-2026-08_37_18-a.m-300x200.png 300w, https:\/\/elcardinal.com\/wp-content\/uploads\/2026\/08\/ChatGPT-Image-20-ago-2026-08_37_18-a.m-1024x683.png 1024w, https:\/\/elcardinal.com\/wp-content\/uploads\/2026\/08\/ChatGPT-Image-20-ago-2026-08_37_18-a.m-768x512.png 768w, https:\/\/elcardinal.com\/wp-content\/uploads\/2026\/08\/ChatGPT-Image-20-ago-2026-08_37_18-a.m-150x100.png 150w, https:\/\/elcardinal.com\/wp-content\/uploads\/2026\/08\/ChatGPT-Image-20-ago-2026-08_37_18-a.m-450x300.png 450w, https:\/\/elcardinal.com\/wp-content\/uploads\/2026\/08\/ChatGPT-Image-20-ago-2026-08_37_18-a.m-1200x800.png 1200w, https:\/\/elcardinal.com\/wp-content\/uploads\/2026\/08\/ChatGPT-Image-20-ago-2026-08_37_18-a.m.png 1536w\" sizes=\"(max-width: 300px) 100vw, 300px\" \/><\/p>\n<p><strong>\u201cLLEGAN A SU CASA\u201d<\/strong><\/p>\n<p>Edda Vite destac\u00f3 que uno de los<strong> principales objetivos<\/strong> es que los asistentes se sientan recibidos y valorados desde el momento en que llegan.<\/p>\n<blockquote><p>\u201cNosotros les damos el recibimiento\u2026 les hacemos ver que llegan a su casa, que llegan a sus actividades\u201d, explic\u00f3.<\/p><\/blockquote>\n<p>El evento contar\u00e1 con la participaci\u00f3n de <strong>18 secretar\u00edas del Gobierno estatal, sociedad civil e iniciativa privada<\/strong>, adem\u00e1s del trabajo de los Sistemas DIF municipales y las casas de d\u00eda, que ayudar\u00e1n a trasladar a participantes de los 84 municipios.<\/p>\n<p>Aunque buena parte de los asistentes llegar\u00e1 mediante los DIF municipales y las casas de d\u00eda, cualquier adulto mayor podr\u00e1 acudir acompa\u00f1ado de sus familiares.<\/p>\n<p><strong>ADULTOS MAYORES QUE SIGUEN ACTIVOS<\/strong><\/p>\n<p>Para la presidenta del DIF Hidalgo, el reto no solamente es celebrar a este sector, sino trabajar para que llegue a esta etapa de la vida con mejores condiciones de salud y calidad de vida.<\/p>\n<p>Actualmente existen dos casas de d\u00eda operadas por el <strong>DIF estatal y 28 m\u00e1s en municipios<\/strong>, aunque Vite Ramos reconoci\u00f3 que la meta ser\u00eda contar con espacios de este tipo en los 84 municipios.<\/p>\n<p>Adem\u00e1s, destac\u00f3 la participaci\u00f3n de adultos mayores en actividades culturales y deportivas, desde carnavales y coros hasta competencias de baile, danz\u00f3n, folclor, ajedrez, damas chinas y cachibol.<\/p>\n<p>Incluso, adelant\u00f3 que Hidalgo tendr\u00e1 participaci\u00f3n en la pr\u00f3xima \u201cOlimpiada de Oro\u201d, donde los adultos mayores competir\u00e1n en distintas disciplinas.<\/p>\n<blockquote><p>\u201cViviendo en Plenitud\u201d se realizar\u00e1 este viernes 21 y s\u00e1bado 22 de agosto, de 11:00 a 17:00 horas, en el recinto ferial de Pachuca.<\/p><\/blockquote>\n<p>La invitaci\u00f3n est\u00e1 abierta: adultos mayores de todo Hidalgo podr\u00e1n disfrutar gratuitamente de dos d\u00edas de convivencia, entretenimiento, servicios y reconocimiento.<\/p>\n<p>Porque, como lo plantea el DIF Hidalgo, llegar a la edad adulta mayor no significa quedarse al margen, sino seguir participando, aprendiendo, bailando y disfrutando en plenitud.<\/p>\n","protected":false},"excerpt":{"rendered":"<p>Por: Jos\u00e9 Antonio Alcaraz Su\u00e1rez Con m\u00fasica, baile, actividades deportivas, atenci\u00f3n a la salud y hasta una t\u00f3mbola con premios, el DIF Hidalgo prepara la tercera edici\u00f3n de \u201cViviendo en Plenitud\u201d, un encuentro que este viernes 21 y s\u00e1bado 22 de agosto reunir\u00e1 a alrededor de 6 mil adultos mayores provenientes de los 84 municipios<\/p>\n","protected":false},"author":2,"featured_media":6792,"comment_status":"open","ping_status":"open","sticky":false,"template":"","format":"standard","meta":{"footnotes":""},"categories":[31,32,44,33],"tags":[445,393,444],"class_list":["post-6788","post","type-post","status-publish","format-standard","has-post-thumbnail","category-hidalgo","category-metropoli","category-minuto-a-minuto","category-regiones","tag-dif-hidalgo","tag-edda-vite-ramos","tag-viviendo-en-plenitud"],"yoast_head":"<!-- This site is optimized with the Yoast SEO plugin v28.0 - https:\/\/yoast.com\/product\/yoast-seo-wordpress\/ -->\n<title>Hidalgo prepara una fiesta en grande para sus adultos mayores - El Cardinal<\/title>\n<meta name=\"robots\" content=\"index, follow, max-snippet:-1, max-image-preview:large, max-video-preview:-1\" \/>\n<link rel=\"canonical\" href=\"https:\/\/elcardinal.com\/?p=6788\" \/>\n<meta property=\"og:locale\" content=\"es_MX\" \/>\n<meta property=\"og:type\" content=\"article\" \/>\n<meta property=\"og:title\" content=\"Hidalgo prepara una fiesta en grande para sus adultos mayores - El Cardinal\" \/>\n<meta property=\"og:description\" content=\"Por: Jos\u00e9 Antonio Alcaraz Su\u00e1rez Con m\u00fasica, baile, actividades deportivas, atenci\u00f3n a la salud y hasta una t\u00f3mbola con premios, el DIF Hidalgo prepara la tercera edici\u00f3n de \u201cViviendo en Plenitud\u201d, un encuentro que este viernes 21 y s\u00e1bado 22 de agosto reunir\u00e1 a alrededor de 6 mil adultos mayores provenientes de los 84 municipios\" \/>\n<meta property=\"og:url\" content=\"https:\/\/elcardinal.com\/?p=6788\" \/>\n<meta property=\"og:site_name\" content=\"El Cardinal\" \/>\n<meta property=\"article:publisher\" content=\"https:\/\/www.facebook.com\/profile.php?id=100063093107011\" \/>\n<meta property=\"article:published_time\" content=\"2026-08-20T14:38:30+00:00\" \/>\n<meta property=\"article:modified_time\" content=\"2026-08-20T14:38:42+00:00\" \/>\n<meta property=\"og:image\" content=\"https:\/\/elcardinal.com\/wp-content\/uploads\/2026\/08\/WhatsApp-Image-2026-08-19-at-4.01.02-PM.jpeg\" \/>\n\t<meta property=\"og:image:width\" content=\"918\" \/>\n\t<meta property=\"og:image:height\" content=\"1280\" \/>\n\t<meta property=\"og:image:type\" content=\"image\/jpeg\" \/>\n<meta name=\"author\" content=\"Antonio Alcaraz\" \/>\n<meta name=\"twitter:card\" content=\"summary_large_image\" \/>\n<meta name=\"twitter:creator\" content=\"@ElCardinal_Mx\" \/>\n<meta name=\"twitter:site\" content=\"@ElCardinal_Mx\" \/>\n<meta name=\"twitter:label1\" content=\"Escrito por\" \/>\n\t<meta name=\"twitter:data1\" content=\"Antonio Alcaraz\" \/>\n\t<meta name=\"twitter:label2\" content=\"Tiempo de lectura\" \/>\n\t<meta name=\"twitter:data2\" content=\"3 minutos\" \/>\n<script type=\"application\/ld+json\" class=\"yoast-schema-graph\">{\"@context\":\"https:\\\/\\\/schema.org\",\"@graph\":[{\"@type\":\"Article\",\"@id\":\"https:\\\/\\\/elcardinal.com\\\/?p=6788#article\",\"isPartOf\":{\"@id\":\"https:\\\/\\\/elcardinal.com\\\/?p=6788\"},\"author\":{\"name\":\"Antonio Alcaraz\",\"@id\":\"https:\\\/\\\/elcardinal.com\\\/#\\\/schema\\\/person\\\/3c352ec0a33987fe275c0e8a2ea69f8b\"},\"headline\":\"Hidalgo prepara una fiesta en grande para sus adultos mayores\",\"datePublished\":\"2026-08-20T14:38:30+00:00\",\"dateModified\":\"2026-08-20T14:38:42+00:00\",\"mainEntityOfPage\":{\"@id\":\"https:\\\/\\\/elcardinal.com\\\/?p=6788\"},\"wordCount\":699,\"commentCount\":0,\"publisher\":{\"@id\":\"https:\\\/\\\/elcardinal.com\\\/#organization\"},\"image\":{\"@id\":\"https:\\\/\\\/elcardinal.com\\\/?p=6788#primaryimage\"},\"thumbnailUrl\":\"https:\\\/\\\/elcardinal.com\\\/wp-content\\\/uploads\\\/2026\\\/08\\\/WhatsApp-Image-2026-08-19-at-4.01.02-PM.jpeg\",\"keywords\":[\"DIF Hidalgo\",\"Edda Vite Ramos\",\"Viviendo en Plenitud\"],\"articleSection\":[\"Hidalgo\",\"Metr\u00f3poli\",\"Minuto a Minuto\",\"Regiones\"],\"inLanguage\":\"es\",\"potentialAction\":[{\"@type\":\"CommentAction\",\"name\":\"Comment\",\"target\":[\"https:\\\/\\\/elcardinal.com\\\/?p=6788#respond\"]}]},{\"@type\":\"WebPage\",\"@id\":\"https:\\\/\\\/elcardinal.com\\\/?p=6788\",\"url\":\"https:\\\/\\\/elcardinal.com\\\/?p=6788\",\"name\":\"Hidalgo prepara una fiesta en grande para sus adultos mayores - El Cardinal\",\"isPartOf\":{\"@id\":\"https:\\\/\\\/elcardinal.com\\\/#website\"},\"primaryImageOfPage\":{\"@id\":\"https:\\\/\\\/elcardinal.com\\\/?p=6788#primaryimage\"},\"image\":{\"@id\":\"https:\\\/\\\/elcardinal.com\\\/?p=6788#primaryimage\"},\"thumbnailUrl\":\"https:\\\/\\\/elcardinal.com\\\/wp-content\\\/uploads\\\/2026\\\/08\\\/WhatsApp-Image-2026-08-19-at-4.01.02-PM.jpeg\",\"datePublished\":\"2026-08-20T14:38:30+00:00\",\"dateModified\":\"2026-08-20T14:38:42+00:00\",\"breadcrumb\":{\"@id\":\"https:\\\/\\\/elcardinal.com\\\/?p=6788#breadcrumb\"},\"inLanguage\":\"es\",\"potentialAction\":[{\"@type\":\"ReadAction\",\"target\":[\"https:\\\/\\\/elcardinal.com\\\/?p=6788\"]}]},{\"@type\":\"ImageObject\",\"inLanguage\":\"es\",\"@id\":\"https:\\\/\\\/elcardinal.com\\\/?p=6788#primaryimage\",\"url\":\"https:\\\/\\\/elcardinal.com\\\/wp-content\\\/uploads\\\/2026\\\/08\\\/WhatsApp-Image-2026-08-19-at-4.01.02-PM.jpeg\",\"contentUrl\":\"https:\\\/\\\/elcardinal.com\\\/wp-content\\\/uploads\\\/2026\\\/08\\\/WhatsApp-Image-2026-08-19-at-4.01.02-PM.jpeg\",\"width\":918,\"height\":1280},{\"@type\":\"BreadcrumbList\",\"@id\":\"https:\\\/\\\/elcardinal.com\\\/?p=6788#breadcrumb\",\"itemListElement\":[{\"@type\":\"ListItem\",\"position\":1,\"name\":\"Inicio\",\"item\":\"https:\\\/\\\/elcardinal.com\\\/\"},{\"@type\":\"ListItem\",\"position\":2,\"name\":\"Hidalgo prepara una fiesta en grande para sus adultos mayores\"}]},{\"@type\":\"WebSite\",\"@id\":\"https:\\\/\\\/elcardinal.com\\\/#website\",\"url\":\"https:\\\/\\\/elcardinal.com\\\/\",\"name\":\"El Cardinal\",\"description\":\"Periodismo honesto, con valor, sentido humano, a veces sarc\u00e1stico y divertido.\",\"publisher\":{\"@id\":\"https:\\\/\\\/elcardinal.com\\\/#organization\"},\"alternateName\":\"El Cardinal Noticias\",\"potentialAction\":[{\"@type\":\"SearchAction\",\"target\":{\"@type\":\"EntryPoint\",\"urlTemplate\":\"https:\\\/\\\/elcardinal.com\\\/?s={search_term_string}\"},\"query-input\":{\"@type\":\"PropertyValueSpecification\",\"valueRequired\":true,\"valueName\":\"search_term_string\"}}],\"inLanguage\":\"es\"},{\"@type\":\"Organization\",\"@id\":\"https:\\\/\\\/elcardinal.com\\\/#organization\",\"name\":\"El Cardinal\",\"url\":\"https:\\\/\\\/elcardinal.com\\\/\",\"logo\":{\"@type\":\"ImageObject\",\"inLanguage\":\"es\",\"@id\":\"https:\\\/\\\/elcardinal.com\\\/#\\\/schema\\\/logo\\\/image\\\/\",\"url\":\"https:\\\/\\\/elcardinal.com\\\/wp-content\\\/uploads\\\/2025\\\/04\\\/LOGO-EL-CARDINAL-Periodismo-con-valor.png\",\"contentUrl\":\"https:\\\/\\\/elcardinal.com\\\/wp-content\\\/uploads\\\/2025\\\/04\\\/LOGO-EL-CARDINAL-Periodismo-con-valor.png\",\"width\":755,\"height\":636,\"caption\":\"El Cardinal\"},\"image\":{\"@id\":\"https:\\\/\\\/elcardinal.com\\\/#\\\/schema\\\/logo\\\/image\\\/\"},\"sameAs\":[\"https:\\\/\\\/www.facebook.com\\\/profile.php?id=100063093107011\",\"https:\\\/\\\/x.com\\\/ElCardinal_Mx\"]},{\"@type\":\"Person\",\"@id\":\"https:\\\/\\\/elcardinal.com\\\/#\\\/schema\\\/person\\\/3c352ec0a33987fe275c0e8a2ea69f8b\",\"name\":\"Antonio Alcaraz\",\"image\":{\"@type\":\"ImageObject\",\"inLanguage\":\"es\",\"@id\":\"https:\\\/\\\/elcardinal.com\\\/wp-content\\\/uploads\\\/2025\\\/05\\\/cropped-TONO-96x96.jpg\",\"url\":\"https:\\\/\\\/elcardinal.com\\\/wp-content\\\/uploads\\\/2025\\\/05\\\/cropped-TONO-96x96.jpg\",\"contentUrl\":\"https:\\\/\\\/elcardinal.com\\\/wp-content\\\/uploads\\\/2025\\\/05\\\/cropped-TONO-96x96.jpg\",\"caption\":\"Antonio Alcaraz\"},\"url\":\"https:\\\/\\\/elcardinal.com\\\/?author=2\"}]}<\/script>\n<!-- \/ Yoast SEO plugin. -->","yoast_head_json":{"title":"Hidalgo prepara una fiesta en grande para sus adultos mayores - El Cardinal","robots":{"index":"index","follow":"follow","max-snippet":"max-snippet:-1","max-image-preview":"max-image-preview:large","max-video-preview":"max-video-preview:-1"},"canonical":"https:\/\/elcardinal.com\/?p=6788","og_locale":"es_MX","og_type":"article","og_title":"Hidalgo prepara una fiesta en grande para sus adultos mayores - El Cardinal","og_description":"Por: Jos\u00e9 Antonio Alcaraz Su\u00e1rez Con m\u00fasica, baile, actividades deportivas, atenci\u00f3n a la salud y hasta una t\u00f3mbola con premios, el DIF Hidalgo prepara la tercera edici\u00f3n de \u201cViviendo en Plenitud\u201d, un encuentro que este viernes 21 y s\u00e1bado 22 de agosto reunir\u00e1 a alrededor de 6 mil adultos mayores provenientes de los 84 municipios","og_url":"https:\/\/elcardinal.com\/?p=6788","og_site_name":"El Cardinal","article_publisher":"https:\/\/www.facebook.com\/profile.php?id=100063093107011","article_published_time":"2026-08-20T14:38:30+00:00","article_modified_time":"2026-08-20T14:38:42+00:00","og_image":[{"width":918,"height":1280,"url":"https:\/\/elcardinal.com\/wp-content\/uploads\/2026\/08\/WhatsApp-Image-2026-08-19-at-4.01.02-PM.jpeg","type":"image\/jpeg"}],"author":"Antonio Alcaraz","twitter_card":"summary_large_image","twitter_creator":"@ElCardinal_Mx","twitter_site":"@ElCardinal_Mx","twitter_misc":{"Escrito por":"Antonio Alcaraz","Tiempo de lectura":"3 minutos"},"schema":{"@context":"https:\/\/schema.org","@graph":[{"@type":"Article","@id":"https:\/\/elcardinal.com\/?p=6788#article","isPartOf":{"@id":"https:\/\/elcardinal.com\/?p=6788"},"author":{"name":"Antonio Alcaraz","@id":"https:\/\/elcardinal.com\/#\/schema\/person\/3c352ec0a33987fe275c0e8a2ea69f8b"},"headline":"Hidalgo prepara una fiesta en grande para sus adultos mayores","datePublished":"2026-08-20T14:38:30+00:00","dateModified":"2026-08-20T14:38:42+00:00","mainEntityOfPage":{"@id":"https:\/\/elcardinal.com\/?p=6788"},"wordCount":699,"commentCount":0,"publisher":{"@id":"https:\/\/elcardinal.com\/#organization"},"image":{"@id":"https:\/\/elcardinal.com\/?p=6788#primaryimage"},"thumbnailUrl":"https:\/\/elcardinal.com\/wp-content\/uploads\/2026\/08\/WhatsApp-Image-2026-08-19-at-4.01.02-PM.jpeg","keywords":["DIF Hidalgo","Edda Vite Ramos","Viviendo en Plenitud"],"articleSection":["Hidalgo","Metr\u00f3poli","Minuto a Minuto","Regiones"],"inLanguage":"es","potentialAction":[{"@type":"CommentAction","name":"Comment","target":["https:\/\/elcardinal.com\/?p=6788#respond"]}]},{"@type":"WebPage","@id":"https:\/\/elcardinal.com\/?p=6788","url":"https:\/\/elcardinal.com\/?p=6788","name":"Hidalgo prepara una fiesta en grande para sus adultos mayores - El Cardinal","isPartOf":{"@id":"https:\/\/elcardinal.com\/#website"},"primaryImageOfPage":{"@id":"https:\/\/elcardinal.com\/?p=6788#primaryimage"},"image":{"@id":"https:\/\/elcardinal.com\/?p=6788#primaryimage"},"thumbnailUrl":"https:\/\/elcardinal.com\/wp-content\/uploads\/2026\/08\/WhatsApp-Image-2026-08-19-at-4.01.02-PM.jpeg","datePublished":"2026-08-20T14:38:30+00:00","dateModified":"2026-08-20T14:38:42+00:00","breadcrumb":{"@id":"https:\/\/elcardinal.com\/?p=6788#breadcrumb"},"inLanguage":"es","potentialAction":[{"@type":"ReadAction","target":["https:\/\/elcardinal.com\/?p=6788"]}]},{"@type":"ImageObject","inLanguage":"es","@id":"https:\/\/elcardinal.com\/?p=6788#primaryimage","url":"https:\/\/elcardinal.com\/wp-content\/uploads\/2026\/08\/WhatsApp-Image-2026-08-19-at-4.01.02-PM.jpeg","contentUrl":"https:\/\/elcardinal.com\/wp-content\/uploads\/2026\/08\/WhatsApp-Image-2026-08-19-at-4.01.02-PM.jpeg","width":918,"height":1280},{"@type":"BreadcrumbList","@id":"https:\/\/elcardinal.com\/?p=6788#breadcrumb","itemListElement":[{"@type":"ListItem","position":1,"name":"Inicio","item":"https:\/\/elcardinal.com\/"},{"@type":"ListItem","position":2,"name":"Hidalgo prepara una fiesta en grande para sus adultos mayores"}]},{"@type":"WebSite","@id":"https:\/\/elcardinal.com\/#website","url":"https:\/\/elcardinal.com\/","name":"El Cardinal","description":"Periodismo honesto, con valor, sentido humano, a veces sarc\u00e1stico y divertido.","publisher":{"@id":"https:\/\/elcardinal.com\/#organization"},"alternateName":"El Cardinal Noticias","potentialAction":[{"@type":"SearchAction","target":{"@type":"EntryPoint","urlTemplate":"https:\/\/elcardinal.com\/?s={search_term_string}"},"query-input":{"@type":"PropertyValueSpecification","valueRequired":true,"valueName":"search_term_string"}}],"inLanguage":"es"},{"@type":"Organization","@id":"https:\/\/elcardinal.com\/#organization","name":"El Cardinal","url":"https:\/\/elcardinal.com\/","logo":{"@type":"ImageObject","inLanguage":"es","@id":"https:\/\/elcardinal.com\/#\/schema\/logo\/image\/","url":"https:\/\/elcardinal.com\/wp-content\/uploads\/2025\/04\/LOGO-EL-CARDINAL-Periodismo-con-valor.png","contentUrl":"https:\/\/elcardinal.com\/wp-content\/uploads\/2025\/04\/LOGO-EL-CARDINAL-Periodismo-con-valor.png","width":755,"height":636,"caption":"El Cardinal"},"image":{"@id":"https:\/\/elcardinal.com\/#\/schema\/logo\/image\/"},"sameAs":["https:\/\/www.facebook.com\/profile.php?id=100063093107011","https:\/\/x.com\/ElCardinal_Mx"]},{"@type":"Person","@id":"https:\/\/elcardinal.com\/#\/schema\/person\/3c352ec0a33987fe275c0e8a2ea69f8b","name":"Antonio Alcaraz","image":{"@type":"ImageObject","inLanguage":"es","@id":"https:\/\/elcardinal.com\/wp-content\/uploads\/2025\/05\/cropped-TONO-96x96.jpg","url":"https:\/\/elcardinal.com\/wp-content\/uploads\/2025\/05\/cropped-TONO-96x96.jpg","contentUrl":"https:\/\/elcardinal.com\/wp-content\/uploads\/2025\/05\/cropped-TONO-96x96.jpg","caption":"Antonio Alcaraz"},"url":"https:\/\/elcardinal.com\/?author=2"}]}},"_links":{"self":[{"href":"https:\/\/elcardinal.com\/index.php?rest_route=\/wp\/v2\/posts\/6788","targetHints":{"allow":["GET"]}}],"collection":[{"href":"https:\/\/elcardinal.com\/index.php?rest_route=\/wp\/v2\/posts"}],"about":[{"href":"https:\/\/elcardinal.com\/index.php?rest_route=\/wp\/v2\/types\/post"}],"author":[{"embeddable":true,"href":"https:\/\/elcardinal.com\/index.php?rest_route=\/wp\/v2\/users\/2"}],"replies":[{"embeddable":true,"href":"https:\/\/elcardinal.com\/index.php?rest_route=%2Fwp%2Fv2%2Fcomments&post=6788"}],"version-history":[{"count":2,"href":"https:\/\/elcardinal.com\/index.php?rest_route=\/wp\/v2\/posts\/6788\/revisions"}],"predecessor-version":[{"id":6794,"href":"https:\/\/elcardinal.com\/index.php?rest_route=\/wp\/v2\/posts\/6788\/revisions\/6794"}],"wp:featuredmedia":[{"embeddable":true,"href":"https:\/\/elcardinal.com\/index.php?rest_route=\/wp\/v2\/media\/6792"}],"wp:attachment":[{"href":"https:\/\/elcardinal.com\/index.php?rest_route=%2Fwp%2Fv2%2Fmedia&parent=6788"}],"wp:term":[{"taxonomy":"category","embeddable":true,"href":"https:\/\/elcardinal.com\/index.php?rest_route=%2Fwp%2Fv2%2Fcategories&post=6788"},{"taxonomy":"post_tag","embeddable":true,"href":"https:\/\/elcardinal.com\/index.php?rest_route=%2Fwp%2Fv2%2Ftags&post=6788"}],"curies":[{"name":"wp","href":"https:\/\/api.w.org\/{rel}","templated":true}]}}