{"id":6804,"date":"2026-08-20T19:23:09","date_gmt":"2026-08-21T01:23:09","guid":{"rendered":"https:\/\/elcardinal.com\/?p=6804"},"modified":"2026-08-20T19:23:09","modified_gmt":"2026-08-21T01:23:09","slug":"natividad-castrejon-encabeza-encuentro-con-jefes-de-sector-y-supervisores-de-educacion-basica","status":"publish","type":"post","link":"https:\/\/elcardinal.com\/?p=6804","title":{"rendered":"Natividad Castrej\u00f3n encabeza encuentro con jefes de sector y supervisores de Educaci\u00f3n B\u00e1sica\u00a0"},"content":{"rendered":"<p>Redacci\u00f3n<\/p>\n<p><span style=\"font-weight: 400;\">El secretario de Educaci\u00f3n P\u00fablica de Hidalgo, Natividad Castrej\u00f3n Valdez, se reuni\u00f3 con jefas y jefes de sector, supervisoras y supervisores de Educaci\u00f3n B\u00e1sica, a quienes llam\u00f3 a fortalecer el acompa\u00f1amiento a maestras y maestros para que, en este nuevo ciclo escolar, ayuden a las y los estudiantes a encontrar un prop\u00f3sito de vida y generen espacios donde puedan desarrollar todo su potencial.<\/span><\/p>\n<p><span style=\"font-weight: 400;\">Durante el encuentro, el funcionario estatal destac\u00f3 que, en Hidalgo, con el respaldo del gobernador Julio Menchaca Salazar, avanza una transformaci\u00f3n educativa sustentada en los principios de la Nueva Escuela Mexicana (NEM) y el Plan de Estudio 2022.<\/span><\/p>\n<p><span style=\"font-weight: 400;\">Subray\u00f3 que la labor de las autoridades educativas, jefaturas de sector y supervisiones resulta fundamental para generar las condiciones que permitan acompa\u00f1ar a las comunidades escolares, atender sus necesidades y consolidar una educaci\u00f3n centrada en el desarrollo integral de ni\u00f1as, ni\u00f1os y adolescentes.<\/span><\/p>\n<p><span style=\"font-weight: 400;\">En la reuni\u00f3n, que congreg\u00f3 a m\u00e1s de 800 participantes, Natividad Castrej\u00f3n imparti\u00f3 la conferencia \u201cUna mirada acerca del desarrollo del potencial humano\u201d, en la que abord\u00f3 temas relacionados con el existencialismo, el humanismo y la logoterapia, adem\u00e1s de compartir aportaciones de diversos autores vinculados con el pensamiento humanista y la educaci\u00f3n.\u00a0<\/span><\/p>\n<p><span style=\"font-weight: 400;\">Durante su intervenci\u00f3n, destac\u00f3 que, ante un mundo cada vez m\u00e1s global y digital, la ciencia y la tecnolog\u00eda deben mantenerse como instrumentos al servicio del desarrollo humano. En este sentido, llam\u00f3 a no perder de vista \u201cque cada ni\u00f1a, ni\u00f1o y adolescente debe sentirse amado, respetado y valorado, en entornos que le permitan desarrollar todo su potencial\u201d.<\/span><\/p>\n<p><span style=\"font-weight: 400;\">Finalmente, Natividad Castrej\u00f3n invit\u00f3 a maestras y maestros a seguir encontrando su camino en la vocaci\u00f3n que eligieron, en el sentido que dan a su labor y en la posibilidad de trascender y realizarse, al recordar que quien ayuda a otros a encontrar su camino tambi\u00e9n puede encontrar el propio.<\/span><\/p>\n<p><span style=\"font-weight: 400;\">En el encuentro estuvieron presentes el titular de la Oficina de Enlace Educativo del Gobierno de M\u00e9xico en el estado de Hidalgo, Jos\u00e9 Nereo Lugo Moreno; las subsecretarias de Educaci\u00f3n B\u00e1sica, Nancy Adriana Le\u00f3n Vite; de Administraci\u00f3n y Finanzas, Maricarmen Margarita Mandujano Cerrilla; de Planeaci\u00f3n y Evaluaci\u00f3n, X\u00f3chitl Garc\u00eda Curiel; el subsecretario de Educaci\u00f3n Media Superior y Superior, Daniel Fragoso Torres; el director general de Educaci\u00f3n B\u00e1sica, Leobardo Cano Albarr\u00e1n, entre otras autoridades educativas y representantes sindicales.<\/span><\/p>\n","protected":false},"excerpt":{"rendered":"<p>Redacci\u00f3n El secretario de Educaci\u00f3n P\u00fablica de Hidalgo, Natividad Castrej\u00f3n Valdez, se reuni\u00f3 con jefas y jefes de sector, supervisoras y supervisores de Educaci\u00f3n B\u00e1sica, a quienes llam\u00f3 a fortalecer el acompa\u00f1amiento a maestras y maestros para que, en este nuevo ciclo escolar, ayuden a las y los estudiantes a encontrar un prop\u00f3sito de vida<\/p>\n","protected":false},"author":2,"featured_media":6805,"comment_status":"open","ping_status":"open","sticky":false,"template":"","format":"standard","meta":{"footnotes":""},"categories":[1],"tags":[128],"class_list":["post-6804","post","type-post","status-publish","format-standard","has-post-thumbnail","category-uncategorized","tag-natividad-castrejon"],"yoast_head":"<!-- This site is optimized with the Yoast SEO plugin v28.0 - https:\/\/yoast.com\/product\/yoast-seo-wordpress\/ -->\n<title>Natividad Castrej\u00f3n encabeza encuentro con jefes de sector y supervisores de Educaci\u00f3n B\u00e1sica\u00a0 - El Cardinal<\/title>\n<meta name=\"robots\" content=\"index, follow, max-snippet:-1, max-image-preview:large, max-video-preview:-1\" \/>\n<link rel=\"canonical\" href=\"https:\/\/elcardinal.com\/?p=6804\" \/>\n<meta property=\"og:locale\" content=\"es_MX\" \/>\n<meta property=\"og:type\" content=\"article\" \/>\n<meta property=\"og:title\" content=\"Natividad Castrej\u00f3n encabeza encuentro con jefes de sector y supervisores de Educaci\u00f3n B\u00e1sica\u00a0 - El Cardinal\" \/>\n<meta property=\"og:description\" content=\"Redacci\u00f3n El secretario de Educaci\u00f3n P\u00fablica de Hidalgo, Natividad Castrej\u00f3n Valdez, se reuni\u00f3 con jefas y jefes de sector, supervisoras y supervisores de Educaci\u00f3n B\u00e1sica, a quienes llam\u00f3 a fortalecer el acompa\u00f1amiento a maestras y maestros para que, en este nuevo ciclo escolar, ayuden a las y los estudiantes a encontrar un prop\u00f3sito de vida\" \/>\n<meta property=\"og:url\" content=\"https:\/\/elcardinal.com\/?p=6804\" \/>\n<meta property=\"og:site_name\" content=\"El Cardinal\" \/>\n<meta property=\"article:publisher\" content=\"https:\/\/www.facebook.com\/profile.php?id=100063093107011\" \/>\n<meta property=\"article:published_time\" content=\"2026-08-21T01:23:09+00:00\" \/>\n<meta property=\"og:image\" content=\"https:\/\/elcardinal.com\/wp-content\/uploads\/2026\/08\/SEP_0702.jpg-scaled.jpeg\" \/>\n\t<meta property=\"og:image:width\" content=\"2560\" \/>\n\t<meta property=\"og:image:height\" content=\"1706\" \/>\n\t<meta property=\"og:image:type\" content=\"image\/jpeg\" \/>\n<meta name=\"author\" content=\"Antonio Alcaraz\" \/>\n<meta name=\"twitter:card\" content=\"summary_large_image\" \/>\n<meta name=\"twitter:creator\" content=\"@ElCardinal_Mx\" \/>\n<meta name=\"twitter:site\" content=\"@ElCardinal_Mx\" \/>\n<meta name=\"twitter:label1\" content=\"Escrito por\" \/>\n\t<meta name=\"twitter:data1\" content=\"Antonio Alcaraz\" \/>\n\t<meta name=\"twitter:label2\" content=\"Tiempo de lectura\" \/>\n\t<meta name=\"twitter:data2\" content=\"2 minutos\" \/>\n<script type=\"application\/ld+json\" class=\"yoast-schema-graph\">{\"@context\":\"https:\\\/\\\/schema.org\",\"@graph\":[{\"@type\":\"Article\",\"@id\":\"https:\\\/\\\/elcardinal.com\\\/?p=6804#article\",\"isPartOf\":{\"@id\":\"https:\\\/\\\/elcardinal.com\\\/?p=6804\"},\"author\":{\"name\":\"Antonio Alcaraz\",\"@id\":\"https:\\\/\\\/elcardinal.com\\\/#\\\/schema\\\/person\\\/3c352ec0a33987fe275c0e8a2ea69f8b\"},\"headline\":\"Natividad Castrej\u00f3n encabeza encuentro con jefes de sector y supervisores de Educaci\u00f3n B\u00e1sica\u00a0\",\"datePublished\":\"2026-08-21T01:23:09+00:00\",\"mainEntityOfPage\":{\"@id\":\"https:\\\/\\\/elcardinal.com\\\/?p=6804\"},\"wordCount\":435,\"commentCount\":0,\"publisher\":{\"@id\":\"https:\\\/\\\/elcardinal.com\\\/#organization\"},\"image\":{\"@id\":\"https:\\\/\\\/elcardinal.com\\\/?p=6804#primaryimage\"},\"thumbnailUrl\":\"https:\\\/\\\/elcardinal.com\\\/wp-content\\\/uploads\\\/2026\\\/08\\\/SEP_0702.jpg-scaled.jpeg\",\"keywords\":[\"Natividad Castrej\u00f3n\"],\"articleSection\":[\"Uncategorized\"],\"inLanguage\":\"es\",\"potentialAction\":[{\"@type\":\"CommentAction\",\"name\":\"Comment\",\"target\":[\"https:\\\/\\\/elcardinal.com\\\/?p=6804#respond\"]}]},{\"@type\":\"WebPage\",\"@id\":\"https:\\\/\\\/elcardinal.com\\\/?p=6804\",\"url\":\"https:\\\/\\\/elcardinal.com\\\/?p=6804\",\"name\":\"Natividad Castrej\u00f3n encabeza encuentro con jefes de sector y supervisores de Educaci\u00f3n B\u00e1sica\u00a0 - El Cardinal\",\"isPartOf\":{\"@id\":\"https:\\\/\\\/elcardinal.com\\\/#website\"},\"primaryImageOfPage\":{\"@id\":\"https:\\\/\\\/elcardinal.com\\\/?p=6804#primaryimage\"},\"image\":{\"@id\":\"https:\\\/\\\/elcardinal.com\\\/?p=6804#primaryimage\"},\"thumbnailUrl\":\"https:\\\/\\\/elcardinal.com\\\/wp-content\\\/uploads\\\/2026\\\/08\\\/SEP_0702.jpg-scaled.jpeg\",\"datePublished\":\"2026-08-21T01:23:09+00:00\",\"breadcrumb\":{\"@id\":\"https:\\\/\\\/elcardinal.com\\\/?p=6804#breadcrumb\"},\"inLanguage\":\"es\",\"potentialAction\":[{\"@type\":\"ReadAction\",\"target\":[\"https:\\\/\\\/elcardinal.com\\\/?p=6804\"]}]},{\"@type\":\"ImageObject\",\"inLanguage\":\"es\",\"@id\":\"https:\\\/\\\/elcardinal.com\\\/?p=6804#primaryimage\",\"url\":\"https:\\\/\\\/elcardinal.com\\\/wp-content\\\/uploads\\\/2026\\\/08\\\/SEP_0702.jpg-scaled.jpeg\",\"contentUrl\":\"https:\\\/\\\/elcardinal.com\\\/wp-content\\\/uploads\\\/2026\\\/08\\\/SEP_0702.jpg-scaled.jpeg\",\"width\":2560,\"height\":1706},{\"@type\":\"BreadcrumbList\",\"@id\":\"https:\\\/\\\/elcardinal.com\\\/?p=6804#breadcrumb\",\"itemListElement\":[{\"@type\":\"ListItem\",\"position\":1,\"name\":\"Inicio\",\"item\":\"https:\\\/\\\/elcardinal.com\\\/\"},{\"@type\":\"ListItem\",\"position\":2,\"name\":\"Natividad Castrej\u00f3n encabeza encuentro con jefes de sector y supervisores de Educaci\u00f3n B\u00e1sica\u00a0\"}]},{\"@type\":\"WebSite\",\"@id\":\"https:\\\/\\\/elcardinal.com\\\/#website\",\"url\":\"https:\\\/\\\/elcardinal.com\\\/\",\"name\":\"El Cardinal\",\"description\":\"Periodismo honesto, con valor, sentido humano, a veces sarc\u00e1stico y divertido.\",\"publisher\":{\"@id\":\"https:\\\/\\\/elcardinal.com\\\/#organization\"},\"alternateName\":\"El Cardinal Noticias\",\"potentialAction\":[{\"@type\":\"SearchAction\",\"target\":{\"@type\":\"EntryPoint\",\"urlTemplate\":\"https:\\\/\\\/elcardinal.com\\\/?s={search_term_string}\"},\"query-input\":{\"@type\":\"PropertyValueSpecification\",\"valueRequired\":true,\"valueName\":\"search_term_string\"}}],\"inLanguage\":\"es\"},{\"@type\":\"Organization\",\"@id\":\"https:\\\/\\\/elcardinal.com\\\/#organization\",\"name\":\"El Cardinal\",\"url\":\"https:\\\/\\\/elcardinal.com\\\/\",\"logo\":{\"@type\":\"ImageObject\",\"inLanguage\":\"es\",\"@id\":\"https:\\\/\\\/elcardinal.com\\\/#\\\/schema\\\/logo\\\/image\\\/\",\"url\":\"https:\\\/\\\/elcardinal.com\\\/wp-content\\\/uploads\\\/2025\\\/04\\\/LOGO-EL-CARDINAL-Periodismo-con-valor.png\",\"contentUrl\":\"https:\\\/\\\/elcardinal.com\\\/wp-content\\\/uploads\\\/2025\\\/04\\\/LOGO-EL-CARDINAL-Periodismo-con-valor.png\",\"width\":755,\"height\":636,\"caption\":\"El Cardinal\"},\"image\":{\"@id\":\"https:\\\/\\\/elcardinal.com\\\/#\\\/schema\\\/logo\\\/image\\\/\"},\"sameAs\":[\"https:\\\/\\\/www.facebook.com\\\/profile.php?id=100063093107011\",\"https:\\\/\\\/x.com\\\/ElCardinal_Mx\"]},{\"@type\":\"Person\",\"@id\":\"https:\\\/\\\/elcardinal.com\\\/#\\\/schema\\\/person\\\/3c352ec0a33987fe275c0e8a2ea69f8b\",\"name\":\"Antonio Alcaraz\",\"image\":{\"@type\":\"ImageObject\",\"inLanguage\":\"es\",\"@id\":\"https:\\\/\\\/elcardinal.com\\\/wp-content\\\/uploads\\\/2025\\\/05\\\/cropped-TONO-96x96.jpg\",\"url\":\"https:\\\/\\\/elcardinal.com\\\/wp-content\\\/uploads\\\/2025\\\/05\\\/cropped-TONO-96x96.jpg\",\"contentUrl\":\"https:\\\/\\\/elcardinal.com\\\/wp-content\\\/uploads\\\/2025\\\/05\\\/cropped-TONO-96x96.jpg\",\"caption\":\"Antonio Alcaraz\"},\"url\":\"https:\\\/\\\/elcardinal.com\\\/?author=2\"}]}<\/script>\n<!-- \/ Yoast SEO plugin. -->","yoast_head_json":{"title":"Natividad Castrej\u00f3n encabeza encuentro con jefes de sector y supervisores de Educaci\u00f3n B\u00e1sica\u00a0 - El Cardinal","robots":{"index":"index","follow":"follow","max-snippet":"max-snippet:-1","max-image-preview":"max-image-preview:large","max-video-preview":"max-video-preview:-1"},"canonical":"https:\/\/elcardinal.com\/?p=6804","og_locale":"es_MX","og_type":"article","og_title":"Natividad Castrej\u00f3n encabeza encuentro con jefes de sector y supervisores de Educaci\u00f3n B\u00e1sica\u00a0 - El Cardinal","og_description":"Redacci\u00f3n El secretario de Educaci\u00f3n P\u00fablica de Hidalgo, Natividad Castrej\u00f3n Valdez, se reuni\u00f3 con jefas y jefes de sector, supervisoras y supervisores de Educaci\u00f3n B\u00e1sica, a quienes llam\u00f3 a fortalecer el acompa\u00f1amiento a maestras y maestros para que, en este nuevo ciclo escolar, ayuden a las y los estudiantes a encontrar un prop\u00f3sito de vida","og_url":"https:\/\/elcardinal.com\/?p=6804","og_site_name":"El Cardinal","article_publisher":"https:\/\/www.facebook.com\/profile.php?id=100063093107011","article_published_time":"2026-08-21T01:23:09+00:00","og_image":[{"width":2560,"height":1706,"url":"https:\/\/elcardinal.com\/wp-content\/uploads\/2026\/08\/SEP_0702.jpg-scaled.jpeg","type":"image\/jpeg"}],"author":"Antonio Alcaraz","twitter_card":"summary_large_image","twitter_creator":"@ElCardinal_Mx","twitter_site":"@ElCardinal_Mx","twitter_misc":{"Escrito por":"Antonio Alcaraz","Tiempo de lectura":"2 minutos"},"schema":{"@context":"https:\/\/schema.org","@graph":[{"@type":"Article","@id":"https:\/\/elcardinal.com\/?p=6804#article","isPartOf":{"@id":"https:\/\/elcardinal.com\/?p=6804"},"author":{"name":"Antonio Alcaraz","@id":"https:\/\/elcardinal.com\/#\/schema\/person\/3c352ec0a33987fe275c0e8a2ea69f8b"},"headline":"Natividad Castrej\u00f3n encabeza encuentro con jefes de sector y supervisores de Educaci\u00f3n B\u00e1sica\u00a0","datePublished":"2026-08-21T01:23:09+00:00","mainEntityOfPage":{"@id":"https:\/\/elcardinal.com\/?p=6804"},"wordCount":435,"commentCount":0,"publisher":{"@id":"https:\/\/elcardinal.com\/#organization"},"image":{"@id":"https:\/\/elcardinal.com\/?p=6804#primaryimage"},"thumbnailUrl":"https:\/\/elcardinal.com\/wp-content\/uploads\/2026\/08\/SEP_0702.jpg-scaled.jpeg","keywords":["Natividad Castrej\u00f3n"],"articleSection":["Uncategorized"],"inLanguage":"es","potentialAction":[{"@type":"CommentAction","name":"Comment","target":["https:\/\/elcardinal.com\/?p=6804#respond"]}]},{"@type":"WebPage","@id":"https:\/\/elcardinal.com\/?p=6804","url":"https:\/\/elcardinal.com\/?p=6804","name":"Natividad Castrej\u00f3n encabeza encuentro con jefes de sector y supervisores de Educaci\u00f3n B\u00e1sica\u00a0 - El Cardinal","isPartOf":{"@id":"https:\/\/elcardinal.com\/#website"},"primaryImageOfPage":{"@id":"https:\/\/elcardinal.com\/?p=6804#primaryimage"},"image":{"@id":"https:\/\/elcardinal.com\/?p=6804#primaryimage"},"thumbnailUrl":"https:\/\/elcardinal.com\/wp-content\/uploads\/2026\/08\/SEP_0702.jpg-scaled.jpeg","datePublished":"2026-08-21T01:23:09+00:00","breadcrumb":{"@id":"https:\/\/elcardinal.com\/?p=6804#breadcrumb"},"inLanguage":"es","potentialAction":[{"@type":"ReadAction","target":["https:\/\/elcardinal.com\/?p=6804"]}]},{"@type":"ImageObject","inLanguage":"es","@id":"https:\/\/elcardinal.com\/?p=6804#primaryimage","url":"https:\/\/elcardinal.com\/wp-content\/uploads\/2026\/08\/SEP_0702.jpg-scaled.jpeg","contentUrl":"https:\/\/elcardinal.com\/wp-content\/uploads\/2026\/08\/SEP_0702.jpg-scaled.jpeg","width":2560,"height":1706},{"@type":"BreadcrumbList","@id":"https:\/\/elcardinal.com\/?p=6804#breadcrumb","itemListElement":[{"@type":"ListItem","position":1,"name":"Inicio","item":"https:\/\/elcardinal.com\/"},{"@type":"ListItem","position":2,"name":"Natividad Castrej\u00f3n encabeza encuentro con jefes de sector y supervisores de Educaci\u00f3n B\u00e1sica\u00a0"}]},{"@type":"WebSite","@id":"https:\/\/elcardinal.com\/#website","url":"https:\/\/elcardinal.com\/","name":"El Cardinal","description":"Periodismo honesto, con valor, sentido humano, a veces sarc\u00e1stico y divertido.","publisher":{"@id":"https:\/\/elcardinal.com\/#organization"},"alternateName":"El Cardinal Noticias","potentialAction":[{"@type":"SearchAction","target":{"@type":"EntryPoint","urlTemplate":"https:\/\/elcardinal.com\/?s={search_term_string}"},"query-input":{"@type":"PropertyValueSpecification","valueRequired":true,"valueName":"search_term_string"}}],"inLanguage":"es"},{"@type":"Organization","@id":"https:\/\/elcardinal.com\/#organization","name":"El Cardinal","url":"https:\/\/elcardinal.com\/","logo":{"@type":"ImageObject","inLanguage":"es","@id":"https:\/\/elcardinal.com\/#\/schema\/logo\/image\/","url":"https:\/\/elcardinal.com\/wp-content\/uploads\/2025\/04\/LOGO-EL-CARDINAL-Periodismo-con-valor.png","contentUrl":"https:\/\/elcardinal.com\/wp-content\/uploads\/2025\/04\/LOGO-EL-CARDINAL-Periodismo-con-valor.png","width":755,"height":636,"caption":"El Cardinal"},"image":{"@id":"https:\/\/elcardinal.com\/#\/schema\/logo\/image\/"},"sameAs":["https:\/\/www.facebook.com\/profile.php?id=100063093107011","https:\/\/x.com\/ElCardinal_Mx"]},{"@type":"Person","@id":"https:\/\/elcardinal.com\/#\/schema\/person\/3c352ec0a33987fe275c0e8a2ea69f8b","name":"Antonio Alcaraz","image":{"@type":"ImageObject","inLanguage":"es","@id":"https:\/\/elcardinal.com\/wp-content\/uploads\/2025\/05\/cropped-TONO-96x96.jpg","url":"https:\/\/elcardinal.com\/wp-content\/uploads\/2025\/05\/cropped-TONO-96x96.jpg","contentUrl":"https:\/\/elcardinal.com\/wp-content\/uploads\/2025\/05\/cropped-TONO-96x96.jpg","caption":"Antonio Alcaraz"},"url":"https:\/\/elcardinal.com\/?author=2"}]}},"_links":{"self":[{"href":"https:\/\/elcardinal.com\/index.php?rest_route=\/wp\/v2\/posts\/6804","targetHints":{"allow":["GET"]}}],"collection":[{"href":"https:\/\/elcardinal.com\/index.php?rest_route=\/wp\/v2\/posts"}],"about":[{"href":"https:\/\/elcardinal.com\/index.php?rest_route=\/wp\/v2\/types\/post"}],"author":[{"embeddable":true,"href":"https:\/\/elcardinal.com\/index.php?rest_route=\/wp\/v2\/users\/2"}],"replies":[{"embeddable":true,"href":"https:\/\/elcardinal.com\/index.php?rest_route=%2Fwp%2Fv2%2Fcomments&post=6804"}],"version-history":[{"count":1,"href":"https:\/\/elcardinal.com\/index.php?rest_route=\/wp\/v2\/posts\/6804\/revisions"}],"predecessor-version":[{"id":6806,"href":"https:\/\/elcardinal.com\/index.php?rest_route=\/wp\/v2\/posts\/6804\/revisions\/6806"}],"wp:featuredmedia":[{"embeddable":true,"href":"https:\/\/elcardinal.com\/index.php?rest_route=\/wp\/v2\/media\/6805"}],"wp:attachment":[{"href":"https:\/\/elcardinal.com\/index.php?rest_route=%2Fwp%2Fv2%2Fmedia&parent=6804"}],"wp:term":[{"taxonomy":"category","embeddable":true,"href":"https:\/\/elcardinal.com\/index.php?rest_route=%2Fwp%2Fv2%2Fcategories&post=6804"},{"taxonomy":"post_tag","embeddable":true,"href":"https:\/\/elcardinal.com\/index.php?rest_route=%2Fwp%2Fv2%2Ftags&post=6804"}],"curies":[{"name":"wp","href":"https:\/\/api.w.org\/{rel}","templated":true}]}}