{"id":6811,"date":"2026-08-21T15:06:42","date_gmt":"2026-08-21T21:06:42","guid":{"rendered":"https:\/\/elcardinal.com\/?p=6811"},"modified":"2026-08-22T15:07:25","modified_gmt":"2026-08-22T21:07:25","slug":"inaugura-seph-sala-de-lactancia-en-oficinas-centrales","status":"publish","type":"post","link":"https:\/\/elcardinal.com\/?p=6811","title":{"rendered":"Inaugura SEPH sala de lactancia en oficinas centrales"},"content":{"rendered":"<p>Redacci\u00f3n<\/p>\n<p><span style=\"font-weight: 400;\">La Secretar\u00eda de Educaci\u00f3n P\u00fablica de Hidalgo (SEPH) que encabeza Natividad Castrej\u00f3n Valdez, fortalece sus acciones para promover entornos laborales saludables, incluyentes y humanistas con la puesta en marcha de una Sala de Lactancia en sus oficinas centrales, espacio destinado a facilitar la lactancia materna, as\u00ed como la extracci\u00f3n y conservaci\u00f3n de leche durante la jornada laboral.<\/span><\/p>\n<p><span style=\"font-weight: 400;\">La iniciativa responde a una necesidad identificada entre las mujeres que forman parte de la instituci\u00f3n y busca ofrecer un espacio digno, privado, seguro e higi\u00e9nico para quienes requieran continuar con la lactancia durante su jornada laboral.<\/span><\/p>\n<p><span style=\"font-weight: 400;\">Durante su mensaje el secretario de Educaci\u00f3n P\u00fablica de Hidalgo, Natividad Castrej\u00f3n, destac\u00f3 que esta acci\u00f3n forma parte de una visi\u00f3n integral de bienestar que reconoce que las condiciones laborales tambi\u00e9n son parte de la salud y calidad de vida de quienes hacen posible la prestaci\u00f3n del servicio educativo.<\/span><\/p>\n<p><span style=\"font-weight: 400;\">Se\u00f1al\u00f3 que, a trav\u00e9s de la Estrategia Nacional Vive Saludable, Vive Feliz y del modelo implementado en Hidalgo, se busca que los principios de inclusi\u00f3n, humanismo, cuidado y bienestar se traduzcan en acciones concretas dentro de las instituciones.<\/span><\/p>\n<p><span style=\"font-weight: 400;\">\u201cDeseamos que este lugar sea un espacio de tranquilidad, respeto y confianza para quienes lo necesiten, y una muestra de que cuando ponemos a las personas en el centro de nuestras decisiones, las pol\u00edticas p\u00fablicas adquieren otro sentido\u201d, afirm\u00f3 Natividad Castrej\u00f3n.<\/span><\/p>\n<p><span style=\"font-weight: 400;\">Por su parte, la titular de la Unidad de Promoci\u00f3n Voluntaria de la SEPH, Virginia Hurtado Salinas, indic\u00f3 que la habilitaci\u00f3n de este espacio es resultado de escuchar y reconocer las necesidades de las mujeres que forman parte de la instituci\u00f3n, a partir del proceso de Certificaci\u00f3n de Entornos Laborales Saludables.<\/span><\/p>\n<p><span style=\"font-weight: 400;\">Destac\u00f3 que generar condiciones para que las mujeres puedan continuar con la lactancia durante su jornada laboral representa tambi\u00e9n una manera de construir una instituci\u00f3n m\u00e1s cercana a las necesidades de su personal, donde el cuidado y la corresponsabilidad formen parte de la cultura laboral.<\/span><\/p>\n<p><span style=\"font-weight: 400;\">En la inauguraci\u00f3n estuvo presente el titular de la Oficina de Enlace Educativo del Gobierno de M\u00e9xico en Hidalgo, Jos\u00e9 Nereo Lugo Moreno; las subsecretar\u00edas de Administraci\u00f3n y Finanzas, Maricarmen Margarita Mandujano Cerrilla; de Planeaci\u00f3n y Evaluaci\u00f3n Xochitl Beatriz Garc\u00eda Curiel; el subsecretario de Educaci\u00f3n Media Superior y Superior, Daniel Fragoso Torres; el titular del \u00f3rgano de operaci\u00f3n administrativa en Hidalgo, IMSS ordinario Jorge Luis Zendejas Villanueva; el coordinador estatal de servicios de salud del IMSS Bienestar, Felipe Arreola Torres, entre otros.<\/span><\/p>\n<p>&nbsp;<\/p>\n","protected":false},"excerpt":{"rendered":"<p>Redacci\u00f3n La Secretar\u00eda de Educaci\u00f3n P\u00fablica de Hidalgo (SEPH) que encabeza Natividad Castrej\u00f3n Valdez, fortalece sus acciones para promover entornos laborales saludables, incluyentes y humanistas con la puesta en marcha de una Sala de Lactancia en sus oficinas centrales, espacio destinado a facilitar la lactancia materna, as\u00ed como la extracci\u00f3n y conservaci\u00f3n de leche durante<\/p>\n","protected":false},"author":2,"featured_media":6812,"comment_status":"open","ping_status":"open","sticky":false,"template":"","format":"standard","meta":{"footnotes":""},"categories":[404,31,44],"tags":[],"class_list":["post-6811","post","type-post","status-publish","format-standard","has-post-thumbnail","category-educacion","category-hidalgo","category-minuto-a-minuto"],"yoast_head":"<!-- This site is optimized with the Yoast SEO plugin v28.0 - https:\/\/yoast.com\/product\/yoast-seo-wordpress\/ -->\n<title>Inaugura SEPH sala de lactancia en oficinas centrales - El Cardinal<\/title>\n<meta name=\"robots\" content=\"index, follow, max-snippet:-1, max-image-preview:large, max-video-preview:-1\" \/>\n<link rel=\"canonical\" href=\"https:\/\/elcardinal.com\/?p=6811\" \/>\n<meta property=\"og:locale\" content=\"es_MX\" \/>\n<meta property=\"og:type\" content=\"article\" \/>\n<meta property=\"og:title\" content=\"Inaugura SEPH sala de lactancia en oficinas centrales - El Cardinal\" \/>\n<meta property=\"og:description\" content=\"Redacci\u00f3n La Secretar\u00eda de Educaci\u00f3n P\u00fablica de Hidalgo (SEPH) que encabeza Natividad Castrej\u00f3n Valdez, fortalece sus acciones para promover entornos laborales saludables, incluyentes y humanistas con la puesta en marcha de una Sala de Lactancia en sus oficinas centrales, espacio destinado a facilitar la lactancia materna, as\u00ed como la extracci\u00f3n y conservaci\u00f3n de leche durante\" \/>\n<meta property=\"og:url\" content=\"https:\/\/elcardinal.com\/?p=6811\" \/>\n<meta property=\"og:site_name\" content=\"El Cardinal\" \/>\n<meta property=\"article:publisher\" content=\"https:\/\/www.facebook.com\/profile.php?id=100063093107011\" \/>\n<meta property=\"article:published_time\" content=\"2026-08-21T21:06:42+00:00\" \/>\n<meta property=\"article:modified_time\" content=\"2026-08-22T21:07:25+00:00\" \/>\n<meta property=\"og:image\" content=\"https:\/\/elcardinal.com\/wp-content\/uploads\/2026\/08\/Inaugura-SEPH-sala-de-lactancia-en-oficinas-centrales-1-scaled.jpeg\" \/>\n\t<meta property=\"og:image:width\" content=\"2560\" \/>\n\t<meta property=\"og:image:height\" content=\"1708\" \/>\n\t<meta property=\"og:image:type\" content=\"image\/jpeg\" \/>\n<meta name=\"author\" content=\"Antonio Alcaraz\" \/>\n<meta name=\"twitter:card\" content=\"summary_large_image\" \/>\n<meta name=\"twitter:creator\" content=\"@ElCardinal_Mx\" \/>\n<meta name=\"twitter:site\" content=\"@ElCardinal_Mx\" \/>\n<meta name=\"twitter:label1\" content=\"Escrito por\" \/>\n\t<meta name=\"twitter:data1\" content=\"Antonio Alcaraz\" \/>\n\t<meta name=\"twitter:label2\" content=\"Tiempo de lectura\" \/>\n\t<meta name=\"twitter:data2\" content=\"2 minutos\" \/>\n<script type=\"application\/ld+json\" class=\"yoast-schema-graph\">{\"@context\":\"https:\\\/\\\/schema.org\",\"@graph\":[{\"@type\":\"Article\",\"@id\":\"https:\\\/\\\/elcardinal.com\\\/?p=6811#article\",\"isPartOf\":{\"@id\":\"https:\\\/\\\/elcardinal.com\\\/?p=6811\"},\"author\":{\"name\":\"Antonio Alcaraz\",\"@id\":\"https:\\\/\\\/elcardinal.com\\\/#\\\/schema\\\/person\\\/3c352ec0a33987fe275c0e8a2ea69f8b\"},\"headline\":\"Inaugura SEPH sala de lactancia en oficinas centrales\",\"datePublished\":\"2026-08-21T21:06:42+00:00\",\"dateModified\":\"2026-08-22T21:07:25+00:00\",\"mainEntityOfPage\":{\"@id\":\"https:\\\/\\\/elcardinal.com\\\/?p=6811\"},\"wordCount\":448,\"commentCount\":0,\"publisher\":{\"@id\":\"https:\\\/\\\/elcardinal.com\\\/#organization\"},\"image\":{\"@id\":\"https:\\\/\\\/elcardinal.com\\\/?p=6811#primaryimage\"},\"thumbnailUrl\":\"https:\\\/\\\/elcardinal.com\\\/wp-content\\\/uploads\\\/2026\\\/08\\\/Inaugura-SEPH-sala-de-lactancia-en-oficinas-centrales-1-scaled.jpeg\",\"articleSection\":[\"Educaci\u00f3n\",\"Hidalgo\",\"Minuto a Minuto\"],\"inLanguage\":\"es\",\"potentialAction\":[{\"@type\":\"CommentAction\",\"name\":\"Comment\",\"target\":[\"https:\\\/\\\/elcardinal.com\\\/?p=6811#respond\"]}]},{\"@type\":\"WebPage\",\"@id\":\"https:\\\/\\\/elcardinal.com\\\/?p=6811\",\"url\":\"https:\\\/\\\/elcardinal.com\\\/?p=6811\",\"name\":\"Inaugura SEPH sala de lactancia en oficinas centrales - El Cardinal\",\"isPartOf\":{\"@id\":\"https:\\\/\\\/elcardinal.com\\\/#website\"},\"primaryImageOfPage\":{\"@id\":\"https:\\\/\\\/elcardinal.com\\\/?p=6811#primaryimage\"},\"image\":{\"@id\":\"https:\\\/\\\/elcardinal.com\\\/?p=6811#primaryimage\"},\"thumbnailUrl\":\"https:\\\/\\\/elcardinal.com\\\/wp-content\\\/uploads\\\/2026\\\/08\\\/Inaugura-SEPH-sala-de-lactancia-en-oficinas-centrales-1-scaled.jpeg\",\"datePublished\":\"2026-08-21T21:06:42+00:00\",\"dateModified\":\"2026-08-22T21:07:25+00:00\",\"breadcrumb\":{\"@id\":\"https:\\\/\\\/elcardinal.com\\\/?p=6811#breadcrumb\"},\"inLanguage\":\"es\",\"potentialAction\":[{\"@type\":\"ReadAction\",\"target\":[\"https:\\\/\\\/elcardinal.com\\\/?p=6811\"]}]},{\"@type\":\"ImageObject\",\"inLanguage\":\"es\",\"@id\":\"https:\\\/\\\/elcardinal.com\\\/?p=6811#primaryimage\",\"url\":\"https:\\\/\\\/elcardinal.com\\\/wp-content\\\/uploads\\\/2026\\\/08\\\/Inaugura-SEPH-sala-de-lactancia-en-oficinas-centrales-1-scaled.jpeg\",\"contentUrl\":\"https:\\\/\\\/elcardinal.com\\\/wp-content\\\/uploads\\\/2026\\\/08\\\/Inaugura-SEPH-sala-de-lactancia-en-oficinas-centrales-1-scaled.jpeg\",\"width\":2560,\"height\":1708},{\"@type\":\"BreadcrumbList\",\"@id\":\"https:\\\/\\\/elcardinal.com\\\/?p=6811#breadcrumb\",\"itemListElement\":[{\"@type\":\"ListItem\",\"position\":1,\"name\":\"Inicio\",\"item\":\"https:\\\/\\\/elcardinal.com\\\/\"},{\"@type\":\"ListItem\",\"position\":2,\"name\":\"Inaugura SEPH sala de lactancia en oficinas centrales\"}]},{\"@type\":\"WebSite\",\"@id\":\"https:\\\/\\\/elcardinal.com\\\/#website\",\"url\":\"https:\\\/\\\/elcardinal.com\\\/\",\"name\":\"El Cardinal\",\"description\":\"Periodismo honesto, con valor, sentido humano, a veces sarc\u00e1stico y divertido.\",\"publisher\":{\"@id\":\"https:\\\/\\\/elcardinal.com\\\/#organization\"},\"alternateName\":\"El Cardinal Noticias\",\"potentialAction\":[{\"@type\":\"SearchAction\",\"target\":{\"@type\":\"EntryPoint\",\"urlTemplate\":\"https:\\\/\\\/elcardinal.com\\\/?s={search_term_string}\"},\"query-input\":{\"@type\":\"PropertyValueSpecification\",\"valueRequired\":true,\"valueName\":\"search_term_string\"}}],\"inLanguage\":\"es\"},{\"@type\":\"Organization\",\"@id\":\"https:\\\/\\\/elcardinal.com\\\/#organization\",\"name\":\"El Cardinal\",\"url\":\"https:\\\/\\\/elcardinal.com\\\/\",\"logo\":{\"@type\":\"ImageObject\",\"inLanguage\":\"es\",\"@id\":\"https:\\\/\\\/elcardinal.com\\\/#\\\/schema\\\/logo\\\/image\\\/\",\"url\":\"https:\\\/\\\/elcardinal.com\\\/wp-content\\\/uploads\\\/2025\\\/04\\\/LOGO-EL-CARDINAL-Periodismo-con-valor.png\",\"contentUrl\":\"https:\\\/\\\/elcardinal.com\\\/wp-content\\\/uploads\\\/2025\\\/04\\\/LOGO-EL-CARDINAL-Periodismo-con-valor.png\",\"width\":755,\"height\":636,\"caption\":\"El Cardinal\"},\"image\":{\"@id\":\"https:\\\/\\\/elcardinal.com\\\/#\\\/schema\\\/logo\\\/image\\\/\"},\"sameAs\":[\"https:\\\/\\\/www.facebook.com\\\/profile.php?id=100063093107011\",\"https:\\\/\\\/x.com\\\/ElCardinal_Mx\"]},{\"@type\":\"Person\",\"@id\":\"https:\\\/\\\/elcardinal.com\\\/#\\\/schema\\\/person\\\/3c352ec0a33987fe275c0e8a2ea69f8b\",\"name\":\"Antonio Alcaraz\",\"image\":{\"@type\":\"ImageObject\",\"inLanguage\":\"es\",\"@id\":\"https:\\\/\\\/elcardinal.com\\\/wp-content\\\/uploads\\\/2025\\\/05\\\/cropped-TONO-96x96.jpg\",\"url\":\"https:\\\/\\\/elcardinal.com\\\/wp-content\\\/uploads\\\/2025\\\/05\\\/cropped-TONO-96x96.jpg\",\"contentUrl\":\"https:\\\/\\\/elcardinal.com\\\/wp-content\\\/uploads\\\/2025\\\/05\\\/cropped-TONO-96x96.jpg\",\"caption\":\"Antonio Alcaraz\"},\"url\":\"https:\\\/\\\/elcardinal.com\\\/?author=2\"}]}<\/script>\n<!-- \/ Yoast SEO plugin. -->","yoast_head_json":{"title":"Inaugura SEPH sala de lactancia en oficinas centrales - El Cardinal","robots":{"index":"index","follow":"follow","max-snippet":"max-snippet:-1","max-image-preview":"max-image-preview:large","max-video-preview":"max-video-preview:-1"},"canonical":"https:\/\/elcardinal.com\/?p=6811","og_locale":"es_MX","og_type":"article","og_title":"Inaugura SEPH sala de lactancia en oficinas centrales - El Cardinal","og_description":"Redacci\u00f3n La Secretar\u00eda de Educaci\u00f3n P\u00fablica de Hidalgo (SEPH) que encabeza Natividad Castrej\u00f3n Valdez, fortalece sus acciones para promover entornos laborales saludables, incluyentes y humanistas con la puesta en marcha de una Sala de Lactancia en sus oficinas centrales, espacio destinado a facilitar la lactancia materna, as\u00ed como la extracci\u00f3n y conservaci\u00f3n de leche durante","og_url":"https:\/\/elcardinal.com\/?p=6811","og_site_name":"El Cardinal","article_publisher":"https:\/\/www.facebook.com\/profile.php?id=100063093107011","article_published_time":"2026-08-21T21:06:42+00:00","article_modified_time":"2026-08-22T21:07:25+00:00","og_image":[{"width":2560,"height":1708,"url":"https:\/\/elcardinal.com\/wp-content\/uploads\/2026\/08\/Inaugura-SEPH-sala-de-lactancia-en-oficinas-centrales-1-scaled.jpeg","type":"image\/jpeg"}],"author":"Antonio Alcaraz","twitter_card":"summary_large_image","twitter_creator":"@ElCardinal_Mx","twitter_site":"@ElCardinal_Mx","twitter_misc":{"Escrito por":"Antonio Alcaraz","Tiempo de lectura":"2 minutos"},"schema":{"@context":"https:\/\/schema.org","@graph":[{"@type":"Article","@id":"https:\/\/elcardinal.com\/?p=6811#article","isPartOf":{"@id":"https:\/\/elcardinal.com\/?p=6811"},"author":{"name":"Antonio Alcaraz","@id":"https:\/\/elcardinal.com\/#\/schema\/person\/3c352ec0a33987fe275c0e8a2ea69f8b"},"headline":"Inaugura SEPH sala de lactancia en oficinas centrales","datePublished":"2026-08-21T21:06:42+00:00","dateModified":"2026-08-22T21:07:25+00:00","mainEntityOfPage":{"@id":"https:\/\/elcardinal.com\/?p=6811"},"wordCount":448,"commentCount":0,"publisher":{"@id":"https:\/\/elcardinal.com\/#organization"},"image":{"@id":"https:\/\/elcardinal.com\/?p=6811#primaryimage"},"thumbnailUrl":"https:\/\/elcardinal.com\/wp-content\/uploads\/2026\/08\/Inaugura-SEPH-sala-de-lactancia-en-oficinas-centrales-1-scaled.jpeg","articleSection":["Educaci\u00f3n","Hidalgo","Minuto a Minuto"],"inLanguage":"es","potentialAction":[{"@type":"CommentAction","name":"Comment","target":["https:\/\/elcardinal.com\/?p=6811#respond"]}]},{"@type":"WebPage","@id":"https:\/\/elcardinal.com\/?p=6811","url":"https:\/\/elcardinal.com\/?p=6811","name":"Inaugura SEPH sala de lactancia en oficinas centrales - El Cardinal","isPartOf":{"@id":"https:\/\/elcardinal.com\/#website"},"primaryImageOfPage":{"@id":"https:\/\/elcardinal.com\/?p=6811#primaryimage"},"image":{"@id":"https:\/\/elcardinal.com\/?p=6811#primaryimage"},"thumbnailUrl":"https:\/\/elcardinal.com\/wp-content\/uploads\/2026\/08\/Inaugura-SEPH-sala-de-lactancia-en-oficinas-centrales-1-scaled.jpeg","datePublished":"2026-08-21T21:06:42+00:00","dateModified":"2026-08-22T21:07:25+00:00","breadcrumb":{"@id":"https:\/\/elcardinal.com\/?p=6811#breadcrumb"},"inLanguage":"es","potentialAction":[{"@type":"ReadAction","target":["https:\/\/elcardinal.com\/?p=6811"]}]},{"@type":"ImageObject","inLanguage":"es","@id":"https:\/\/elcardinal.com\/?p=6811#primaryimage","url":"https:\/\/elcardinal.com\/wp-content\/uploads\/2026\/08\/Inaugura-SEPH-sala-de-lactancia-en-oficinas-centrales-1-scaled.jpeg","contentUrl":"https:\/\/elcardinal.com\/wp-content\/uploads\/2026\/08\/Inaugura-SEPH-sala-de-lactancia-en-oficinas-centrales-1-scaled.jpeg","width":2560,"height":1708},{"@type":"BreadcrumbList","@id":"https:\/\/elcardinal.com\/?p=6811#breadcrumb","itemListElement":[{"@type":"ListItem","position":1,"name":"Inicio","item":"https:\/\/elcardinal.com\/"},{"@type":"ListItem","position":2,"name":"Inaugura SEPH sala de lactancia en oficinas centrales"}]},{"@type":"WebSite","@id":"https:\/\/elcardinal.com\/#website","url":"https:\/\/elcardinal.com\/","name":"El Cardinal","description":"Periodismo honesto, con valor, sentido humano, a veces sarc\u00e1stico y divertido.","publisher":{"@id":"https:\/\/elcardinal.com\/#organization"},"alternateName":"El Cardinal Noticias","potentialAction":[{"@type":"SearchAction","target":{"@type":"EntryPoint","urlTemplate":"https:\/\/elcardinal.com\/?s={search_term_string}"},"query-input":{"@type":"PropertyValueSpecification","valueRequired":true,"valueName":"search_term_string"}}],"inLanguage":"es"},{"@type":"Organization","@id":"https:\/\/elcardinal.com\/#organization","name":"El Cardinal","url":"https:\/\/elcardinal.com\/","logo":{"@type":"ImageObject","inLanguage":"es","@id":"https:\/\/elcardinal.com\/#\/schema\/logo\/image\/","url":"https:\/\/elcardinal.com\/wp-content\/uploads\/2025\/04\/LOGO-EL-CARDINAL-Periodismo-con-valor.png","contentUrl":"https:\/\/elcardinal.com\/wp-content\/uploads\/2025\/04\/LOGO-EL-CARDINAL-Periodismo-con-valor.png","width":755,"height":636,"caption":"El Cardinal"},"image":{"@id":"https:\/\/elcardinal.com\/#\/schema\/logo\/image\/"},"sameAs":["https:\/\/www.facebook.com\/profile.php?id=100063093107011","https:\/\/x.com\/ElCardinal_Mx"]},{"@type":"Person","@id":"https:\/\/elcardinal.com\/#\/schema\/person\/3c352ec0a33987fe275c0e8a2ea69f8b","name":"Antonio Alcaraz","image":{"@type":"ImageObject","inLanguage":"es","@id":"https:\/\/elcardinal.com\/wp-content\/uploads\/2025\/05\/cropped-TONO-96x96.jpg","url":"https:\/\/elcardinal.com\/wp-content\/uploads\/2025\/05\/cropped-TONO-96x96.jpg","contentUrl":"https:\/\/elcardinal.com\/wp-content\/uploads\/2025\/05\/cropped-TONO-96x96.jpg","caption":"Antonio Alcaraz"},"url":"https:\/\/elcardinal.com\/?author=2"}]}},"_links":{"self":[{"href":"https:\/\/elcardinal.com\/index.php?rest_route=\/wp\/v2\/posts\/6811","targetHints":{"allow":["GET"]}}],"collection":[{"href":"https:\/\/elcardinal.com\/index.php?rest_route=\/wp\/v2\/posts"}],"about":[{"href":"https:\/\/elcardinal.com\/index.php?rest_route=\/wp\/v2\/types\/post"}],"author":[{"embeddable":true,"href":"https:\/\/elcardinal.com\/index.php?rest_route=\/wp\/v2\/users\/2"}],"replies":[{"embeddable":true,"href":"https:\/\/elcardinal.com\/index.php?rest_route=%2Fwp%2Fv2%2Fcomments&post=6811"}],"version-history":[{"count":1,"href":"https:\/\/elcardinal.com\/index.php?rest_route=\/wp\/v2\/posts\/6811\/revisions"}],"predecessor-version":[{"id":6813,"href":"https:\/\/elcardinal.com\/index.php?rest_route=\/wp\/v2\/posts\/6811\/revisions\/6813"}],"wp:featuredmedia":[{"embeddable":true,"href":"https:\/\/elcardinal.com\/index.php?rest_route=\/wp\/v2\/media\/6812"}],"wp:attachment":[{"href":"https:\/\/elcardinal.com\/index.php?rest_route=%2Fwp%2Fv2%2Fmedia&parent=6811"}],"wp:term":[{"taxonomy":"category","embeddable":true,"href":"https:\/\/elcardinal.com\/index.php?rest_route=%2Fwp%2Fv2%2Fcategories&post=6811"},{"taxonomy":"post_tag","embeddable":true,"href":"https:\/\/elcardinal.com\/index.php?rest_route=%2Fwp%2Fv2%2Ftags&post=6811"}],"curies":[{"name":"wp","href":"https:\/\/api.w.org\/{rel}","templated":true}]}}