{"id":6815,"date":"2026-08-23T14:27:05","date_gmt":"2026-08-23T20:27:05","guid":{"rendered":"https:\/\/elcardinal.com\/?p=6815"},"modified":"2026-08-23T14:27:27","modified_gmt":"2026-08-23T20:27:27","slug":"algun-dia-nadie-recordara-tu-nombre","status":"publish","type":"post","link":"https:\/\/elcardinal.com\/?p=6815","title":{"rendered":"Alg\u00fan d\u00eda nadie recordar\u00e1 tu nombre"},"content":{"rendered":"<p>Por: <strong>Jos\u00e9 Antonio Alcaraz Su\u00e1rez<\/strong><\/p>\n<p>Hace unas semanas, mientras le\u00eda un <strong>libro sobre estoicismo<\/strong>, me encontr\u00e9 con una pregunta que me fren\u00f3 en seco. No supe responderla y, parad\u00f3jicamente, me dej\u00f3 con muchas m\u00e1s preguntas dando vueltas en la cabeza:<\/p>\n<blockquote><p>\u201c\u00bfQui\u00e9n fue la persona m\u00e1s rica y famosa en 1733? Probablemente no lo sabes. Y, siendo sinceros, tampoco te importa\u201d.<\/p><\/blockquote>\n<p>El texto continuaba con una reflexi\u00f3n todav\u00eda m\u00e1s contundente: eso mismo ocurrir\u00e1 con nosotros. Dentro de <strong>100, 500 o mil a\u00f1os<\/strong>, probablemente nadie recordar\u00e1 nuestro nombre, ni las discusiones que hoy nos roban la paz, ni las metas que ahora parecen tan urgentes, ni muchos de los problemas que sentimos enormes.<\/p>\n<h4><strong>EL TIEMPO TIENE UNA MANERA IMPLACABLE DE PONERLO TODO EN PERSPECTIVA\u00a0<\/strong><\/h4>\n<p>Lo que hoy parece gigantesco, ma\u00f1ana ser\u00e1 apenas un recuerdo. Lo que hoy representa una construcci\u00f3n imponente, alg\u00fan d\u00eda ser\u00e1 polvo. Y muchas de las cosas que <strong>ahora nos frustran,<\/strong> nos entristecen o nos generan impotencia terminar\u00e1n<strong> perdiendo por completo su importancia<\/strong>.<\/p>\n<p>La fugacidad de la vida es una realidad. Y entonces aparece una pregunta inevitable: <strong>\u00bfQu\u00e9 sentido tiene vivir?<\/strong><\/p>\n<p>Si en alg\u00fan momento vamos a morir, \u00bfqu\u00e9 sentido tiene vivir? No recuerdo cu\u00e1ntas veces me he hecho ese cuestionamiento. Aunque s\u00ed recuerdo que todo me parece m\u00e1s complicado cuando <strong>me encuentro fr\u00e1gil, triste o atrapado<\/strong> en ese modo pesimista.<\/p>\n<p>Con el paso del tiempo he aprendido a no pelearme con esas emociones ni a pretender que no existen. Simplemente las dejo ser, pero dentro de un espacio de control interno que me permite observarlas, entenderlas y, sobre todo, distinguir entre aquello que merece mi energ\u00eda y aquello que, sencillamente, est\u00e1 fuera de mi control.<\/p>\n<p>Y cuando pasa el berrinche \u2014o, mejor dicho, la emoci\u00f3n\u2014 <strong>vuelve la cordura<\/strong>. Entonces encuentro mi propia respuesta:<\/p>\n<blockquote>\n<h6>&#8220;Vivo para tener experiencias. Soy coleccionista de momentos. Soy un pata de perro&#8221;.<\/h6>\n<\/blockquote>\n<p>Hay experiencias que elijo y otras que simplemente llegan. Pero todas forman parte de esta \u00fanica oportunidad de estar aqu\u00ed. Y lo que se vive hoy merece ser disfrutado hoy.<\/p>\n<p>Mientras escrib\u00eda est\u00e1 columna en una tablet \u2014porque mi tel\u00e9fono va para tres semanas descompuesto\u2014, estaba sentado en un <strong>sill\u00f3n estilo Luis XV<\/strong> en casa de mis pap\u00e1s. En alg\u00fan momento levant\u00e9 la mirada y me detuve a observar el sutil balanceo de unas estrellas de fomi de colores que penden de un hilo negro colocado en la pared. <strong>Esos adornos los hizo mi pap\u00e1.<\/strong><\/p>\n<p>El viento que se cuela por la puerta los mueve suavemente. Ese mismo viento entra en mis pulmones mientras los observo. Y, durante unos segundos, dej\u00e9 de escribir. Solo estuve ah\u00ed.<\/p>\n<blockquote>\n<h6>Observando.<\/h6>\n<h6>Respirando.<\/h6>\n<h6>Pensando.<\/h6>\n<h6>Coleccionando un momento&#8230;<\/h6>\n<\/blockquote>\n<p>Ah\u00ed est\u00e1, quiz\u00e1, una de las grandes lecciones. Pasamos demasiados d\u00edas preocupados por cosas que no podemos controlar: lo que otros piensan de nosotros, lo que alguien dijo, aquello que ya ocurri\u00f3, el reconocimiento que no recibimos, las decisiones de otras personas o un futuro que todav\u00eda ni siquiera existe.<\/p>\n<p>Mientras tanto, dejamos escapar lo \u00fanico que realmente poseemos: <strong>ESTE MOMENTO<\/strong>.<\/p>\n<p>La <strong>indiferencia<\/strong> es poderosa, pero no se trata de volvernos indiferentes ante la vida. Se trata de aprender a poner las cosas en perspectiva. De entender que perder la calma por aquello que no podemos cambiar es pagar un precio demasiado alto por algo que, muchas veces, ni siquiera tendr\u00e1 importancia ma\u00f1ana.<\/p>\n<p>Por eso, quiz\u00e1 deber\u00edamos preguntarnos con mayor frecuencia:<\/p>\n<blockquote><p>\u00bfEsto que hoy me preocupa seguir\u00e1 siendo importante dentro de un a\u00f1o?<\/p>\n<p>\u00bfDentro de diez?<\/p>\n<p>\u00bfDentro de cien?<\/p><\/blockquote>\n<p>Tal vez algunas cosas s\u00ed. Pero muchas otras, definitivamente no. Y si el tiempo terminar\u00e1 borrando la mayor\u00eda de nuestras preocupaciones, quiz\u00e1 no deber\u00edamos permitir que <strong>esas preocupaciones nos roben la tranquilidad<\/strong> mientras todav\u00eda estamos aqu\u00ed.<\/p>\n<p>La vida es demasiado breve para convertir cada problema en una tragedia, cada cr\u00edtica en una herida y cada desacuerdo en una batalla, porque no sabemos cu\u00e1nto tiempo tenemos. <strong>Pero s\u00ed podemos decidir qu\u00e9 hacemos con el tiempo que tenemos<\/strong>. Tal vez la verdadera riqueza no consiste en conseguir que alguien recuerde nuestro nombre dentro de mil a\u00f1os.<\/p>\n<p>Tal del vez consiste en llegar al final de nuestros d\u00edas con la tranquilidad de saber que no desperdiciamos demasiados de ellos preocup\u00e1ndonos por aquello que, al final, no val\u00eda nuestra paz.<\/p>\n<p>Porque alg\u00fan d\u00eda nosotros tambi\u00e9n seremos parte de esa lista de nombres que nadie recuerda. Y lejos de ser una raz\u00f3n para vivir con miedo, deber\u00eda ser una invitaci\u00f3n a vivir mejor.<\/p>\n<blockquote><p>A amar m\u00e1s.<\/p>\n<p>A preocuparnos menos.<\/p>\n<p>A perdonar pronto.<\/p>\n<p>A disfrutar lo sencillo.<\/p>\n<p>A estar presentes.<\/p>\n<p>A hacer lo correcto incluso cuando nadie est\u00e1 mirando.<\/p><\/blockquote>\n<p>Y, sobre todo, a recordar una de las preguntas m\u00e1s poderosas que podemos hacernos cuando la vida comienza a parecernos demasiado complicada:<\/p>\n<h4>\u00bfRealmente merece mi paz aquello que el tiempo, tarde o temprano, terminar\u00e1 borrando?<\/h4>\n<p>PD. Les dejo est\u00e1 canci\u00f3n: https:\/\/open.spotify.com\/s\/eryQk5S<\/p>\n<p>GRACIAS<\/p>\n","protected":false},"excerpt":{"rendered":"<p>Por: Jos\u00e9 Antonio Alcaraz Su\u00e1rez Hace unas semanas, mientras le\u00eda un libro sobre estoicismo, me encontr\u00e9 con una pregunta que me fren\u00f3 en seco. No supe responderla y, parad\u00f3jicamente, me dej\u00f3 con muchas m\u00e1s preguntas dando vueltas en la cabeza: \u201c\u00bfQui\u00e9n fue la persona m\u00e1s rica y famosa en 1733? Probablemente no lo sabes. Y,<\/p>\n","protected":false},"author":2,"featured_media":5722,"comment_status":"open","ping_status":"open","sticky":false,"template":"","format":"standard","meta":{"footnotes":""},"categories":[31,44,35],"tags":[313,232],"class_list":["post-6815","post","type-post","status-publish","format-standard","has-post-thumbnail","category-hidalgo","category-minuto-a-minuto","category-opinion","tag-antonio-alcaraz","tag-semillas-estelares"],"yoast_head":"<!-- This site is optimized with the Yoast SEO plugin v28.0 - https:\/\/yoast.com\/product\/yoast-seo-wordpress\/ -->\n<title>Alg\u00fan d\u00eda nadie recordar\u00e1 tu nombre - El Cardinal<\/title>\n<meta name=\"robots\" content=\"index, follow, max-snippet:-1, max-image-preview:large, max-video-preview:-1\" \/>\n<link rel=\"canonical\" href=\"https:\/\/elcardinal.com\/?p=6815\" \/>\n<meta property=\"og:locale\" content=\"es_MX\" \/>\n<meta property=\"og:type\" content=\"article\" \/>\n<meta property=\"og:title\" content=\"Alg\u00fan d\u00eda nadie recordar\u00e1 tu nombre - El Cardinal\" \/>\n<meta property=\"og:description\" content=\"Por: Jos\u00e9 Antonio Alcaraz Su\u00e1rez Hace unas semanas, mientras le\u00eda un libro sobre estoicismo, me encontr\u00e9 con una pregunta que me fren\u00f3 en seco. No supe responderla y, parad\u00f3jicamente, me dej\u00f3 con muchas m\u00e1s preguntas dando vueltas en la cabeza: \u201c\u00bfQui\u00e9n fue la persona m\u00e1s rica y famosa en 1733? Probablemente no lo sabes. Y,\" \/>\n<meta property=\"og:url\" content=\"https:\/\/elcardinal.com\/?p=6815\" \/>\n<meta property=\"og:site_name\" content=\"El Cardinal\" \/>\n<meta property=\"article:publisher\" content=\"https:\/\/www.facebook.com\/profile.php?id=100063093107011\" \/>\n<meta property=\"article:published_time\" content=\"2026-08-23T20:27:05+00:00\" \/>\n<meta property=\"article:modified_time\" content=\"2026-08-23T20:27:27+00:00\" \/>\n<meta property=\"og:image\" content=\"https:\/\/elcardinal.com\/wp-content\/uploads\/2026\/04\/FB_IMG_1775236107813.jpg\" \/>\n\t<meta property=\"og:image:width\" content=\"1126\" \/>\n\t<meta property=\"og:image:height\" content=\"944\" \/>\n\t<meta property=\"og:image:type\" content=\"image\/jpeg\" \/>\n<meta name=\"author\" content=\"Antonio Alcaraz\" \/>\n<meta name=\"twitter:card\" content=\"summary_large_image\" \/>\n<meta name=\"twitter:creator\" content=\"@ElCardinal_Mx\" \/>\n<meta name=\"twitter:site\" content=\"@ElCardinal_Mx\" \/>\n<meta name=\"twitter:label1\" content=\"Escrito por\" \/>\n\t<meta name=\"twitter:data1\" content=\"Antonio Alcaraz\" \/>\n\t<meta name=\"twitter:label2\" content=\"Tiempo de lectura\" \/>\n\t<meta name=\"twitter:data2\" content=\"4 minutos\" \/>\n<script type=\"application\/ld+json\" class=\"yoast-schema-graph\">{\"@context\":\"https:\\\/\\\/schema.org\",\"@graph\":[{\"@type\":\"Article\",\"@id\":\"https:\\\/\\\/elcardinal.com\\\/?p=6815#article\",\"isPartOf\":{\"@id\":\"https:\\\/\\\/elcardinal.com\\\/?p=6815\"},\"author\":{\"name\":\"Antonio Alcaraz\",\"@id\":\"https:\\\/\\\/elcardinal.com\\\/#\\\/schema\\\/person\\\/3c352ec0a33987fe275c0e8a2ea69f8b\"},\"headline\":\"Alg\u00fan d\u00eda nadie recordar\u00e1 tu nombre\",\"datePublished\":\"2026-08-23T20:27:05+00:00\",\"dateModified\":\"2026-08-23T20:27:27+00:00\",\"mainEntityOfPage\":{\"@id\":\"https:\\\/\\\/elcardinal.com\\\/?p=6815\"},\"wordCount\":864,\"commentCount\":0,\"publisher\":{\"@id\":\"https:\\\/\\\/elcardinal.com\\\/#organization\"},\"image\":{\"@id\":\"https:\\\/\\\/elcardinal.com\\\/?p=6815#primaryimage\"},\"thumbnailUrl\":\"https:\\\/\\\/elcardinal.com\\\/wp-content\\\/uploads\\\/2026\\\/04\\\/FB_IMG_1775236107813.jpg\",\"keywords\":[\"Antonio Alcaraz\",\"Semillas Estelares\"],\"articleSection\":[\"Hidalgo\",\"Minuto a Minuto\",\"Opini\u00f3n\"],\"inLanguage\":\"es\",\"potentialAction\":[{\"@type\":\"CommentAction\",\"name\":\"Comment\",\"target\":[\"https:\\\/\\\/elcardinal.com\\\/?p=6815#respond\"]}]},{\"@type\":\"WebPage\",\"@id\":\"https:\\\/\\\/elcardinal.com\\\/?p=6815\",\"url\":\"https:\\\/\\\/elcardinal.com\\\/?p=6815\",\"name\":\"Alg\u00fan d\u00eda nadie recordar\u00e1 tu nombre - El Cardinal\",\"isPartOf\":{\"@id\":\"https:\\\/\\\/elcardinal.com\\\/#website\"},\"primaryImageOfPage\":{\"@id\":\"https:\\\/\\\/elcardinal.com\\\/?p=6815#primaryimage\"},\"image\":{\"@id\":\"https:\\\/\\\/elcardinal.com\\\/?p=6815#primaryimage\"},\"thumbnailUrl\":\"https:\\\/\\\/elcardinal.com\\\/wp-content\\\/uploads\\\/2026\\\/04\\\/FB_IMG_1775236107813.jpg\",\"datePublished\":\"2026-08-23T20:27:05+00:00\",\"dateModified\":\"2026-08-23T20:27:27+00:00\",\"breadcrumb\":{\"@id\":\"https:\\\/\\\/elcardinal.com\\\/?p=6815#breadcrumb\"},\"inLanguage\":\"es\",\"potentialAction\":[{\"@type\":\"ReadAction\",\"target\":[\"https:\\\/\\\/elcardinal.com\\\/?p=6815\"]}]},{\"@type\":\"ImageObject\",\"inLanguage\":\"es\",\"@id\":\"https:\\\/\\\/elcardinal.com\\\/?p=6815#primaryimage\",\"url\":\"https:\\\/\\\/elcardinal.com\\\/wp-content\\\/uploads\\\/2026\\\/04\\\/FB_IMG_1775236107813.jpg\",\"contentUrl\":\"https:\\\/\\\/elcardinal.com\\\/wp-content\\\/uploads\\\/2026\\\/04\\\/FB_IMG_1775236107813.jpg\",\"width\":1126,\"height\":944},{\"@type\":\"BreadcrumbList\",\"@id\":\"https:\\\/\\\/elcardinal.com\\\/?p=6815#breadcrumb\",\"itemListElement\":[{\"@type\":\"ListItem\",\"position\":1,\"name\":\"Inicio\",\"item\":\"https:\\\/\\\/elcardinal.com\\\/\"},{\"@type\":\"ListItem\",\"position\":2,\"name\":\"Alg\u00fan d\u00eda nadie recordar\u00e1 tu nombre\"}]},{\"@type\":\"WebSite\",\"@id\":\"https:\\\/\\\/elcardinal.com\\\/#website\",\"url\":\"https:\\\/\\\/elcardinal.com\\\/\",\"name\":\"El Cardinal\",\"description\":\"Periodismo honesto, con valor, sentido humano, a veces sarc\u00e1stico y divertido.\",\"publisher\":{\"@id\":\"https:\\\/\\\/elcardinal.com\\\/#organization\"},\"alternateName\":\"El Cardinal Noticias\",\"potentialAction\":[{\"@type\":\"SearchAction\",\"target\":{\"@type\":\"EntryPoint\",\"urlTemplate\":\"https:\\\/\\\/elcardinal.com\\\/?s={search_term_string}\"},\"query-input\":{\"@type\":\"PropertyValueSpecification\",\"valueRequired\":true,\"valueName\":\"search_term_string\"}}],\"inLanguage\":\"es\"},{\"@type\":\"Organization\",\"@id\":\"https:\\\/\\\/elcardinal.com\\\/#organization\",\"name\":\"El Cardinal\",\"url\":\"https:\\\/\\\/elcardinal.com\\\/\",\"logo\":{\"@type\":\"ImageObject\",\"inLanguage\":\"es\",\"@id\":\"https:\\\/\\\/elcardinal.com\\\/#\\\/schema\\\/logo\\\/image\\\/\",\"url\":\"https:\\\/\\\/elcardinal.com\\\/wp-content\\\/uploads\\\/2025\\\/04\\\/LOGO-EL-CARDINAL-Periodismo-con-valor.png\",\"contentUrl\":\"https:\\\/\\\/elcardinal.com\\\/wp-content\\\/uploads\\\/2025\\\/04\\\/LOGO-EL-CARDINAL-Periodismo-con-valor.png\",\"width\":755,\"height\":636,\"caption\":\"El Cardinal\"},\"image\":{\"@id\":\"https:\\\/\\\/elcardinal.com\\\/#\\\/schema\\\/logo\\\/image\\\/\"},\"sameAs\":[\"https:\\\/\\\/www.facebook.com\\\/profile.php?id=100063093107011\",\"https:\\\/\\\/x.com\\\/ElCardinal_Mx\"]},{\"@type\":\"Person\",\"@id\":\"https:\\\/\\\/elcardinal.com\\\/#\\\/schema\\\/person\\\/3c352ec0a33987fe275c0e8a2ea69f8b\",\"name\":\"Antonio Alcaraz\",\"image\":{\"@type\":\"ImageObject\",\"inLanguage\":\"es\",\"@id\":\"https:\\\/\\\/elcardinal.com\\\/wp-content\\\/uploads\\\/2025\\\/05\\\/cropped-TONO-96x96.jpg\",\"url\":\"https:\\\/\\\/elcardinal.com\\\/wp-content\\\/uploads\\\/2025\\\/05\\\/cropped-TONO-96x96.jpg\",\"contentUrl\":\"https:\\\/\\\/elcardinal.com\\\/wp-content\\\/uploads\\\/2025\\\/05\\\/cropped-TONO-96x96.jpg\",\"caption\":\"Antonio Alcaraz\"},\"url\":\"https:\\\/\\\/elcardinal.com\\\/?author=2\"}]}<\/script>\n<!-- \/ Yoast SEO plugin. -->","yoast_head_json":{"title":"Alg\u00fan d\u00eda nadie recordar\u00e1 tu nombre - El Cardinal","robots":{"index":"index","follow":"follow","max-snippet":"max-snippet:-1","max-image-preview":"max-image-preview:large","max-video-preview":"max-video-preview:-1"},"canonical":"https:\/\/elcardinal.com\/?p=6815","og_locale":"es_MX","og_type":"article","og_title":"Alg\u00fan d\u00eda nadie recordar\u00e1 tu nombre - El Cardinal","og_description":"Por: Jos\u00e9 Antonio Alcaraz Su\u00e1rez Hace unas semanas, mientras le\u00eda un libro sobre estoicismo, me encontr\u00e9 con una pregunta que me fren\u00f3 en seco. No supe responderla y, parad\u00f3jicamente, me dej\u00f3 con muchas m\u00e1s preguntas dando vueltas en la cabeza: \u201c\u00bfQui\u00e9n fue la persona m\u00e1s rica y famosa en 1733? Probablemente no lo sabes. Y,","og_url":"https:\/\/elcardinal.com\/?p=6815","og_site_name":"El Cardinal","article_publisher":"https:\/\/www.facebook.com\/profile.php?id=100063093107011","article_published_time":"2026-08-23T20:27:05+00:00","article_modified_time":"2026-08-23T20:27:27+00:00","og_image":[{"width":1126,"height":944,"url":"https:\/\/elcardinal.com\/wp-content\/uploads\/2026\/04\/FB_IMG_1775236107813.jpg","type":"image\/jpeg"}],"author":"Antonio Alcaraz","twitter_card":"summary_large_image","twitter_creator":"@ElCardinal_Mx","twitter_site":"@ElCardinal_Mx","twitter_misc":{"Escrito por":"Antonio Alcaraz","Tiempo de lectura":"4 minutos"},"schema":{"@context":"https:\/\/schema.org","@graph":[{"@type":"Article","@id":"https:\/\/elcardinal.com\/?p=6815#article","isPartOf":{"@id":"https:\/\/elcardinal.com\/?p=6815"},"author":{"name":"Antonio Alcaraz","@id":"https:\/\/elcardinal.com\/#\/schema\/person\/3c352ec0a33987fe275c0e8a2ea69f8b"},"headline":"Alg\u00fan d\u00eda nadie recordar\u00e1 tu nombre","datePublished":"2026-08-23T20:27:05+00:00","dateModified":"2026-08-23T20:27:27+00:00","mainEntityOfPage":{"@id":"https:\/\/elcardinal.com\/?p=6815"},"wordCount":864,"commentCount":0,"publisher":{"@id":"https:\/\/elcardinal.com\/#organization"},"image":{"@id":"https:\/\/elcardinal.com\/?p=6815#primaryimage"},"thumbnailUrl":"https:\/\/elcardinal.com\/wp-content\/uploads\/2026\/04\/FB_IMG_1775236107813.jpg","keywords":["Antonio Alcaraz","Semillas Estelares"],"articleSection":["Hidalgo","Minuto a Minuto","Opini\u00f3n"],"inLanguage":"es","potentialAction":[{"@type":"CommentAction","name":"Comment","target":["https:\/\/elcardinal.com\/?p=6815#respond"]}]},{"@type":"WebPage","@id":"https:\/\/elcardinal.com\/?p=6815","url":"https:\/\/elcardinal.com\/?p=6815","name":"Alg\u00fan d\u00eda nadie recordar\u00e1 tu nombre - El Cardinal","isPartOf":{"@id":"https:\/\/elcardinal.com\/#website"},"primaryImageOfPage":{"@id":"https:\/\/elcardinal.com\/?p=6815#primaryimage"},"image":{"@id":"https:\/\/elcardinal.com\/?p=6815#primaryimage"},"thumbnailUrl":"https:\/\/elcardinal.com\/wp-content\/uploads\/2026\/04\/FB_IMG_1775236107813.jpg","datePublished":"2026-08-23T20:27:05+00:00","dateModified":"2026-08-23T20:27:27+00:00","breadcrumb":{"@id":"https:\/\/elcardinal.com\/?p=6815#breadcrumb"},"inLanguage":"es","potentialAction":[{"@type":"ReadAction","target":["https:\/\/elcardinal.com\/?p=6815"]}]},{"@type":"ImageObject","inLanguage":"es","@id":"https:\/\/elcardinal.com\/?p=6815#primaryimage","url":"https:\/\/elcardinal.com\/wp-content\/uploads\/2026\/04\/FB_IMG_1775236107813.jpg","contentUrl":"https:\/\/elcardinal.com\/wp-content\/uploads\/2026\/04\/FB_IMG_1775236107813.jpg","width":1126,"height":944},{"@type":"BreadcrumbList","@id":"https:\/\/elcardinal.com\/?p=6815#breadcrumb","itemListElement":[{"@type":"ListItem","position":1,"name":"Inicio","item":"https:\/\/elcardinal.com\/"},{"@type":"ListItem","position":2,"name":"Alg\u00fan d\u00eda nadie recordar\u00e1 tu nombre"}]},{"@type":"WebSite","@id":"https:\/\/elcardinal.com\/#website","url":"https:\/\/elcardinal.com\/","name":"El Cardinal","description":"Periodismo honesto, con valor, sentido humano, a veces sarc\u00e1stico y divertido.","publisher":{"@id":"https:\/\/elcardinal.com\/#organization"},"alternateName":"El Cardinal Noticias","potentialAction":[{"@type":"SearchAction","target":{"@type":"EntryPoint","urlTemplate":"https:\/\/elcardinal.com\/?s={search_term_string}"},"query-input":{"@type":"PropertyValueSpecification","valueRequired":true,"valueName":"search_term_string"}}],"inLanguage":"es"},{"@type":"Organization","@id":"https:\/\/elcardinal.com\/#organization","name":"El Cardinal","url":"https:\/\/elcardinal.com\/","logo":{"@type":"ImageObject","inLanguage":"es","@id":"https:\/\/elcardinal.com\/#\/schema\/logo\/image\/","url":"https:\/\/elcardinal.com\/wp-content\/uploads\/2025\/04\/LOGO-EL-CARDINAL-Periodismo-con-valor.png","contentUrl":"https:\/\/elcardinal.com\/wp-content\/uploads\/2025\/04\/LOGO-EL-CARDINAL-Periodismo-con-valor.png","width":755,"height":636,"caption":"El Cardinal"},"image":{"@id":"https:\/\/elcardinal.com\/#\/schema\/logo\/image\/"},"sameAs":["https:\/\/www.facebook.com\/profile.php?id=100063093107011","https:\/\/x.com\/ElCardinal_Mx"]},{"@type":"Person","@id":"https:\/\/elcardinal.com\/#\/schema\/person\/3c352ec0a33987fe275c0e8a2ea69f8b","name":"Antonio Alcaraz","image":{"@type":"ImageObject","inLanguage":"es","@id":"https:\/\/elcardinal.com\/wp-content\/uploads\/2025\/05\/cropped-TONO-96x96.jpg","url":"https:\/\/elcardinal.com\/wp-content\/uploads\/2025\/05\/cropped-TONO-96x96.jpg","contentUrl":"https:\/\/elcardinal.com\/wp-content\/uploads\/2025\/05\/cropped-TONO-96x96.jpg","caption":"Antonio Alcaraz"},"url":"https:\/\/elcardinal.com\/?author=2"}]}},"_links":{"self":[{"href":"https:\/\/elcardinal.com\/index.php?rest_route=\/wp\/v2\/posts\/6815","targetHints":{"allow":["GET"]}}],"collection":[{"href":"https:\/\/elcardinal.com\/index.php?rest_route=\/wp\/v2\/posts"}],"about":[{"href":"https:\/\/elcardinal.com\/index.php?rest_route=\/wp\/v2\/types\/post"}],"author":[{"embeddable":true,"href":"https:\/\/elcardinal.com\/index.php?rest_route=\/wp\/v2\/users\/2"}],"replies":[{"embeddable":true,"href":"https:\/\/elcardinal.com\/index.php?rest_route=%2Fwp%2Fv2%2Fcomments&post=6815"}],"version-history":[{"count":2,"href":"https:\/\/elcardinal.com\/index.php?rest_route=\/wp\/v2\/posts\/6815\/revisions"}],"predecessor-version":[{"id":6817,"href":"https:\/\/elcardinal.com\/index.php?rest_route=\/wp\/v2\/posts\/6815\/revisions\/6817"}],"wp:featuredmedia":[{"embeddable":true,"href":"https:\/\/elcardinal.com\/index.php?rest_route=\/wp\/v2\/media\/5722"}],"wp:attachment":[{"href":"https:\/\/elcardinal.com\/index.php?rest_route=%2Fwp%2Fv2%2Fmedia&parent=6815"}],"wp:term":[{"taxonomy":"category","embeddable":true,"href":"https:\/\/elcardinal.com\/index.php?rest_route=%2Fwp%2Fv2%2Fcategories&post=6815"},{"taxonomy":"post_tag","embeddable":true,"href":"https:\/\/elcardinal.com\/index.php?rest_route=%2Fwp%2Fv2%2Ftags&post=6815"}],"curies":[{"name":"wp","href":"https:\/\/api.w.org\/{rel}","templated":true}]}}