{"id":6821,"date":"2026-08-23T09:07:45","date_gmt":"2026-08-23T15:07:45","guid":{"rendered":"https:\/\/elcardinal.com\/?p=6821"},"modified":"2026-08-24T09:10:39","modified_gmt":"2026-08-24T15:10:39","slug":"seph-coordina-acciones-para-inicio-del-ciclo-escolar-2026-2027","status":"publish","type":"post","link":"https:\/\/elcardinal.com\/?p=6821","title":{"rendered":"SEPH coordina acciones para inicio del ciclo escolar 2026-2027"},"content":{"rendered":"<p>Redacci\u00f3n<\/p>\n<p><span style=\"font-weight: 400;\">La Secretar\u00eda de Educaci\u00f3n P\u00fablica de Hidalgo (SEPH), a trav\u00e9s de la Subsecretar\u00eda de Educaci\u00f3n B\u00e1sica, da seguimiento permanente a temas estrat\u00e9gicos para fortalecer la coordinaci\u00f3n de las actividades del ciclo escolar 2026-2027.<\/span><\/p>\n<p><span style=\"font-weight: 400;\">En representaci\u00f3n del secretario de Educaci\u00f3n P\u00fablica de Hidalgo, Natividad Castrej\u00f3n Valdez, la subsecretaria de Educaci\u00f3n B\u00e1sica, Nancy Adriana Le\u00f3n Vite, sostuvo una reuni\u00f3n de trabajo con las y los directores generales del \u00e1rea para revisar asuntos relacionados con el pr\u00f3ximo ciclo escolar, entre ellos, la circular para el inicio de clases 2026-2027, el reporte correspondiente al primer d\u00eda de actividades, as\u00ed como la recepci\u00f3n y distribuci\u00f3n de los Libros de Texto Gratuitos.<\/span><\/p>\n<p><span style=\"font-weight: 400;\">Tambi\u00e9n se revisaron los trabajos vinculados con el Diplomado Educaci\u00f3n Ambiental Cr\u00edtica, la estrategia \u201cRegreso a Clases con un \u00c1rbol\u201d, el Parlamento Infantil y las actividades programadas en el marco de la Feria San Francisco 2026.<\/span><\/p>\n<p><span style=\"font-weight: 400;\">Asimismo, se analizaron los avances del Convenio de Colaboraci\u00f3n con el Museo de Memoria y Tolerancia, adem\u00e1s de diversos procesos de consulta, convocatorias y solicitudes de informaci\u00f3n.<\/span><\/p>\n<p><span style=\"font-weight: 400;\">Con estas acciones, la SEPH fortalece la coordinaci\u00f3n entre sus distintas \u00e1reas y da continuidad a los temas prioritarios para el pr\u00f3ximo ciclo escolar.<\/span><\/p>\n<p><span style=\"font-weight: 400;\">En la reuni\u00f3n participaron la titular de la Unidad de Gesti\u00f3n T\u00e9cnica, Claudia Huerta Ruiz; el director general de Educaci\u00f3n B\u00e1sica, Leobardo Cano Albarr\u00e1n; la directora general de Desarrollo Curricular, Mar\u00eda del Rosario Ram\u00edrez Hern\u00e1ndez; la directora general de Servicios Regionales, Josefina Serrano Bautista; el director general de Asesor\u00eda y Gesti\u00f3n Educativa, Andr\u00e9s Caballero Zer\u00f3n; y el subdirector de Contralor\u00eda Social, Alberto Armador Artista, en representaci\u00f3n del director general de Fortalecimiento Educativo, Mart\u00edn P\u00e9rez Sierra.<\/span><\/p>\n","protected":false},"excerpt":{"rendered":"<p>Redacci\u00f3n La Secretar\u00eda de Educaci\u00f3n P\u00fablica de Hidalgo (SEPH), a trav\u00e9s de la Subsecretar\u00eda de Educaci\u00f3n B\u00e1sica, da seguimiento permanente a temas estrat\u00e9gicos para fortalecer la coordinaci\u00f3n de las actividades del ciclo escolar 2026-2027. En representaci\u00f3n del secretario de Educaci\u00f3n P\u00fablica de Hidalgo, Natividad Castrej\u00f3n Valdez, la subsecretaria de Educaci\u00f3n B\u00e1sica, Nancy Adriana Le\u00f3n Vite,<\/p>\n","protected":false},"author":2,"featured_media":6822,"comment_status":"open","ping_status":"open","sticky":false,"template":"","format":"standard","meta":{"footnotes":""},"categories":[404,31,44],"tags":[400,215],"class_list":["post-6821","post","type-post","status-publish","format-standard","has-post-thumbnail","category-educacion","category-hidalgo","category-minuto-a-minuto","tag-naty-castrejon","tag-seph"],"yoast_head":"<!-- This site is optimized with the Yoast SEO plugin v28.0 - https:\/\/yoast.com\/product\/yoast-seo-wordpress\/ -->\n<title>SEPH coordina acciones para inicio del ciclo escolar 2026-2027 - El Cardinal<\/title>\n<meta name=\"robots\" content=\"index, follow, max-snippet:-1, max-image-preview:large, max-video-preview:-1\" \/>\n<link rel=\"canonical\" href=\"https:\/\/elcardinal.com\/?p=6821\" \/>\n<meta property=\"og:locale\" content=\"es_MX\" \/>\n<meta property=\"og:type\" content=\"article\" \/>\n<meta property=\"og:title\" content=\"SEPH coordina acciones para inicio del ciclo escolar 2026-2027 - El Cardinal\" \/>\n<meta property=\"og:description\" content=\"Redacci\u00f3n La Secretar\u00eda de Educaci\u00f3n P\u00fablica de Hidalgo (SEPH), a trav\u00e9s de la Subsecretar\u00eda de Educaci\u00f3n B\u00e1sica, da seguimiento permanente a temas estrat\u00e9gicos para fortalecer la coordinaci\u00f3n de las actividades del ciclo escolar 2026-2027. En representaci\u00f3n del secretario de Educaci\u00f3n P\u00fablica de Hidalgo, Natividad Castrej\u00f3n Valdez, la subsecretaria de Educaci\u00f3n B\u00e1sica, Nancy Adriana Le\u00f3n Vite,\" \/>\n<meta property=\"og:url\" content=\"https:\/\/elcardinal.com\/?p=6821\" \/>\n<meta property=\"og:site_name\" content=\"El Cardinal\" \/>\n<meta property=\"article:publisher\" content=\"https:\/\/www.facebook.com\/profile.php?id=100063093107011\" \/>\n<meta property=\"article:published_time\" content=\"2026-08-23T15:07:45+00:00\" \/>\n<meta property=\"article:modified_time\" content=\"2026-08-24T15:10:39+00:00\" \/>\n<meta property=\"og:image\" content=\"https:\/\/elcardinal.com\/wp-content\/uploads\/2026\/08\/SEPH-coordina-acciones-para-el-inicio-del-ciclo-escolar-2026-2027.jpeg\" \/>\n\t<meta property=\"og:image:width\" content=\"1600\" \/>\n\t<meta property=\"og:image:height\" content=\"978\" \/>\n\t<meta property=\"og:image:type\" content=\"image\/jpeg\" \/>\n<meta name=\"author\" content=\"Antonio Alcaraz\" \/>\n<meta name=\"twitter:card\" content=\"summary_large_image\" \/>\n<meta name=\"twitter:creator\" content=\"@ElCardinal_Mx\" \/>\n<meta name=\"twitter:site\" content=\"@ElCardinal_Mx\" \/>\n<meta name=\"twitter:label1\" content=\"Escrito por\" \/>\n\t<meta name=\"twitter:data1\" content=\"Antonio Alcaraz\" \/>\n\t<meta name=\"twitter:label2\" content=\"Tiempo de lectura\" \/>\n\t<meta name=\"twitter:data2\" content=\"2 minutos\" \/>\n<script type=\"application\/ld+json\" class=\"yoast-schema-graph\">{\"@context\":\"https:\\\/\\\/schema.org\",\"@graph\":[{\"@type\":\"Article\",\"@id\":\"https:\\\/\\\/elcardinal.com\\\/?p=6821#article\",\"isPartOf\":{\"@id\":\"https:\\\/\\\/elcardinal.com\\\/?p=6821\"},\"author\":{\"name\":\"Antonio Alcaraz\",\"@id\":\"https:\\\/\\\/elcardinal.com\\\/#\\\/schema\\\/person\\\/3c352ec0a33987fe275c0e8a2ea69f8b\"},\"headline\":\"SEPH coordina acciones para inicio del ciclo escolar 2026-2027\",\"datePublished\":\"2026-08-23T15:07:45+00:00\",\"dateModified\":\"2026-08-24T15:10:39+00:00\",\"mainEntityOfPage\":{\"@id\":\"https:\\\/\\\/elcardinal.com\\\/?p=6821\"},\"wordCount\":324,\"commentCount\":0,\"publisher\":{\"@id\":\"https:\\\/\\\/elcardinal.com\\\/#organization\"},\"image\":{\"@id\":\"https:\\\/\\\/elcardinal.com\\\/?p=6821#primaryimage\"},\"thumbnailUrl\":\"https:\\\/\\\/elcardinal.com\\\/wp-content\\\/uploads\\\/2026\\\/08\\\/SEPH-coordina-acciones-para-el-inicio-del-ciclo-escolar-2026-2027.jpeg\",\"keywords\":[\"Naty Castrej\u00f3n\",\"SEPH\"],\"articleSection\":[\"Educaci\u00f3n\",\"Hidalgo\",\"Minuto a Minuto\"],\"inLanguage\":\"es\",\"potentialAction\":[{\"@type\":\"CommentAction\",\"name\":\"Comment\",\"target\":[\"https:\\\/\\\/elcardinal.com\\\/?p=6821#respond\"]}]},{\"@type\":\"WebPage\",\"@id\":\"https:\\\/\\\/elcardinal.com\\\/?p=6821\",\"url\":\"https:\\\/\\\/elcardinal.com\\\/?p=6821\",\"name\":\"SEPH coordina acciones para inicio del ciclo escolar 2026-2027 - El Cardinal\",\"isPartOf\":{\"@id\":\"https:\\\/\\\/elcardinal.com\\\/#website\"},\"primaryImageOfPage\":{\"@id\":\"https:\\\/\\\/elcardinal.com\\\/?p=6821#primaryimage\"},\"image\":{\"@id\":\"https:\\\/\\\/elcardinal.com\\\/?p=6821#primaryimage\"},\"thumbnailUrl\":\"https:\\\/\\\/elcardinal.com\\\/wp-content\\\/uploads\\\/2026\\\/08\\\/SEPH-coordina-acciones-para-el-inicio-del-ciclo-escolar-2026-2027.jpeg\",\"datePublished\":\"2026-08-23T15:07:45+00:00\",\"dateModified\":\"2026-08-24T15:10:39+00:00\",\"breadcrumb\":{\"@id\":\"https:\\\/\\\/elcardinal.com\\\/?p=6821#breadcrumb\"},\"inLanguage\":\"es\",\"potentialAction\":[{\"@type\":\"ReadAction\",\"target\":[\"https:\\\/\\\/elcardinal.com\\\/?p=6821\"]}]},{\"@type\":\"ImageObject\",\"inLanguage\":\"es\",\"@id\":\"https:\\\/\\\/elcardinal.com\\\/?p=6821#primaryimage\",\"url\":\"https:\\\/\\\/elcardinal.com\\\/wp-content\\\/uploads\\\/2026\\\/08\\\/SEPH-coordina-acciones-para-el-inicio-del-ciclo-escolar-2026-2027.jpeg\",\"contentUrl\":\"https:\\\/\\\/elcardinal.com\\\/wp-content\\\/uploads\\\/2026\\\/08\\\/SEPH-coordina-acciones-para-el-inicio-del-ciclo-escolar-2026-2027.jpeg\",\"width\":1600,\"height\":978},{\"@type\":\"BreadcrumbList\",\"@id\":\"https:\\\/\\\/elcardinal.com\\\/?p=6821#breadcrumb\",\"itemListElement\":[{\"@type\":\"ListItem\",\"position\":1,\"name\":\"Inicio\",\"item\":\"https:\\\/\\\/elcardinal.com\\\/\"},{\"@type\":\"ListItem\",\"position\":2,\"name\":\"SEPH coordina acciones para inicio del ciclo escolar 2026-2027\"}]},{\"@type\":\"WebSite\",\"@id\":\"https:\\\/\\\/elcardinal.com\\\/#website\",\"url\":\"https:\\\/\\\/elcardinal.com\\\/\",\"name\":\"El Cardinal\",\"description\":\"Periodismo honesto, con valor, sentido humano, a veces sarc\u00e1stico y divertido.\",\"publisher\":{\"@id\":\"https:\\\/\\\/elcardinal.com\\\/#organization\"},\"alternateName\":\"El Cardinal Noticias\",\"potentialAction\":[{\"@type\":\"SearchAction\",\"target\":{\"@type\":\"EntryPoint\",\"urlTemplate\":\"https:\\\/\\\/elcardinal.com\\\/?s={search_term_string}\"},\"query-input\":{\"@type\":\"PropertyValueSpecification\",\"valueRequired\":true,\"valueName\":\"search_term_string\"}}],\"inLanguage\":\"es\"},{\"@type\":\"Organization\",\"@id\":\"https:\\\/\\\/elcardinal.com\\\/#organization\",\"name\":\"El Cardinal\",\"url\":\"https:\\\/\\\/elcardinal.com\\\/\",\"logo\":{\"@type\":\"ImageObject\",\"inLanguage\":\"es\",\"@id\":\"https:\\\/\\\/elcardinal.com\\\/#\\\/schema\\\/logo\\\/image\\\/\",\"url\":\"https:\\\/\\\/elcardinal.com\\\/wp-content\\\/uploads\\\/2025\\\/04\\\/LOGO-EL-CARDINAL-Periodismo-con-valor.png\",\"contentUrl\":\"https:\\\/\\\/elcardinal.com\\\/wp-content\\\/uploads\\\/2025\\\/04\\\/LOGO-EL-CARDINAL-Periodismo-con-valor.png\",\"width\":755,\"height\":636,\"caption\":\"El Cardinal\"},\"image\":{\"@id\":\"https:\\\/\\\/elcardinal.com\\\/#\\\/schema\\\/logo\\\/image\\\/\"},\"sameAs\":[\"https:\\\/\\\/www.facebook.com\\\/profile.php?id=100063093107011\",\"https:\\\/\\\/x.com\\\/ElCardinal_Mx\"]},{\"@type\":\"Person\",\"@id\":\"https:\\\/\\\/elcardinal.com\\\/#\\\/schema\\\/person\\\/3c352ec0a33987fe275c0e8a2ea69f8b\",\"name\":\"Antonio Alcaraz\",\"image\":{\"@type\":\"ImageObject\",\"inLanguage\":\"es\",\"@id\":\"https:\\\/\\\/elcardinal.com\\\/wp-content\\\/uploads\\\/2025\\\/05\\\/cropped-TONO-96x96.jpg\",\"url\":\"https:\\\/\\\/elcardinal.com\\\/wp-content\\\/uploads\\\/2025\\\/05\\\/cropped-TONO-96x96.jpg\",\"contentUrl\":\"https:\\\/\\\/elcardinal.com\\\/wp-content\\\/uploads\\\/2025\\\/05\\\/cropped-TONO-96x96.jpg\",\"caption\":\"Antonio Alcaraz\"},\"url\":\"https:\\\/\\\/elcardinal.com\\\/?author=2\"}]}<\/script>\n<!-- \/ Yoast SEO plugin. -->","yoast_head_json":{"title":"SEPH coordina acciones para inicio del ciclo escolar 2026-2027 - El Cardinal","robots":{"index":"index","follow":"follow","max-snippet":"max-snippet:-1","max-image-preview":"max-image-preview:large","max-video-preview":"max-video-preview:-1"},"canonical":"https:\/\/elcardinal.com\/?p=6821","og_locale":"es_MX","og_type":"article","og_title":"SEPH coordina acciones para inicio del ciclo escolar 2026-2027 - El Cardinal","og_description":"Redacci\u00f3n La Secretar\u00eda de Educaci\u00f3n P\u00fablica de Hidalgo (SEPH), a trav\u00e9s de la Subsecretar\u00eda de Educaci\u00f3n B\u00e1sica, da seguimiento permanente a temas estrat\u00e9gicos para fortalecer la coordinaci\u00f3n de las actividades del ciclo escolar 2026-2027. En representaci\u00f3n del secretario de Educaci\u00f3n P\u00fablica de Hidalgo, Natividad Castrej\u00f3n Valdez, la subsecretaria de Educaci\u00f3n B\u00e1sica, Nancy Adriana Le\u00f3n Vite,","og_url":"https:\/\/elcardinal.com\/?p=6821","og_site_name":"El Cardinal","article_publisher":"https:\/\/www.facebook.com\/profile.php?id=100063093107011","article_published_time":"2026-08-23T15:07:45+00:00","article_modified_time":"2026-08-24T15:10:39+00:00","og_image":[{"width":1600,"height":978,"url":"https:\/\/elcardinal.com\/wp-content\/uploads\/2026\/08\/SEPH-coordina-acciones-para-el-inicio-del-ciclo-escolar-2026-2027.jpeg","type":"image\/jpeg"}],"author":"Antonio Alcaraz","twitter_card":"summary_large_image","twitter_creator":"@ElCardinal_Mx","twitter_site":"@ElCardinal_Mx","twitter_misc":{"Escrito por":"Antonio Alcaraz","Tiempo de lectura":"2 minutos"},"schema":{"@context":"https:\/\/schema.org","@graph":[{"@type":"Article","@id":"https:\/\/elcardinal.com\/?p=6821#article","isPartOf":{"@id":"https:\/\/elcardinal.com\/?p=6821"},"author":{"name":"Antonio Alcaraz","@id":"https:\/\/elcardinal.com\/#\/schema\/person\/3c352ec0a33987fe275c0e8a2ea69f8b"},"headline":"SEPH coordina acciones para inicio del ciclo escolar 2026-2027","datePublished":"2026-08-23T15:07:45+00:00","dateModified":"2026-08-24T15:10:39+00:00","mainEntityOfPage":{"@id":"https:\/\/elcardinal.com\/?p=6821"},"wordCount":324,"commentCount":0,"publisher":{"@id":"https:\/\/elcardinal.com\/#organization"},"image":{"@id":"https:\/\/elcardinal.com\/?p=6821#primaryimage"},"thumbnailUrl":"https:\/\/elcardinal.com\/wp-content\/uploads\/2026\/08\/SEPH-coordina-acciones-para-el-inicio-del-ciclo-escolar-2026-2027.jpeg","keywords":["Naty Castrej\u00f3n","SEPH"],"articleSection":["Educaci\u00f3n","Hidalgo","Minuto a Minuto"],"inLanguage":"es","potentialAction":[{"@type":"CommentAction","name":"Comment","target":["https:\/\/elcardinal.com\/?p=6821#respond"]}]},{"@type":"WebPage","@id":"https:\/\/elcardinal.com\/?p=6821","url":"https:\/\/elcardinal.com\/?p=6821","name":"SEPH coordina acciones para inicio del ciclo escolar 2026-2027 - El Cardinal","isPartOf":{"@id":"https:\/\/elcardinal.com\/#website"},"primaryImageOfPage":{"@id":"https:\/\/elcardinal.com\/?p=6821#primaryimage"},"image":{"@id":"https:\/\/elcardinal.com\/?p=6821#primaryimage"},"thumbnailUrl":"https:\/\/elcardinal.com\/wp-content\/uploads\/2026\/08\/SEPH-coordina-acciones-para-el-inicio-del-ciclo-escolar-2026-2027.jpeg","datePublished":"2026-08-23T15:07:45+00:00","dateModified":"2026-08-24T15:10:39+00:00","breadcrumb":{"@id":"https:\/\/elcardinal.com\/?p=6821#breadcrumb"},"inLanguage":"es","potentialAction":[{"@type":"ReadAction","target":["https:\/\/elcardinal.com\/?p=6821"]}]},{"@type":"ImageObject","inLanguage":"es","@id":"https:\/\/elcardinal.com\/?p=6821#primaryimage","url":"https:\/\/elcardinal.com\/wp-content\/uploads\/2026\/08\/SEPH-coordina-acciones-para-el-inicio-del-ciclo-escolar-2026-2027.jpeg","contentUrl":"https:\/\/elcardinal.com\/wp-content\/uploads\/2026\/08\/SEPH-coordina-acciones-para-el-inicio-del-ciclo-escolar-2026-2027.jpeg","width":1600,"height":978},{"@type":"BreadcrumbList","@id":"https:\/\/elcardinal.com\/?p=6821#breadcrumb","itemListElement":[{"@type":"ListItem","position":1,"name":"Inicio","item":"https:\/\/elcardinal.com\/"},{"@type":"ListItem","position":2,"name":"SEPH coordina acciones para inicio del ciclo escolar 2026-2027"}]},{"@type":"WebSite","@id":"https:\/\/elcardinal.com\/#website","url":"https:\/\/elcardinal.com\/","name":"El Cardinal","description":"Periodismo honesto, con valor, sentido humano, a veces sarc\u00e1stico y divertido.","publisher":{"@id":"https:\/\/elcardinal.com\/#organization"},"alternateName":"El Cardinal Noticias","potentialAction":[{"@type":"SearchAction","target":{"@type":"EntryPoint","urlTemplate":"https:\/\/elcardinal.com\/?s={search_term_string}"},"query-input":{"@type":"PropertyValueSpecification","valueRequired":true,"valueName":"search_term_string"}}],"inLanguage":"es"},{"@type":"Organization","@id":"https:\/\/elcardinal.com\/#organization","name":"El Cardinal","url":"https:\/\/elcardinal.com\/","logo":{"@type":"ImageObject","inLanguage":"es","@id":"https:\/\/elcardinal.com\/#\/schema\/logo\/image\/","url":"https:\/\/elcardinal.com\/wp-content\/uploads\/2025\/04\/LOGO-EL-CARDINAL-Periodismo-con-valor.png","contentUrl":"https:\/\/elcardinal.com\/wp-content\/uploads\/2025\/04\/LOGO-EL-CARDINAL-Periodismo-con-valor.png","width":755,"height":636,"caption":"El Cardinal"},"image":{"@id":"https:\/\/elcardinal.com\/#\/schema\/logo\/image\/"},"sameAs":["https:\/\/www.facebook.com\/profile.php?id=100063093107011","https:\/\/x.com\/ElCardinal_Mx"]},{"@type":"Person","@id":"https:\/\/elcardinal.com\/#\/schema\/person\/3c352ec0a33987fe275c0e8a2ea69f8b","name":"Antonio Alcaraz","image":{"@type":"ImageObject","inLanguage":"es","@id":"https:\/\/elcardinal.com\/wp-content\/uploads\/2025\/05\/cropped-TONO-96x96.jpg","url":"https:\/\/elcardinal.com\/wp-content\/uploads\/2025\/05\/cropped-TONO-96x96.jpg","contentUrl":"https:\/\/elcardinal.com\/wp-content\/uploads\/2025\/05\/cropped-TONO-96x96.jpg","caption":"Antonio Alcaraz"},"url":"https:\/\/elcardinal.com\/?author=2"}]}},"_links":{"self":[{"href":"https:\/\/elcardinal.com\/index.php?rest_route=\/wp\/v2\/posts\/6821","targetHints":{"allow":["GET"]}}],"collection":[{"href":"https:\/\/elcardinal.com\/index.php?rest_route=\/wp\/v2\/posts"}],"about":[{"href":"https:\/\/elcardinal.com\/index.php?rest_route=\/wp\/v2\/types\/post"}],"author":[{"embeddable":true,"href":"https:\/\/elcardinal.com\/index.php?rest_route=\/wp\/v2\/users\/2"}],"replies":[{"embeddable":true,"href":"https:\/\/elcardinal.com\/index.php?rest_route=%2Fwp%2Fv2%2Fcomments&post=6821"}],"version-history":[{"count":1,"href":"https:\/\/elcardinal.com\/index.php?rest_route=\/wp\/v2\/posts\/6821\/revisions"}],"predecessor-version":[{"id":6823,"href":"https:\/\/elcardinal.com\/index.php?rest_route=\/wp\/v2\/posts\/6821\/revisions\/6823"}],"wp:featuredmedia":[{"embeddable":true,"href":"https:\/\/elcardinal.com\/index.php?rest_route=\/wp\/v2\/media\/6822"}],"wp:attachment":[{"href":"https:\/\/elcardinal.com\/index.php?rest_route=%2Fwp%2Fv2%2Fmedia&parent=6821"}],"wp:term":[{"taxonomy":"category","embeddable":true,"href":"https:\/\/elcardinal.com\/index.php?rest_route=%2Fwp%2Fv2%2Fcategories&post=6821"},{"taxonomy":"post_tag","embeddable":true,"href":"https:\/\/elcardinal.com\/index.php?rest_route=%2Fwp%2Fv2%2Ftags&post=6821"}],"curies":[{"name":"wp","href":"https:\/\/api.w.org\/{rel}","templated":true}]}}