{"id":6827,"date":"2026-08-24T23:37:34","date_gmt":"2026-08-25T05:37:34","guid":{"rendered":"https:\/\/elcardinal.com\/?p=6827"},"modified":"2026-08-24T23:37:34","modified_gmt":"2026-08-25T05:37:34","slug":"arranca-fase-intensiva-del-consejo-tecnico-escolar-rumbo-al-nuevo-ciclo-escolar","status":"publish","type":"post","link":"https:\/\/elcardinal.com\/?p=6827","title":{"rendered":"Arranca fase intensiva del Consejo T\u00e9cnico Escolar rumbo al nuevo ciclo escolar"},"content":{"rendered":"<p>Redacci\u00f3n<\/p>\n<p><span style=\"font-weight: 400;\">La Secretar\u00eda de Educaci\u00f3n P\u00fablica de Hidalgo (SEPH) dio acompa\u00f1amiento al inicio de la Fase Intensiva del Consejo T\u00e9cnico Escolar (CTE) de Educaci\u00f3n Primaria General, que se desarrolla del 24 al 28 de agosto como parte de la preparaci\u00f3n para el ciclo escolar 2026-2027.<\/span><\/p>\n<p><span style=\"font-weight: 400;\">En representaci\u00f3n del secretario de Educaci\u00f3n P\u00fablica de Hidalgo, Natividad Castrej\u00f3n Valdez, la subsecretaria de Educaci\u00f3n B\u00e1sica, Nancy Adriana Le\u00f3n Vite, particip\u00f3 en una jornada de trabajo con jefas y jefes de sector, as\u00ed como con supervisoras y supervisores de Educaci\u00f3n Primaria General, en la que se analizaron los principales retos y oportunidades para el nuevo ciclo escolar.<\/span><\/p>\n<p><span style=\"font-weight: 400;\">Durante el encuentro se destac\u00f3 la importancia de realizar una planeaci\u00f3n pertinente, que considere las caracter\u00edsticas, contextos y necesidades de cada escuela.<\/span><\/p>\n<p><span style=\"font-weight: 400;\">Nancy Le\u00f3n tambi\u00e9n llam\u00f3 a participar en los ejercicios nacionales de consulta sobre el impacto de los dispositivos digitales en las infancias y juventudes.<\/span><\/p>\n<p><span style=\"font-weight: 400;\">\u00a0<\/span><span style=\"font-weight: 400;\">En la jornada estuvieron el director general de Educaci\u00f3n B\u00e1sica, Leobardo Cano Albarr\u00e1n y el director de Educaci\u00f3n Primaria General, Jos\u00e9 Ventura Corona, quienes acompa\u00f1aron los trabajos orientados a establecer acuerdos para el desarrollo de las actividades escolares.<\/span><\/p>\n<p><span style=\"font-weight: 400;\">Durante la Fase Intensiva, los colectivos docentes analizar\u00e1n las condiciones de cada escuela, tomar\u00e1n decisiones y definir\u00e1n estrategias para favorecer el aprendizaje de las y los estudiantes.<\/span><\/p>\n<p><span style=\"font-weight: 400;\">Con estos trabajos, la SEPH fortalece la preparaci\u00f3n de las comunidades escolares para el inicio del ciclo 2026-2027 y el desarrollo de estrategias acordes con las caracter\u00edsticas y necesidades de cada escuela.<\/span><\/p>\n","protected":false},"excerpt":{"rendered":"<p>Redacci\u00f3n La Secretar\u00eda de Educaci\u00f3n P\u00fablica de Hidalgo (SEPH) dio acompa\u00f1amiento al inicio de la Fase Intensiva del Consejo T\u00e9cnico Escolar (CTE) de Educaci\u00f3n Primaria General, que se desarrolla del 24 al 28 de agosto como parte de la preparaci\u00f3n para el ciclo escolar 2026-2027. En representaci\u00f3n del secretario de Educaci\u00f3n P\u00fablica de Hidalgo, Natividad<\/p>\n","protected":false},"author":2,"featured_media":6828,"comment_status":"open","ping_status":"open","sticky":false,"template":"","format":"standard","meta":{"footnotes":""},"categories":[404,31,44],"tags":[],"class_list":["post-6827","post","type-post","status-publish","format-standard","has-post-thumbnail","category-educacion","category-hidalgo","category-minuto-a-minuto"],"yoast_head":"<!-- This site is optimized with the Yoast SEO plugin v28.0 - https:\/\/yoast.com\/product\/yoast-seo-wordpress\/ -->\n<title>Arranca fase intensiva del Consejo T\u00e9cnico Escolar rumbo al nuevo ciclo escolar - El Cardinal<\/title>\n<meta name=\"robots\" content=\"index, follow, max-snippet:-1, max-image-preview:large, max-video-preview:-1\" \/>\n<link rel=\"canonical\" href=\"https:\/\/elcardinal.com\/?p=6827\" \/>\n<meta property=\"og:locale\" content=\"es_MX\" \/>\n<meta property=\"og:type\" content=\"article\" \/>\n<meta property=\"og:title\" content=\"Arranca fase intensiva del Consejo T\u00e9cnico Escolar rumbo al nuevo ciclo escolar - El Cardinal\" \/>\n<meta property=\"og:description\" content=\"Redacci\u00f3n La Secretar\u00eda de Educaci\u00f3n P\u00fablica de Hidalgo (SEPH) dio acompa\u00f1amiento al inicio de la Fase Intensiva del Consejo T\u00e9cnico Escolar (CTE) de Educaci\u00f3n Primaria General, que se desarrolla del 24 al 28 de agosto como parte de la preparaci\u00f3n para el ciclo escolar 2026-2027. En representaci\u00f3n del secretario de Educaci\u00f3n P\u00fablica de Hidalgo, Natividad\" \/>\n<meta property=\"og:url\" content=\"https:\/\/elcardinal.com\/?p=6827\" \/>\n<meta property=\"og:site_name\" content=\"El Cardinal\" \/>\n<meta property=\"article:publisher\" content=\"https:\/\/www.facebook.com\/profile.php?id=100063093107011\" \/>\n<meta property=\"article:published_time\" content=\"2026-08-25T05:37:34+00:00\" \/>\n<meta property=\"og:image\" content=\"https:\/\/elcardinal.com\/wp-content\/uploads\/2026\/08\/Arranca-Fase-Intensiva-del-Consejo-Tecnico-Escolar-rumbo-al-nuevo-ciclo-escolar.jpeg\" \/>\n\t<meta property=\"og:image:width\" content=\"1600\" \/>\n\t<meta property=\"og:image:height\" content=\"1028\" \/>\n\t<meta property=\"og:image:type\" content=\"image\/jpeg\" \/>\n<meta name=\"author\" content=\"Antonio Alcaraz\" \/>\n<meta name=\"twitter:card\" content=\"summary_large_image\" \/>\n<meta name=\"twitter:creator\" content=\"@ElCardinal_Mx\" \/>\n<meta name=\"twitter:site\" content=\"@ElCardinal_Mx\" \/>\n<meta name=\"twitter:label1\" content=\"Escrito por\" \/>\n\t<meta name=\"twitter:data1\" content=\"Antonio Alcaraz\" \/>\n\t<meta name=\"twitter:label2\" content=\"Tiempo de lectura\" \/>\n\t<meta name=\"twitter:data2\" content=\"2 minutos\" \/>\n<script type=\"application\/ld+json\" class=\"yoast-schema-graph\">{\"@context\":\"https:\\\/\\\/schema.org\",\"@graph\":[{\"@type\":\"Article\",\"@id\":\"https:\\\/\\\/elcardinal.com\\\/?p=6827#article\",\"isPartOf\":{\"@id\":\"https:\\\/\\\/elcardinal.com\\\/?p=6827\"},\"author\":{\"name\":\"Antonio Alcaraz\",\"@id\":\"https:\\\/\\\/elcardinal.com\\\/#\\\/schema\\\/person\\\/3c352ec0a33987fe275c0e8a2ea69f8b\"},\"headline\":\"Arranca fase intensiva del Consejo T\u00e9cnico Escolar rumbo al nuevo ciclo escolar\",\"datePublished\":\"2026-08-25T05:37:34+00:00\",\"mainEntityOfPage\":{\"@id\":\"https:\\\/\\\/elcardinal.com\\\/?p=6827\"},\"wordCount\":287,\"commentCount\":0,\"publisher\":{\"@id\":\"https:\\\/\\\/elcardinal.com\\\/#organization\"},\"image\":{\"@id\":\"https:\\\/\\\/elcardinal.com\\\/?p=6827#primaryimage\"},\"thumbnailUrl\":\"https:\\\/\\\/elcardinal.com\\\/wp-content\\\/uploads\\\/2026\\\/08\\\/Arranca-Fase-Intensiva-del-Consejo-Tecnico-Escolar-rumbo-al-nuevo-ciclo-escolar.jpeg\",\"articleSection\":[\"Educaci\u00f3n\",\"Hidalgo\",\"Minuto a Minuto\"],\"inLanguage\":\"es\",\"potentialAction\":[{\"@type\":\"CommentAction\",\"name\":\"Comment\",\"target\":[\"https:\\\/\\\/elcardinal.com\\\/?p=6827#respond\"]}]},{\"@type\":\"WebPage\",\"@id\":\"https:\\\/\\\/elcardinal.com\\\/?p=6827\",\"url\":\"https:\\\/\\\/elcardinal.com\\\/?p=6827\",\"name\":\"Arranca fase intensiva del Consejo T\u00e9cnico Escolar rumbo al nuevo ciclo escolar - El Cardinal\",\"isPartOf\":{\"@id\":\"https:\\\/\\\/elcardinal.com\\\/#website\"},\"primaryImageOfPage\":{\"@id\":\"https:\\\/\\\/elcardinal.com\\\/?p=6827#primaryimage\"},\"image\":{\"@id\":\"https:\\\/\\\/elcardinal.com\\\/?p=6827#primaryimage\"},\"thumbnailUrl\":\"https:\\\/\\\/elcardinal.com\\\/wp-content\\\/uploads\\\/2026\\\/08\\\/Arranca-Fase-Intensiva-del-Consejo-Tecnico-Escolar-rumbo-al-nuevo-ciclo-escolar.jpeg\",\"datePublished\":\"2026-08-25T05:37:34+00:00\",\"breadcrumb\":{\"@id\":\"https:\\\/\\\/elcardinal.com\\\/?p=6827#breadcrumb\"},\"inLanguage\":\"es\",\"potentialAction\":[{\"@type\":\"ReadAction\",\"target\":[\"https:\\\/\\\/elcardinal.com\\\/?p=6827\"]}]},{\"@type\":\"ImageObject\",\"inLanguage\":\"es\",\"@id\":\"https:\\\/\\\/elcardinal.com\\\/?p=6827#primaryimage\",\"url\":\"https:\\\/\\\/elcardinal.com\\\/wp-content\\\/uploads\\\/2026\\\/08\\\/Arranca-Fase-Intensiva-del-Consejo-Tecnico-Escolar-rumbo-al-nuevo-ciclo-escolar.jpeg\",\"contentUrl\":\"https:\\\/\\\/elcardinal.com\\\/wp-content\\\/uploads\\\/2026\\\/08\\\/Arranca-Fase-Intensiva-del-Consejo-Tecnico-Escolar-rumbo-al-nuevo-ciclo-escolar.jpeg\",\"width\":1600,\"height\":1028},{\"@type\":\"BreadcrumbList\",\"@id\":\"https:\\\/\\\/elcardinal.com\\\/?p=6827#breadcrumb\",\"itemListElement\":[{\"@type\":\"ListItem\",\"position\":1,\"name\":\"Inicio\",\"item\":\"https:\\\/\\\/elcardinal.com\\\/\"},{\"@type\":\"ListItem\",\"position\":2,\"name\":\"Arranca fase intensiva del Consejo T\u00e9cnico Escolar rumbo al nuevo ciclo escolar\"}]},{\"@type\":\"WebSite\",\"@id\":\"https:\\\/\\\/elcardinal.com\\\/#website\",\"url\":\"https:\\\/\\\/elcardinal.com\\\/\",\"name\":\"El Cardinal\",\"description\":\"Periodismo honesto, con valor, sentido humano, a veces sarc\u00e1stico y divertido.\",\"publisher\":{\"@id\":\"https:\\\/\\\/elcardinal.com\\\/#organization\"},\"alternateName\":\"El Cardinal Noticias\",\"potentialAction\":[{\"@type\":\"SearchAction\",\"target\":{\"@type\":\"EntryPoint\",\"urlTemplate\":\"https:\\\/\\\/elcardinal.com\\\/?s={search_term_string}\"},\"query-input\":{\"@type\":\"PropertyValueSpecification\",\"valueRequired\":true,\"valueName\":\"search_term_string\"}}],\"inLanguage\":\"es\"},{\"@type\":\"Organization\",\"@id\":\"https:\\\/\\\/elcardinal.com\\\/#organization\",\"name\":\"El Cardinal\",\"url\":\"https:\\\/\\\/elcardinal.com\\\/\",\"logo\":{\"@type\":\"ImageObject\",\"inLanguage\":\"es\",\"@id\":\"https:\\\/\\\/elcardinal.com\\\/#\\\/schema\\\/logo\\\/image\\\/\",\"url\":\"https:\\\/\\\/elcardinal.com\\\/wp-content\\\/uploads\\\/2025\\\/04\\\/LOGO-EL-CARDINAL-Periodismo-con-valor.png\",\"contentUrl\":\"https:\\\/\\\/elcardinal.com\\\/wp-content\\\/uploads\\\/2025\\\/04\\\/LOGO-EL-CARDINAL-Periodismo-con-valor.png\",\"width\":755,\"height\":636,\"caption\":\"El Cardinal\"},\"image\":{\"@id\":\"https:\\\/\\\/elcardinal.com\\\/#\\\/schema\\\/logo\\\/image\\\/\"},\"sameAs\":[\"https:\\\/\\\/www.facebook.com\\\/profile.php?id=100063093107011\",\"https:\\\/\\\/x.com\\\/ElCardinal_Mx\"]},{\"@type\":\"Person\",\"@id\":\"https:\\\/\\\/elcardinal.com\\\/#\\\/schema\\\/person\\\/3c352ec0a33987fe275c0e8a2ea69f8b\",\"name\":\"Antonio Alcaraz\",\"image\":{\"@type\":\"ImageObject\",\"inLanguage\":\"es\",\"@id\":\"https:\\\/\\\/elcardinal.com\\\/wp-content\\\/uploads\\\/2025\\\/05\\\/cropped-TONO-96x96.jpg\",\"url\":\"https:\\\/\\\/elcardinal.com\\\/wp-content\\\/uploads\\\/2025\\\/05\\\/cropped-TONO-96x96.jpg\",\"contentUrl\":\"https:\\\/\\\/elcardinal.com\\\/wp-content\\\/uploads\\\/2025\\\/05\\\/cropped-TONO-96x96.jpg\",\"caption\":\"Antonio Alcaraz\"},\"url\":\"https:\\\/\\\/elcardinal.com\\\/?author=2\"}]}<\/script>\n<!-- \/ Yoast SEO plugin. -->","yoast_head_json":{"title":"Arranca fase intensiva del Consejo T\u00e9cnico Escolar rumbo al nuevo ciclo escolar - El Cardinal","robots":{"index":"index","follow":"follow","max-snippet":"max-snippet:-1","max-image-preview":"max-image-preview:large","max-video-preview":"max-video-preview:-1"},"canonical":"https:\/\/elcardinal.com\/?p=6827","og_locale":"es_MX","og_type":"article","og_title":"Arranca fase intensiva del Consejo T\u00e9cnico Escolar rumbo al nuevo ciclo escolar - El Cardinal","og_description":"Redacci\u00f3n La Secretar\u00eda de Educaci\u00f3n P\u00fablica de Hidalgo (SEPH) dio acompa\u00f1amiento al inicio de la Fase Intensiva del Consejo T\u00e9cnico Escolar (CTE) de Educaci\u00f3n Primaria General, que se desarrolla del 24 al 28 de agosto como parte de la preparaci\u00f3n para el ciclo escolar 2026-2027. En representaci\u00f3n del secretario de Educaci\u00f3n P\u00fablica de Hidalgo, Natividad","og_url":"https:\/\/elcardinal.com\/?p=6827","og_site_name":"El Cardinal","article_publisher":"https:\/\/www.facebook.com\/profile.php?id=100063093107011","article_published_time":"2026-08-25T05:37:34+00:00","og_image":[{"width":1600,"height":1028,"url":"https:\/\/elcardinal.com\/wp-content\/uploads\/2026\/08\/Arranca-Fase-Intensiva-del-Consejo-Tecnico-Escolar-rumbo-al-nuevo-ciclo-escolar.jpeg","type":"image\/jpeg"}],"author":"Antonio Alcaraz","twitter_card":"summary_large_image","twitter_creator":"@ElCardinal_Mx","twitter_site":"@ElCardinal_Mx","twitter_misc":{"Escrito por":"Antonio Alcaraz","Tiempo de lectura":"2 minutos"},"schema":{"@context":"https:\/\/schema.org","@graph":[{"@type":"Article","@id":"https:\/\/elcardinal.com\/?p=6827#article","isPartOf":{"@id":"https:\/\/elcardinal.com\/?p=6827"},"author":{"name":"Antonio Alcaraz","@id":"https:\/\/elcardinal.com\/#\/schema\/person\/3c352ec0a33987fe275c0e8a2ea69f8b"},"headline":"Arranca fase intensiva del Consejo T\u00e9cnico Escolar rumbo al nuevo ciclo escolar","datePublished":"2026-08-25T05:37:34+00:00","mainEntityOfPage":{"@id":"https:\/\/elcardinal.com\/?p=6827"},"wordCount":287,"commentCount":0,"publisher":{"@id":"https:\/\/elcardinal.com\/#organization"},"image":{"@id":"https:\/\/elcardinal.com\/?p=6827#primaryimage"},"thumbnailUrl":"https:\/\/elcardinal.com\/wp-content\/uploads\/2026\/08\/Arranca-Fase-Intensiva-del-Consejo-Tecnico-Escolar-rumbo-al-nuevo-ciclo-escolar.jpeg","articleSection":["Educaci\u00f3n","Hidalgo","Minuto a Minuto"],"inLanguage":"es","potentialAction":[{"@type":"CommentAction","name":"Comment","target":["https:\/\/elcardinal.com\/?p=6827#respond"]}]},{"@type":"WebPage","@id":"https:\/\/elcardinal.com\/?p=6827","url":"https:\/\/elcardinal.com\/?p=6827","name":"Arranca fase intensiva del Consejo T\u00e9cnico Escolar rumbo al nuevo ciclo escolar - El Cardinal","isPartOf":{"@id":"https:\/\/elcardinal.com\/#website"},"primaryImageOfPage":{"@id":"https:\/\/elcardinal.com\/?p=6827#primaryimage"},"image":{"@id":"https:\/\/elcardinal.com\/?p=6827#primaryimage"},"thumbnailUrl":"https:\/\/elcardinal.com\/wp-content\/uploads\/2026\/08\/Arranca-Fase-Intensiva-del-Consejo-Tecnico-Escolar-rumbo-al-nuevo-ciclo-escolar.jpeg","datePublished":"2026-08-25T05:37:34+00:00","breadcrumb":{"@id":"https:\/\/elcardinal.com\/?p=6827#breadcrumb"},"inLanguage":"es","potentialAction":[{"@type":"ReadAction","target":["https:\/\/elcardinal.com\/?p=6827"]}]},{"@type":"ImageObject","inLanguage":"es","@id":"https:\/\/elcardinal.com\/?p=6827#primaryimage","url":"https:\/\/elcardinal.com\/wp-content\/uploads\/2026\/08\/Arranca-Fase-Intensiva-del-Consejo-Tecnico-Escolar-rumbo-al-nuevo-ciclo-escolar.jpeg","contentUrl":"https:\/\/elcardinal.com\/wp-content\/uploads\/2026\/08\/Arranca-Fase-Intensiva-del-Consejo-Tecnico-Escolar-rumbo-al-nuevo-ciclo-escolar.jpeg","width":1600,"height":1028},{"@type":"BreadcrumbList","@id":"https:\/\/elcardinal.com\/?p=6827#breadcrumb","itemListElement":[{"@type":"ListItem","position":1,"name":"Inicio","item":"https:\/\/elcardinal.com\/"},{"@type":"ListItem","position":2,"name":"Arranca fase intensiva del Consejo T\u00e9cnico Escolar rumbo al nuevo ciclo escolar"}]},{"@type":"WebSite","@id":"https:\/\/elcardinal.com\/#website","url":"https:\/\/elcardinal.com\/","name":"El Cardinal","description":"Periodismo honesto, con valor, sentido humano, a veces sarc\u00e1stico y divertido.","publisher":{"@id":"https:\/\/elcardinal.com\/#organization"},"alternateName":"El Cardinal Noticias","potentialAction":[{"@type":"SearchAction","target":{"@type":"EntryPoint","urlTemplate":"https:\/\/elcardinal.com\/?s={search_term_string}"},"query-input":{"@type":"PropertyValueSpecification","valueRequired":true,"valueName":"search_term_string"}}],"inLanguage":"es"},{"@type":"Organization","@id":"https:\/\/elcardinal.com\/#organization","name":"El Cardinal","url":"https:\/\/elcardinal.com\/","logo":{"@type":"ImageObject","inLanguage":"es","@id":"https:\/\/elcardinal.com\/#\/schema\/logo\/image\/","url":"https:\/\/elcardinal.com\/wp-content\/uploads\/2025\/04\/LOGO-EL-CARDINAL-Periodismo-con-valor.png","contentUrl":"https:\/\/elcardinal.com\/wp-content\/uploads\/2025\/04\/LOGO-EL-CARDINAL-Periodismo-con-valor.png","width":755,"height":636,"caption":"El Cardinal"},"image":{"@id":"https:\/\/elcardinal.com\/#\/schema\/logo\/image\/"},"sameAs":["https:\/\/www.facebook.com\/profile.php?id=100063093107011","https:\/\/x.com\/ElCardinal_Mx"]},{"@type":"Person","@id":"https:\/\/elcardinal.com\/#\/schema\/person\/3c352ec0a33987fe275c0e8a2ea69f8b","name":"Antonio Alcaraz","image":{"@type":"ImageObject","inLanguage":"es","@id":"https:\/\/elcardinal.com\/wp-content\/uploads\/2025\/05\/cropped-TONO-96x96.jpg","url":"https:\/\/elcardinal.com\/wp-content\/uploads\/2025\/05\/cropped-TONO-96x96.jpg","contentUrl":"https:\/\/elcardinal.com\/wp-content\/uploads\/2025\/05\/cropped-TONO-96x96.jpg","caption":"Antonio Alcaraz"},"url":"https:\/\/elcardinal.com\/?author=2"}]}},"_links":{"self":[{"href":"https:\/\/elcardinal.com\/index.php?rest_route=\/wp\/v2\/posts\/6827","targetHints":{"allow":["GET"]}}],"collection":[{"href":"https:\/\/elcardinal.com\/index.php?rest_route=\/wp\/v2\/posts"}],"about":[{"href":"https:\/\/elcardinal.com\/index.php?rest_route=\/wp\/v2\/types\/post"}],"author":[{"embeddable":true,"href":"https:\/\/elcardinal.com\/index.php?rest_route=\/wp\/v2\/users\/2"}],"replies":[{"embeddable":true,"href":"https:\/\/elcardinal.com\/index.php?rest_route=%2Fwp%2Fv2%2Fcomments&post=6827"}],"version-history":[{"count":1,"href":"https:\/\/elcardinal.com\/index.php?rest_route=\/wp\/v2\/posts\/6827\/revisions"}],"predecessor-version":[{"id":6829,"href":"https:\/\/elcardinal.com\/index.php?rest_route=\/wp\/v2\/posts\/6827\/revisions\/6829"}],"wp:featuredmedia":[{"embeddable":true,"href":"https:\/\/elcardinal.com\/index.php?rest_route=\/wp\/v2\/media\/6828"}],"wp:attachment":[{"href":"https:\/\/elcardinal.com\/index.php?rest_route=%2Fwp%2Fv2%2Fmedia&parent=6827"}],"wp:term":[{"taxonomy":"category","embeddable":true,"href":"https:\/\/elcardinal.com\/index.php?rest_route=%2Fwp%2Fv2%2Fcategories&post=6827"},{"taxonomy":"post_tag","embeddable":true,"href":"https:\/\/elcardinal.com\/index.php?rest_route=%2Fwp%2Fv2%2Ftags&post=6827"}],"curies":[{"name":"wp","href":"https:\/\/api.w.org\/{rel}","templated":true}]}}