{"id":6830,"date":"2026-08-25T22:19:23","date_gmt":"2026-08-26T04:19:23","guid":{"rendered":"https:\/\/elcardinal.com\/?p=6830"},"modified":"2026-08-25T22:19:23","modified_gmt":"2026-08-26T04:19:23","slug":"encabeza-natividad-castrejon-el-arranque-de-la-campana-boteo-teleton-2026-en-la-seph","status":"publish","type":"post","link":"https:\/\/elcardinal.com\/?p=6830","title":{"rendered":"Encabeza Natividad Castrej\u00f3n el arranque de la Campa\u00f1a Boteo Telet\u00f3n 2026 en la SEPH"},"content":{"rendered":"<p>Redacci\u00f3n<\/p>\n<p><span style=\"font-weight: 400;\">La Secretar\u00eda de Educaci\u00f3n P\u00fablica de Hidalgo (SEPH) dio inicio a la Campa\u00f1a Boteo Telet\u00f3n 2026, con un llamado a la comunidad educativa de la entidad a sumarse a esta causa en favor de la inclusi\u00f3n y la solidaridad social, bajo el lema \u201cPor eso te quiero Telet\u00f3n\u201d.<\/span><\/p>\n<p><span style=\"font-weight: 400;\">El secretario de Educaci\u00f3n P\u00fablica de Hidalgo, Natividad Castrej\u00f3n Valdez, agradeci\u00f3 al sector educativo por el entusiasmo y compromiso mostrado con la Fundaci\u00f3n Telet\u00f3n. Destac\u00f3 la labor que realiza esta instituci\u00f3n en favor de personas con discapacidad, c\u00e1ncer y autismo, mediante acciones orientadas a fortalecer su desarrollo e integraci\u00f3n social.<\/span><\/p>\n<p><span style=\"font-weight: 400;\">Natividad Castrej\u00f3n exhort\u00f3 a directivos, docentes y alumnos a integrarse con entusiasmo a la recolecci\u00f3n, como parte de las acciones que fortalecen la solidaridad y la inclusi\u00f3n, en congruencia con la visi\u00f3n del gobierno que encabeza Julio Menchaca Salazar.<\/span><\/p>\n<p><span style=\"font-weight: 400;\">La Secretar\u00eda de Educaci\u00f3n P\u00fablica de Hidalgo se ha consolidado como una de las instituciones m\u00e1s solidarias y comprometidas con la Fundaci\u00f3n Telet\u00f3n. Durante la campa\u00f1a anterior, el sector educativo estatal logr\u00f3 reunir 3 millones 291 mil 828 pesos para esta causa. Para 2026, la SEPH tiene la intenci\u00f3n de superar lo recaudado el a\u00f1o pasado.<\/span><\/p>\n<p><span style=\"font-weight: 400;\">Destac\u00f3 el impacto de la Fundaci\u00f3n Telet\u00f3n a lo largo de casi 29 a\u00f1os de trayectoria, periodo en el que ha brindado m\u00e1s de 41 millones de servicios y atendido a m\u00e1s de 900 mil personas en 28 Centros Telet\u00f3n distribuidos en el pa\u00eds.<\/span><span style=\"font-weight: 400;\"> \u201c<\/span><span style=\"font-weight: 400;\">Datos que son m\u00e1s que suficientes para exclamar con gran entusiasmo y emoci\u00f3n: Por eso te quiero Telet\u00f3n\u201d.<\/span><\/p>\n<p><span style=\"font-weight: 400;\">Por su parte, el director general del CRIT Hidalgo, Agust\u00edn Lagunas Oseguera, reconoci\u00f3 el acompa\u00f1amiento constante de la SEPH y se\u00f1al\u00f3 que la labor educativa trasciende la ense\u00f1anza en las aulas, al formar ciudadanas y ciudadanos capaces de reconocer la dignidad de los dem\u00e1s, comprender los retos de su entorno y contribuir a la transformaci\u00f3n de vidas mediante el apoyo comunitario.<\/span><\/p>\n<p><span style=\"font-weight: 400;\">En su intervenci\u00f3n, la titular de la Unidad de Promoci\u00f3n Voluntaria de la SEPH, Virginia Hurtado Salinas, resalt\u00f3 que cada colecta representa una oportunidad para fortalecer la empat\u00eda y la solidaridad, al recordar que detr\u00e1s de cada aportaci\u00f3n existen familias, historias y sue\u00f1os que buscan alcanzar un futuro m\u00e1s equitativo.<\/span><\/p>\n<p><span style=\"font-weight: 400;\">En el evento estuvieron presentes las subsecretarias de Educaci\u00f3n B\u00e1sica, Nancy Adriana Le\u00f3n Vite; de Administraci\u00f3n y Finanzas, Maricarmen Margarita Mandujano Cerrilla; y de Planeaci\u00f3n y Evaluaci\u00f3n, Xochitl Beatriz Garc\u00eda Curiel; as\u00ed como el subsecretario Daniel Fragoso Torres, adem\u00e1s de directoras y directores generales y de \u00e1rea, y representantes de la comunidad educativa.<\/span><\/p>\n","protected":false},"excerpt":{"rendered":"<p>Redacci\u00f3n La Secretar\u00eda de Educaci\u00f3n P\u00fablica de Hidalgo (SEPH) dio inicio a la Campa\u00f1a Boteo Telet\u00f3n 2026, con un llamado a la comunidad educativa de la entidad a sumarse a esta causa en favor de la inclusi\u00f3n y la solidaridad social, bajo el lema \u201cPor eso te quiero Telet\u00f3n\u201d. El secretario de Educaci\u00f3n P\u00fablica de<\/p>\n","protected":false},"author":2,"featured_media":6831,"comment_status":"open","ping_status":"open","sticky":false,"template":"","format":"standard","meta":{"footnotes":""},"categories":[404,31,44],"tags":[],"class_list":["post-6830","post","type-post","status-publish","format-standard","has-post-thumbnail","category-educacion","category-hidalgo","category-minuto-a-minuto"],"yoast_head":"<!-- This site is optimized with the Yoast SEO plugin v28.0 - https:\/\/yoast.com\/product\/yoast-seo-wordpress\/ -->\n<title>Encabeza Natividad Castrej\u00f3n el arranque de la Campa\u00f1a Boteo Telet\u00f3n 2026 en la SEPH - El Cardinal<\/title>\n<meta name=\"robots\" content=\"index, follow, max-snippet:-1, max-image-preview:large, max-video-preview:-1\" \/>\n<link rel=\"canonical\" href=\"https:\/\/elcardinal.com\/?p=6830\" \/>\n<meta property=\"og:locale\" content=\"es_MX\" \/>\n<meta property=\"og:type\" content=\"article\" \/>\n<meta property=\"og:title\" content=\"Encabeza Natividad Castrej\u00f3n el arranque de la Campa\u00f1a Boteo Telet\u00f3n 2026 en la SEPH - El Cardinal\" \/>\n<meta property=\"og:description\" content=\"Redacci\u00f3n La Secretar\u00eda de Educaci\u00f3n P\u00fablica de Hidalgo (SEPH) dio inicio a la Campa\u00f1a Boteo Telet\u00f3n 2026, con un llamado a la comunidad educativa de la entidad a sumarse a esta causa en favor de la inclusi\u00f3n y la solidaridad social, bajo el lema \u201cPor eso te quiero Telet\u00f3n\u201d. El secretario de Educaci\u00f3n P\u00fablica de\" \/>\n<meta property=\"og:url\" content=\"https:\/\/elcardinal.com\/?p=6830\" \/>\n<meta property=\"og:site_name\" content=\"El Cardinal\" \/>\n<meta property=\"article:publisher\" content=\"https:\/\/www.facebook.com\/profile.php?id=100063093107011\" \/>\n<meta property=\"article:published_time\" content=\"2026-08-26T04:19:23+00:00\" \/>\n<meta property=\"og:image\" content=\"https:\/\/elcardinal.com\/wp-content\/uploads\/2026\/08\/Encabeza-Natividad-Castrejon-el-arranque-de-la-Campana-Boteo-Teleton-2026-en-la-SEPH-3-scaled.jpeg\" \/>\n\t<meta property=\"og:image:width\" content=\"2560\" \/>\n\t<meta property=\"og:image:height\" content=\"1708\" \/>\n\t<meta property=\"og:image:type\" content=\"image\/jpeg\" \/>\n<meta name=\"author\" content=\"Antonio Alcaraz\" \/>\n<meta name=\"twitter:card\" content=\"summary_large_image\" \/>\n<meta name=\"twitter:creator\" content=\"@ElCardinal_Mx\" \/>\n<meta name=\"twitter:site\" content=\"@ElCardinal_Mx\" \/>\n<meta name=\"twitter:label1\" content=\"Escrito por\" \/>\n\t<meta name=\"twitter:data1\" content=\"Antonio Alcaraz\" \/>\n\t<meta name=\"twitter:label2\" content=\"Tiempo de lectura\" \/>\n\t<meta name=\"twitter:data2\" content=\"3 minutos\" \/>\n<script type=\"application\/ld+json\" class=\"yoast-schema-graph\">{\"@context\":\"https:\\\/\\\/schema.org\",\"@graph\":[{\"@type\":\"Article\",\"@id\":\"https:\\\/\\\/elcardinal.com\\\/?p=6830#article\",\"isPartOf\":{\"@id\":\"https:\\\/\\\/elcardinal.com\\\/?p=6830\"},\"author\":{\"name\":\"Antonio Alcaraz\",\"@id\":\"https:\\\/\\\/elcardinal.com\\\/#\\\/schema\\\/person\\\/3c352ec0a33987fe275c0e8a2ea69f8b\"},\"headline\":\"Encabeza Natividad Castrej\u00f3n el arranque de la Campa\u00f1a Boteo Telet\u00f3n 2026 en la SEPH\",\"datePublished\":\"2026-08-26T04:19:23+00:00\",\"mainEntityOfPage\":{\"@id\":\"https:\\\/\\\/elcardinal.com\\\/?p=6830\"},\"wordCount\":487,\"commentCount\":0,\"publisher\":{\"@id\":\"https:\\\/\\\/elcardinal.com\\\/#organization\"},\"image\":{\"@id\":\"https:\\\/\\\/elcardinal.com\\\/?p=6830#primaryimage\"},\"thumbnailUrl\":\"https:\\\/\\\/elcardinal.com\\\/wp-content\\\/uploads\\\/2026\\\/08\\\/Encabeza-Natividad-Castrejon-el-arranque-de-la-Campana-Boteo-Teleton-2026-en-la-SEPH-3-scaled.jpeg\",\"articleSection\":[\"Educaci\u00f3n\",\"Hidalgo\",\"Minuto a Minuto\"],\"inLanguage\":\"es\",\"potentialAction\":[{\"@type\":\"CommentAction\",\"name\":\"Comment\",\"target\":[\"https:\\\/\\\/elcardinal.com\\\/?p=6830#respond\"]}]},{\"@type\":\"WebPage\",\"@id\":\"https:\\\/\\\/elcardinal.com\\\/?p=6830\",\"url\":\"https:\\\/\\\/elcardinal.com\\\/?p=6830\",\"name\":\"Encabeza Natividad Castrej\u00f3n el arranque de la Campa\u00f1a Boteo Telet\u00f3n 2026 en la SEPH - El Cardinal\",\"isPartOf\":{\"@id\":\"https:\\\/\\\/elcardinal.com\\\/#website\"},\"primaryImageOfPage\":{\"@id\":\"https:\\\/\\\/elcardinal.com\\\/?p=6830#primaryimage\"},\"image\":{\"@id\":\"https:\\\/\\\/elcardinal.com\\\/?p=6830#primaryimage\"},\"thumbnailUrl\":\"https:\\\/\\\/elcardinal.com\\\/wp-content\\\/uploads\\\/2026\\\/08\\\/Encabeza-Natividad-Castrejon-el-arranque-de-la-Campana-Boteo-Teleton-2026-en-la-SEPH-3-scaled.jpeg\",\"datePublished\":\"2026-08-26T04:19:23+00:00\",\"breadcrumb\":{\"@id\":\"https:\\\/\\\/elcardinal.com\\\/?p=6830#breadcrumb\"},\"inLanguage\":\"es\",\"potentialAction\":[{\"@type\":\"ReadAction\",\"target\":[\"https:\\\/\\\/elcardinal.com\\\/?p=6830\"]}]},{\"@type\":\"ImageObject\",\"inLanguage\":\"es\",\"@id\":\"https:\\\/\\\/elcardinal.com\\\/?p=6830#primaryimage\",\"url\":\"https:\\\/\\\/elcardinal.com\\\/wp-content\\\/uploads\\\/2026\\\/08\\\/Encabeza-Natividad-Castrejon-el-arranque-de-la-Campana-Boteo-Teleton-2026-en-la-SEPH-3-scaled.jpeg\",\"contentUrl\":\"https:\\\/\\\/elcardinal.com\\\/wp-content\\\/uploads\\\/2026\\\/08\\\/Encabeza-Natividad-Castrejon-el-arranque-de-la-Campana-Boteo-Teleton-2026-en-la-SEPH-3-scaled.jpeg\",\"width\":2560,\"height\":1708},{\"@type\":\"BreadcrumbList\",\"@id\":\"https:\\\/\\\/elcardinal.com\\\/?p=6830#breadcrumb\",\"itemListElement\":[{\"@type\":\"ListItem\",\"position\":1,\"name\":\"Inicio\",\"item\":\"https:\\\/\\\/elcardinal.com\\\/\"},{\"@type\":\"ListItem\",\"position\":2,\"name\":\"Encabeza Natividad Castrej\u00f3n el arranque de la Campa\u00f1a Boteo Telet\u00f3n 2026 en la SEPH\"}]},{\"@type\":\"WebSite\",\"@id\":\"https:\\\/\\\/elcardinal.com\\\/#website\",\"url\":\"https:\\\/\\\/elcardinal.com\\\/\",\"name\":\"El Cardinal\",\"description\":\"Periodismo honesto, con valor, sentido humano, a veces sarc\u00e1stico y divertido.\",\"publisher\":{\"@id\":\"https:\\\/\\\/elcardinal.com\\\/#organization\"},\"alternateName\":\"El Cardinal Noticias\",\"potentialAction\":[{\"@type\":\"SearchAction\",\"target\":{\"@type\":\"EntryPoint\",\"urlTemplate\":\"https:\\\/\\\/elcardinal.com\\\/?s={search_term_string}\"},\"query-input\":{\"@type\":\"PropertyValueSpecification\",\"valueRequired\":true,\"valueName\":\"search_term_string\"}}],\"inLanguage\":\"es\"},{\"@type\":\"Organization\",\"@id\":\"https:\\\/\\\/elcardinal.com\\\/#organization\",\"name\":\"El Cardinal\",\"url\":\"https:\\\/\\\/elcardinal.com\\\/\",\"logo\":{\"@type\":\"ImageObject\",\"inLanguage\":\"es\",\"@id\":\"https:\\\/\\\/elcardinal.com\\\/#\\\/schema\\\/logo\\\/image\\\/\",\"url\":\"https:\\\/\\\/elcardinal.com\\\/wp-content\\\/uploads\\\/2025\\\/04\\\/LOGO-EL-CARDINAL-Periodismo-con-valor.png\",\"contentUrl\":\"https:\\\/\\\/elcardinal.com\\\/wp-content\\\/uploads\\\/2025\\\/04\\\/LOGO-EL-CARDINAL-Periodismo-con-valor.png\",\"width\":755,\"height\":636,\"caption\":\"El Cardinal\"},\"image\":{\"@id\":\"https:\\\/\\\/elcardinal.com\\\/#\\\/schema\\\/logo\\\/image\\\/\"},\"sameAs\":[\"https:\\\/\\\/www.facebook.com\\\/profile.php?id=100063093107011\",\"https:\\\/\\\/x.com\\\/ElCardinal_Mx\"]},{\"@type\":\"Person\",\"@id\":\"https:\\\/\\\/elcardinal.com\\\/#\\\/schema\\\/person\\\/3c352ec0a33987fe275c0e8a2ea69f8b\",\"name\":\"Antonio Alcaraz\",\"image\":{\"@type\":\"ImageObject\",\"inLanguage\":\"es\",\"@id\":\"https:\\\/\\\/elcardinal.com\\\/wp-content\\\/uploads\\\/2025\\\/05\\\/cropped-TONO-96x96.jpg\",\"url\":\"https:\\\/\\\/elcardinal.com\\\/wp-content\\\/uploads\\\/2025\\\/05\\\/cropped-TONO-96x96.jpg\",\"contentUrl\":\"https:\\\/\\\/elcardinal.com\\\/wp-content\\\/uploads\\\/2025\\\/05\\\/cropped-TONO-96x96.jpg\",\"caption\":\"Antonio Alcaraz\"},\"url\":\"https:\\\/\\\/elcardinal.com\\\/?author=2\"}]}<\/script>\n<!-- \/ Yoast SEO plugin. -->","yoast_head_json":{"title":"Encabeza Natividad Castrej\u00f3n el arranque de la Campa\u00f1a Boteo Telet\u00f3n 2026 en la SEPH - El Cardinal","robots":{"index":"index","follow":"follow","max-snippet":"max-snippet:-1","max-image-preview":"max-image-preview:large","max-video-preview":"max-video-preview:-1"},"canonical":"https:\/\/elcardinal.com\/?p=6830","og_locale":"es_MX","og_type":"article","og_title":"Encabeza Natividad Castrej\u00f3n el arranque de la Campa\u00f1a Boteo Telet\u00f3n 2026 en la SEPH - El Cardinal","og_description":"Redacci\u00f3n La Secretar\u00eda de Educaci\u00f3n P\u00fablica de Hidalgo (SEPH) dio inicio a la Campa\u00f1a Boteo Telet\u00f3n 2026, con un llamado a la comunidad educativa de la entidad a sumarse a esta causa en favor de la inclusi\u00f3n y la solidaridad social, bajo el lema \u201cPor eso te quiero Telet\u00f3n\u201d. El secretario de Educaci\u00f3n P\u00fablica de","og_url":"https:\/\/elcardinal.com\/?p=6830","og_site_name":"El Cardinal","article_publisher":"https:\/\/www.facebook.com\/profile.php?id=100063093107011","article_published_time":"2026-08-26T04:19:23+00:00","og_image":[{"width":2560,"height":1708,"url":"https:\/\/elcardinal.com\/wp-content\/uploads\/2026\/08\/Encabeza-Natividad-Castrejon-el-arranque-de-la-Campana-Boteo-Teleton-2026-en-la-SEPH-3-scaled.jpeg","type":"image\/jpeg"}],"author":"Antonio Alcaraz","twitter_card":"summary_large_image","twitter_creator":"@ElCardinal_Mx","twitter_site":"@ElCardinal_Mx","twitter_misc":{"Escrito por":"Antonio Alcaraz","Tiempo de lectura":"3 minutos"},"schema":{"@context":"https:\/\/schema.org","@graph":[{"@type":"Article","@id":"https:\/\/elcardinal.com\/?p=6830#article","isPartOf":{"@id":"https:\/\/elcardinal.com\/?p=6830"},"author":{"name":"Antonio Alcaraz","@id":"https:\/\/elcardinal.com\/#\/schema\/person\/3c352ec0a33987fe275c0e8a2ea69f8b"},"headline":"Encabeza Natividad Castrej\u00f3n el arranque de la Campa\u00f1a Boteo Telet\u00f3n 2026 en la SEPH","datePublished":"2026-08-26T04:19:23+00:00","mainEntityOfPage":{"@id":"https:\/\/elcardinal.com\/?p=6830"},"wordCount":487,"commentCount":0,"publisher":{"@id":"https:\/\/elcardinal.com\/#organization"},"image":{"@id":"https:\/\/elcardinal.com\/?p=6830#primaryimage"},"thumbnailUrl":"https:\/\/elcardinal.com\/wp-content\/uploads\/2026\/08\/Encabeza-Natividad-Castrejon-el-arranque-de-la-Campana-Boteo-Teleton-2026-en-la-SEPH-3-scaled.jpeg","articleSection":["Educaci\u00f3n","Hidalgo","Minuto a Minuto"],"inLanguage":"es","potentialAction":[{"@type":"CommentAction","name":"Comment","target":["https:\/\/elcardinal.com\/?p=6830#respond"]}]},{"@type":"WebPage","@id":"https:\/\/elcardinal.com\/?p=6830","url":"https:\/\/elcardinal.com\/?p=6830","name":"Encabeza Natividad Castrej\u00f3n el arranque de la Campa\u00f1a Boteo Telet\u00f3n 2026 en la SEPH - El Cardinal","isPartOf":{"@id":"https:\/\/elcardinal.com\/#website"},"primaryImageOfPage":{"@id":"https:\/\/elcardinal.com\/?p=6830#primaryimage"},"image":{"@id":"https:\/\/elcardinal.com\/?p=6830#primaryimage"},"thumbnailUrl":"https:\/\/elcardinal.com\/wp-content\/uploads\/2026\/08\/Encabeza-Natividad-Castrejon-el-arranque-de-la-Campana-Boteo-Teleton-2026-en-la-SEPH-3-scaled.jpeg","datePublished":"2026-08-26T04:19:23+00:00","breadcrumb":{"@id":"https:\/\/elcardinal.com\/?p=6830#breadcrumb"},"inLanguage":"es","potentialAction":[{"@type":"ReadAction","target":["https:\/\/elcardinal.com\/?p=6830"]}]},{"@type":"ImageObject","inLanguage":"es","@id":"https:\/\/elcardinal.com\/?p=6830#primaryimage","url":"https:\/\/elcardinal.com\/wp-content\/uploads\/2026\/08\/Encabeza-Natividad-Castrejon-el-arranque-de-la-Campana-Boteo-Teleton-2026-en-la-SEPH-3-scaled.jpeg","contentUrl":"https:\/\/elcardinal.com\/wp-content\/uploads\/2026\/08\/Encabeza-Natividad-Castrejon-el-arranque-de-la-Campana-Boteo-Teleton-2026-en-la-SEPH-3-scaled.jpeg","width":2560,"height":1708},{"@type":"BreadcrumbList","@id":"https:\/\/elcardinal.com\/?p=6830#breadcrumb","itemListElement":[{"@type":"ListItem","position":1,"name":"Inicio","item":"https:\/\/elcardinal.com\/"},{"@type":"ListItem","position":2,"name":"Encabeza Natividad Castrej\u00f3n el arranque de la Campa\u00f1a Boteo Telet\u00f3n 2026 en la SEPH"}]},{"@type":"WebSite","@id":"https:\/\/elcardinal.com\/#website","url":"https:\/\/elcardinal.com\/","name":"El Cardinal","description":"Periodismo honesto, con valor, sentido humano, a veces sarc\u00e1stico y divertido.","publisher":{"@id":"https:\/\/elcardinal.com\/#organization"},"alternateName":"El Cardinal Noticias","potentialAction":[{"@type":"SearchAction","target":{"@type":"EntryPoint","urlTemplate":"https:\/\/elcardinal.com\/?s={search_term_string}"},"query-input":{"@type":"PropertyValueSpecification","valueRequired":true,"valueName":"search_term_string"}}],"inLanguage":"es"},{"@type":"Organization","@id":"https:\/\/elcardinal.com\/#organization","name":"El Cardinal","url":"https:\/\/elcardinal.com\/","logo":{"@type":"ImageObject","inLanguage":"es","@id":"https:\/\/elcardinal.com\/#\/schema\/logo\/image\/","url":"https:\/\/elcardinal.com\/wp-content\/uploads\/2025\/04\/LOGO-EL-CARDINAL-Periodismo-con-valor.png","contentUrl":"https:\/\/elcardinal.com\/wp-content\/uploads\/2025\/04\/LOGO-EL-CARDINAL-Periodismo-con-valor.png","width":755,"height":636,"caption":"El Cardinal"},"image":{"@id":"https:\/\/elcardinal.com\/#\/schema\/logo\/image\/"},"sameAs":["https:\/\/www.facebook.com\/profile.php?id=100063093107011","https:\/\/x.com\/ElCardinal_Mx"]},{"@type":"Person","@id":"https:\/\/elcardinal.com\/#\/schema\/person\/3c352ec0a33987fe275c0e8a2ea69f8b","name":"Antonio Alcaraz","image":{"@type":"ImageObject","inLanguage":"es","@id":"https:\/\/elcardinal.com\/wp-content\/uploads\/2025\/05\/cropped-TONO-96x96.jpg","url":"https:\/\/elcardinal.com\/wp-content\/uploads\/2025\/05\/cropped-TONO-96x96.jpg","contentUrl":"https:\/\/elcardinal.com\/wp-content\/uploads\/2025\/05\/cropped-TONO-96x96.jpg","caption":"Antonio Alcaraz"},"url":"https:\/\/elcardinal.com\/?author=2"}]}},"_links":{"self":[{"href":"https:\/\/elcardinal.com\/index.php?rest_route=\/wp\/v2\/posts\/6830","targetHints":{"allow":["GET"]}}],"collection":[{"href":"https:\/\/elcardinal.com\/index.php?rest_route=\/wp\/v2\/posts"}],"about":[{"href":"https:\/\/elcardinal.com\/index.php?rest_route=\/wp\/v2\/types\/post"}],"author":[{"embeddable":true,"href":"https:\/\/elcardinal.com\/index.php?rest_route=\/wp\/v2\/users\/2"}],"replies":[{"embeddable":true,"href":"https:\/\/elcardinal.com\/index.php?rest_route=%2Fwp%2Fv2%2Fcomments&post=6830"}],"version-history":[{"count":1,"href":"https:\/\/elcardinal.com\/index.php?rest_route=\/wp\/v2\/posts\/6830\/revisions"}],"predecessor-version":[{"id":6832,"href":"https:\/\/elcardinal.com\/index.php?rest_route=\/wp\/v2\/posts\/6830\/revisions\/6832"}],"wp:featuredmedia":[{"embeddable":true,"href":"https:\/\/elcardinal.com\/index.php?rest_route=\/wp\/v2\/media\/6831"}],"wp:attachment":[{"href":"https:\/\/elcardinal.com\/index.php?rest_route=%2Fwp%2Fv2%2Fmedia&parent=6830"}],"wp:term":[{"taxonomy":"category","embeddable":true,"href":"https:\/\/elcardinal.com\/index.php?rest_route=%2Fwp%2Fv2%2Fcategories&post=6830"},{"taxonomy":"post_tag","embeddable":true,"href":"https:\/\/elcardinal.com\/index.php?rest_route=%2Fwp%2Fv2%2Ftags&post=6830"}],"curies":[{"name":"wp","href":"https:\/\/api.w.org\/{rel}","templated":true}]}}