{"id":6833,"date":"2026-08-27T17:03:53","date_gmt":"2026-08-27T23:03:53","guid":{"rendered":"https:\/\/elcardinal.com\/?p=6833"},"modified":"2026-08-27T17:03:53","modified_gmt":"2026-08-27T23:03:53","slug":"fortalece-seph-la-evaluacion-de-aprendizajes-para-mejorar-la-practica-educativa","status":"publish","type":"post","link":"https:\/\/elcardinal.com\/?p=6833","title":{"rendered":"Fortalece SEPH la evaluaci\u00f3n de aprendizajes para mejorar la pr\u00e1ctica educativa"},"content":{"rendered":"<p><b>Redacci\u00f3n\u00a0<\/b><\/p>\n<p><span style=\"font-weight: 400;\">La Secretar\u00eda de Educaci\u00f3n P\u00fablica de Hidalgo (SEPH) fortalece la capacitaci\u00f3n y actualizaci\u00f3n del personal docente mediante los Ejercicios Integradores del Aprendizaje (EIA), procesos formativos alineados con los retos que enfrentan las escuelas y orientados a mejorar la pr\u00e1ctica educativa en el aula.<\/span><\/p>\n<p><span style=\"font-weight: 400;\">Los EIA permiten identificar conocimientos, habilidades y actitudes que las y los estudiantes ponen en pr\u00e1ctica para resolver situaciones concretas, vinculadas con su contexto escolar y con los principios de la Nueva Escuela Mexicana.<\/span><\/p>\n<p><span style=\"font-weight: 400;\">Esta evaluaci\u00f3n sirve para monitorear los aprendizajes de las y los estudiantes, identificar fortalezas y \u00e1reas de oportunidad para orientar la planeaci\u00f3n docente, fortalecer la retroalimentaci\u00f3n y definir acciones que contribuyan a consolidar los aprendizajes necesarios para continuar con \u00e9xito la trayectoria educativa de las y los alumnos.<\/span><\/p>\n<p><span style=\"font-weight: 400;\">Durante el ciclo escolar 2025\u20132026, Hidalgo realiz\u00f3 este diagn\u00f3stico en todos los niveles de educaci\u00f3n b\u00e1sica, con la participaci\u00f3n de 3 mil 220 escuelas y 379 mil estudiantes.<\/span><\/p>\n<p><span style=\"font-weight: 400;\">Entre los resultados destaca segundo grado de primaria, que presenta uno de los niveles m\u00e1s altos de avance con m\u00e1s del 85 por ciento del alumnado en una trayectoria favorable de aprendizaje.<\/span><\/p>\n<p><span style=\"font-weight: 400;\">Si bien se identifican algunos retos acad\u00e9micos en tercero y quinto grados de primaria, sexto grado muestra avances importantes en los distintos campos formativos, lo que contribuye a fortalecer la transici\u00f3n de las y los estudiantes hacia secundaria.<\/span><\/p>\n<p><span style=\"font-weight: 400;\">En segundo grado de secundaria tambi\u00e9n se observan avances respecto al ingreso a este nivel, con una consolidaci\u00f3n de las competencias acad\u00e9micas y socioemocionales.<\/span><\/p>\n<p><span style=\"font-weight: 400;\">Por otra parte, las habilidades socioemocionales constituyen una fortaleza del sistema educativo estatal. La colaboraci\u00f3n, la convivencia, la participaci\u00f3n y el sentido comunitario destacan a lo largo de la educaci\u00f3n b\u00e1sica, en concordancia con el trabajo que desarrolla la Direcci\u00f3n General de Acompa\u00f1amiento Socioemocional y Educativo.<\/span><\/p>\n<p><span style=\"font-weight: 400;\">El secretario de Educaci\u00f3n P\u00fablica de Hidalgo, Natividad Castrej\u00f3n Valdez, destac\u00f3 que los Ejercicios Integradores del Aprendizaje tienen una visi\u00f3n humanista y su prop\u00f3sito es contar con informaci\u00f3n que permita reconocer fortalezas, identificar \u00e1reas de oportunidad y tomar decisiones que contribuyan a mejorar los aprendizajes de las y los estudiantes.<\/span><\/p>\n<p><span style=\"font-weight: 400;\">De esta manera, la evaluaci\u00f3n se consolida como una herramienta para acompa\u00f1ar el trabajo docente y fortalecer las estrategias educativas de acuerdo con las necesidades de cada comunidad escolar en beneficio de las y los estudiantes.<\/span><\/p>\n","protected":false},"excerpt":{"rendered":"<p>Redacci\u00f3n\u00a0 La Secretar\u00eda de Educaci\u00f3n P\u00fablica de Hidalgo (SEPH) fortalece la capacitaci\u00f3n y actualizaci\u00f3n del personal docente mediante los Ejercicios Integradores del Aprendizaje (EIA), procesos formativos alineados con los retos que enfrentan las escuelas y orientados a mejorar la pr\u00e1ctica educativa en el aula. Los EIA permiten identificar conocimientos, habilidades y actitudes que las y<\/p>\n","protected":false},"author":2,"featured_media":6834,"comment_status":"open","ping_status":"open","sticky":false,"template":"","format":"standard","meta":{"footnotes":""},"categories":[404,31,44],"tags":[],"class_list":["post-6833","post","type-post","status-publish","format-standard","has-post-thumbnail","category-educacion","category-hidalgo","category-minuto-a-minuto"],"yoast_head":"<!-- This site is optimized with the Yoast SEO plugin v28.0 - https:\/\/yoast.com\/product\/yoast-seo-wordpress\/ -->\n<title>Fortalece SEPH la evaluaci\u00f3n de aprendizajes para mejorar la pr\u00e1ctica educativa - El Cardinal<\/title>\n<meta name=\"robots\" content=\"index, follow, max-snippet:-1, max-image-preview:large, max-video-preview:-1\" \/>\n<link rel=\"canonical\" href=\"https:\/\/elcardinal.com\/?p=6833\" \/>\n<meta property=\"og:locale\" content=\"es_MX\" \/>\n<meta property=\"og:type\" content=\"article\" \/>\n<meta property=\"og:title\" content=\"Fortalece SEPH la evaluaci\u00f3n de aprendizajes para mejorar la pr\u00e1ctica educativa - El Cardinal\" \/>\n<meta property=\"og:description\" content=\"Redacci\u00f3n\u00a0 La Secretar\u00eda de Educaci\u00f3n P\u00fablica de Hidalgo (SEPH) fortalece la capacitaci\u00f3n y actualizaci\u00f3n del personal docente mediante los Ejercicios Integradores del Aprendizaje (EIA), procesos formativos alineados con los retos que enfrentan las escuelas y orientados a mejorar la pr\u00e1ctica educativa en el aula. Los EIA permiten identificar conocimientos, habilidades y actitudes que las y\" \/>\n<meta property=\"og:url\" content=\"https:\/\/elcardinal.com\/?p=6833\" \/>\n<meta property=\"og:site_name\" content=\"El Cardinal\" \/>\n<meta property=\"article:publisher\" content=\"https:\/\/www.facebook.com\/profile.php?id=100063093107011\" \/>\n<meta property=\"article:published_time\" content=\"2026-08-27T23:03:53+00:00\" \/>\n<meta property=\"og:image\" content=\"https:\/\/elcardinal.com\/wp-content\/uploads\/2026\/08\/Fortalece-SEPH-la-evaluacion-de-aprendizajes-para-mejorar-la-practica-educativa-2.jpeg\" \/>\n\t<meta property=\"og:image:width\" content=\"1600\" \/>\n\t<meta property=\"og:image:height\" content=\"1066\" \/>\n\t<meta property=\"og:image:type\" content=\"image\/jpeg\" \/>\n<meta name=\"author\" content=\"Antonio Alcaraz\" \/>\n<meta name=\"twitter:card\" content=\"summary_large_image\" \/>\n<meta name=\"twitter:creator\" content=\"@ElCardinal_Mx\" \/>\n<meta name=\"twitter:site\" content=\"@ElCardinal_Mx\" \/>\n<meta name=\"twitter:label1\" content=\"Escrito por\" \/>\n\t<meta name=\"twitter:data1\" content=\"Antonio Alcaraz\" \/>\n\t<meta name=\"twitter:label2\" content=\"Tiempo de lectura\" \/>\n\t<meta name=\"twitter:data2\" content=\"2 minutos\" \/>\n<script type=\"application\/ld+json\" class=\"yoast-schema-graph\">{\"@context\":\"https:\\\/\\\/schema.org\",\"@graph\":[{\"@type\":\"Article\",\"@id\":\"https:\\\/\\\/elcardinal.com\\\/?p=6833#article\",\"isPartOf\":{\"@id\":\"https:\\\/\\\/elcardinal.com\\\/?p=6833\"},\"author\":{\"name\":\"Antonio Alcaraz\",\"@id\":\"https:\\\/\\\/elcardinal.com\\\/#\\\/schema\\\/person\\\/3c352ec0a33987fe275c0e8a2ea69f8b\"},\"headline\":\"Fortalece SEPH la evaluaci\u00f3n de aprendizajes para mejorar la pr\u00e1ctica educativa\",\"datePublished\":\"2026-08-27T23:03:53+00:00\",\"mainEntityOfPage\":{\"@id\":\"https:\\\/\\\/elcardinal.com\\\/?p=6833\"},\"wordCount\":424,\"commentCount\":0,\"publisher\":{\"@id\":\"https:\\\/\\\/elcardinal.com\\\/#organization\"},\"image\":{\"@id\":\"https:\\\/\\\/elcardinal.com\\\/?p=6833#primaryimage\"},\"thumbnailUrl\":\"https:\\\/\\\/elcardinal.com\\\/wp-content\\\/uploads\\\/2026\\\/08\\\/Fortalece-SEPH-la-evaluacion-de-aprendizajes-para-mejorar-la-practica-educativa-2.jpeg\",\"articleSection\":[\"Educaci\u00f3n\",\"Hidalgo\",\"Minuto a Minuto\"],\"inLanguage\":\"es\",\"potentialAction\":[{\"@type\":\"CommentAction\",\"name\":\"Comment\",\"target\":[\"https:\\\/\\\/elcardinal.com\\\/?p=6833#respond\"]}]},{\"@type\":\"WebPage\",\"@id\":\"https:\\\/\\\/elcardinal.com\\\/?p=6833\",\"url\":\"https:\\\/\\\/elcardinal.com\\\/?p=6833\",\"name\":\"Fortalece SEPH la evaluaci\u00f3n de aprendizajes para mejorar la pr\u00e1ctica educativa - El Cardinal\",\"isPartOf\":{\"@id\":\"https:\\\/\\\/elcardinal.com\\\/#website\"},\"primaryImageOfPage\":{\"@id\":\"https:\\\/\\\/elcardinal.com\\\/?p=6833#primaryimage\"},\"image\":{\"@id\":\"https:\\\/\\\/elcardinal.com\\\/?p=6833#primaryimage\"},\"thumbnailUrl\":\"https:\\\/\\\/elcardinal.com\\\/wp-content\\\/uploads\\\/2026\\\/08\\\/Fortalece-SEPH-la-evaluacion-de-aprendizajes-para-mejorar-la-practica-educativa-2.jpeg\",\"datePublished\":\"2026-08-27T23:03:53+00:00\",\"breadcrumb\":{\"@id\":\"https:\\\/\\\/elcardinal.com\\\/?p=6833#breadcrumb\"},\"inLanguage\":\"es\",\"potentialAction\":[{\"@type\":\"ReadAction\",\"target\":[\"https:\\\/\\\/elcardinal.com\\\/?p=6833\"]}]},{\"@type\":\"ImageObject\",\"inLanguage\":\"es\",\"@id\":\"https:\\\/\\\/elcardinal.com\\\/?p=6833#primaryimage\",\"url\":\"https:\\\/\\\/elcardinal.com\\\/wp-content\\\/uploads\\\/2026\\\/08\\\/Fortalece-SEPH-la-evaluacion-de-aprendizajes-para-mejorar-la-practica-educativa-2.jpeg\",\"contentUrl\":\"https:\\\/\\\/elcardinal.com\\\/wp-content\\\/uploads\\\/2026\\\/08\\\/Fortalece-SEPH-la-evaluacion-de-aprendizajes-para-mejorar-la-practica-educativa-2.jpeg\",\"width\":1600,\"height\":1066},{\"@type\":\"BreadcrumbList\",\"@id\":\"https:\\\/\\\/elcardinal.com\\\/?p=6833#breadcrumb\",\"itemListElement\":[{\"@type\":\"ListItem\",\"position\":1,\"name\":\"Inicio\",\"item\":\"https:\\\/\\\/elcardinal.com\\\/\"},{\"@type\":\"ListItem\",\"position\":2,\"name\":\"Fortalece SEPH la evaluaci\u00f3n de aprendizajes para mejorar la pr\u00e1ctica educativa\"}]},{\"@type\":\"WebSite\",\"@id\":\"https:\\\/\\\/elcardinal.com\\\/#website\",\"url\":\"https:\\\/\\\/elcardinal.com\\\/\",\"name\":\"El Cardinal\",\"description\":\"Periodismo honesto, con valor, sentido humano, a veces sarc\u00e1stico y divertido.\",\"publisher\":{\"@id\":\"https:\\\/\\\/elcardinal.com\\\/#organization\"},\"alternateName\":\"El Cardinal Noticias\",\"potentialAction\":[{\"@type\":\"SearchAction\",\"target\":{\"@type\":\"EntryPoint\",\"urlTemplate\":\"https:\\\/\\\/elcardinal.com\\\/?s={search_term_string}\"},\"query-input\":{\"@type\":\"PropertyValueSpecification\",\"valueRequired\":true,\"valueName\":\"search_term_string\"}}],\"inLanguage\":\"es\"},{\"@type\":\"Organization\",\"@id\":\"https:\\\/\\\/elcardinal.com\\\/#organization\",\"name\":\"El Cardinal\",\"url\":\"https:\\\/\\\/elcardinal.com\\\/\",\"logo\":{\"@type\":\"ImageObject\",\"inLanguage\":\"es\",\"@id\":\"https:\\\/\\\/elcardinal.com\\\/#\\\/schema\\\/logo\\\/image\\\/\",\"url\":\"https:\\\/\\\/elcardinal.com\\\/wp-content\\\/uploads\\\/2025\\\/04\\\/LOGO-EL-CARDINAL-Periodismo-con-valor.png\",\"contentUrl\":\"https:\\\/\\\/elcardinal.com\\\/wp-content\\\/uploads\\\/2025\\\/04\\\/LOGO-EL-CARDINAL-Periodismo-con-valor.png\",\"width\":755,\"height\":636,\"caption\":\"El Cardinal\"},\"image\":{\"@id\":\"https:\\\/\\\/elcardinal.com\\\/#\\\/schema\\\/logo\\\/image\\\/\"},\"sameAs\":[\"https:\\\/\\\/www.facebook.com\\\/profile.php?id=100063093107011\",\"https:\\\/\\\/x.com\\\/ElCardinal_Mx\"]},{\"@type\":\"Person\",\"@id\":\"https:\\\/\\\/elcardinal.com\\\/#\\\/schema\\\/person\\\/3c352ec0a33987fe275c0e8a2ea69f8b\",\"name\":\"Antonio Alcaraz\",\"image\":{\"@type\":\"ImageObject\",\"inLanguage\":\"es\",\"@id\":\"https:\\\/\\\/elcardinal.com\\\/wp-content\\\/uploads\\\/2025\\\/05\\\/cropped-TONO-96x96.jpg\",\"url\":\"https:\\\/\\\/elcardinal.com\\\/wp-content\\\/uploads\\\/2025\\\/05\\\/cropped-TONO-96x96.jpg\",\"contentUrl\":\"https:\\\/\\\/elcardinal.com\\\/wp-content\\\/uploads\\\/2025\\\/05\\\/cropped-TONO-96x96.jpg\",\"caption\":\"Antonio Alcaraz\"},\"url\":\"https:\\\/\\\/elcardinal.com\\\/?author=2\"}]}<\/script>\n<!-- \/ Yoast SEO plugin. -->","yoast_head_json":{"title":"Fortalece SEPH la evaluaci\u00f3n de aprendizajes para mejorar la pr\u00e1ctica educativa - El Cardinal","robots":{"index":"index","follow":"follow","max-snippet":"max-snippet:-1","max-image-preview":"max-image-preview:large","max-video-preview":"max-video-preview:-1"},"canonical":"https:\/\/elcardinal.com\/?p=6833","og_locale":"es_MX","og_type":"article","og_title":"Fortalece SEPH la evaluaci\u00f3n de aprendizajes para mejorar la pr\u00e1ctica educativa - El Cardinal","og_description":"Redacci\u00f3n\u00a0 La Secretar\u00eda de Educaci\u00f3n P\u00fablica de Hidalgo (SEPH) fortalece la capacitaci\u00f3n y actualizaci\u00f3n del personal docente mediante los Ejercicios Integradores del Aprendizaje (EIA), procesos formativos alineados con los retos que enfrentan las escuelas y orientados a mejorar la pr\u00e1ctica educativa en el aula. Los EIA permiten identificar conocimientos, habilidades y actitudes que las y","og_url":"https:\/\/elcardinal.com\/?p=6833","og_site_name":"El Cardinal","article_publisher":"https:\/\/www.facebook.com\/profile.php?id=100063093107011","article_published_time":"2026-08-27T23:03:53+00:00","og_image":[{"width":1600,"height":1066,"url":"https:\/\/elcardinal.com\/wp-content\/uploads\/2026\/08\/Fortalece-SEPH-la-evaluacion-de-aprendizajes-para-mejorar-la-practica-educativa-2.jpeg","type":"image\/jpeg"}],"author":"Antonio Alcaraz","twitter_card":"summary_large_image","twitter_creator":"@ElCardinal_Mx","twitter_site":"@ElCardinal_Mx","twitter_misc":{"Escrito por":"Antonio Alcaraz","Tiempo de lectura":"2 minutos"},"schema":{"@context":"https:\/\/schema.org","@graph":[{"@type":"Article","@id":"https:\/\/elcardinal.com\/?p=6833#article","isPartOf":{"@id":"https:\/\/elcardinal.com\/?p=6833"},"author":{"name":"Antonio Alcaraz","@id":"https:\/\/elcardinal.com\/#\/schema\/person\/3c352ec0a33987fe275c0e8a2ea69f8b"},"headline":"Fortalece SEPH la evaluaci\u00f3n de aprendizajes para mejorar la pr\u00e1ctica educativa","datePublished":"2026-08-27T23:03:53+00:00","mainEntityOfPage":{"@id":"https:\/\/elcardinal.com\/?p=6833"},"wordCount":424,"commentCount":0,"publisher":{"@id":"https:\/\/elcardinal.com\/#organization"},"image":{"@id":"https:\/\/elcardinal.com\/?p=6833#primaryimage"},"thumbnailUrl":"https:\/\/elcardinal.com\/wp-content\/uploads\/2026\/08\/Fortalece-SEPH-la-evaluacion-de-aprendizajes-para-mejorar-la-practica-educativa-2.jpeg","articleSection":["Educaci\u00f3n","Hidalgo","Minuto a Minuto"],"inLanguage":"es","potentialAction":[{"@type":"CommentAction","name":"Comment","target":["https:\/\/elcardinal.com\/?p=6833#respond"]}]},{"@type":"WebPage","@id":"https:\/\/elcardinal.com\/?p=6833","url":"https:\/\/elcardinal.com\/?p=6833","name":"Fortalece SEPH la evaluaci\u00f3n de aprendizajes para mejorar la pr\u00e1ctica educativa - El Cardinal","isPartOf":{"@id":"https:\/\/elcardinal.com\/#website"},"primaryImageOfPage":{"@id":"https:\/\/elcardinal.com\/?p=6833#primaryimage"},"image":{"@id":"https:\/\/elcardinal.com\/?p=6833#primaryimage"},"thumbnailUrl":"https:\/\/elcardinal.com\/wp-content\/uploads\/2026\/08\/Fortalece-SEPH-la-evaluacion-de-aprendizajes-para-mejorar-la-practica-educativa-2.jpeg","datePublished":"2026-08-27T23:03:53+00:00","breadcrumb":{"@id":"https:\/\/elcardinal.com\/?p=6833#breadcrumb"},"inLanguage":"es","potentialAction":[{"@type":"ReadAction","target":["https:\/\/elcardinal.com\/?p=6833"]}]},{"@type":"ImageObject","inLanguage":"es","@id":"https:\/\/elcardinal.com\/?p=6833#primaryimage","url":"https:\/\/elcardinal.com\/wp-content\/uploads\/2026\/08\/Fortalece-SEPH-la-evaluacion-de-aprendizajes-para-mejorar-la-practica-educativa-2.jpeg","contentUrl":"https:\/\/elcardinal.com\/wp-content\/uploads\/2026\/08\/Fortalece-SEPH-la-evaluacion-de-aprendizajes-para-mejorar-la-practica-educativa-2.jpeg","width":1600,"height":1066},{"@type":"BreadcrumbList","@id":"https:\/\/elcardinal.com\/?p=6833#breadcrumb","itemListElement":[{"@type":"ListItem","position":1,"name":"Inicio","item":"https:\/\/elcardinal.com\/"},{"@type":"ListItem","position":2,"name":"Fortalece SEPH la evaluaci\u00f3n de aprendizajes para mejorar la pr\u00e1ctica educativa"}]},{"@type":"WebSite","@id":"https:\/\/elcardinal.com\/#website","url":"https:\/\/elcardinal.com\/","name":"El Cardinal","description":"Periodismo honesto, con valor, sentido humano, a veces sarc\u00e1stico y divertido.","publisher":{"@id":"https:\/\/elcardinal.com\/#organization"},"alternateName":"El Cardinal Noticias","potentialAction":[{"@type":"SearchAction","target":{"@type":"EntryPoint","urlTemplate":"https:\/\/elcardinal.com\/?s={search_term_string}"},"query-input":{"@type":"PropertyValueSpecification","valueRequired":true,"valueName":"search_term_string"}}],"inLanguage":"es"},{"@type":"Organization","@id":"https:\/\/elcardinal.com\/#organization","name":"El Cardinal","url":"https:\/\/elcardinal.com\/","logo":{"@type":"ImageObject","inLanguage":"es","@id":"https:\/\/elcardinal.com\/#\/schema\/logo\/image\/","url":"https:\/\/elcardinal.com\/wp-content\/uploads\/2025\/04\/LOGO-EL-CARDINAL-Periodismo-con-valor.png","contentUrl":"https:\/\/elcardinal.com\/wp-content\/uploads\/2025\/04\/LOGO-EL-CARDINAL-Periodismo-con-valor.png","width":755,"height":636,"caption":"El Cardinal"},"image":{"@id":"https:\/\/elcardinal.com\/#\/schema\/logo\/image\/"},"sameAs":["https:\/\/www.facebook.com\/profile.php?id=100063093107011","https:\/\/x.com\/ElCardinal_Mx"]},{"@type":"Person","@id":"https:\/\/elcardinal.com\/#\/schema\/person\/3c352ec0a33987fe275c0e8a2ea69f8b","name":"Antonio Alcaraz","image":{"@type":"ImageObject","inLanguage":"es","@id":"https:\/\/elcardinal.com\/wp-content\/uploads\/2025\/05\/cropped-TONO-96x96.jpg","url":"https:\/\/elcardinal.com\/wp-content\/uploads\/2025\/05\/cropped-TONO-96x96.jpg","contentUrl":"https:\/\/elcardinal.com\/wp-content\/uploads\/2025\/05\/cropped-TONO-96x96.jpg","caption":"Antonio Alcaraz"},"url":"https:\/\/elcardinal.com\/?author=2"}]}},"_links":{"self":[{"href":"https:\/\/elcardinal.com\/index.php?rest_route=\/wp\/v2\/posts\/6833","targetHints":{"allow":["GET"]}}],"collection":[{"href":"https:\/\/elcardinal.com\/index.php?rest_route=\/wp\/v2\/posts"}],"about":[{"href":"https:\/\/elcardinal.com\/index.php?rest_route=\/wp\/v2\/types\/post"}],"author":[{"embeddable":true,"href":"https:\/\/elcardinal.com\/index.php?rest_route=\/wp\/v2\/users\/2"}],"replies":[{"embeddable":true,"href":"https:\/\/elcardinal.com\/index.php?rest_route=%2Fwp%2Fv2%2Fcomments&post=6833"}],"version-history":[{"count":1,"href":"https:\/\/elcardinal.com\/index.php?rest_route=\/wp\/v2\/posts\/6833\/revisions"}],"predecessor-version":[{"id":6835,"href":"https:\/\/elcardinal.com\/index.php?rest_route=\/wp\/v2\/posts\/6833\/revisions\/6835"}],"wp:featuredmedia":[{"embeddable":true,"href":"https:\/\/elcardinal.com\/index.php?rest_route=\/wp\/v2\/media\/6834"}],"wp:attachment":[{"href":"https:\/\/elcardinal.com\/index.php?rest_route=%2Fwp%2Fv2%2Fmedia&parent=6833"}],"wp:term":[{"taxonomy":"category","embeddable":true,"href":"https:\/\/elcardinal.com\/index.php?rest_route=%2Fwp%2Fv2%2Fcategories&post=6833"},{"taxonomy":"post_tag","embeddable":true,"href":"https:\/\/elcardinal.com\/index.php?rest_route=%2Fwp%2Fv2%2Ftags&post=6833"}],"curies":[{"name":"wp","href":"https:\/\/api.w.org\/{rel}","templated":true}]}}