{"id":6836,"date":"2026-08-26T17:16:52","date_gmt":"2026-08-26T23:16:52","guid":{"rendered":"https:\/\/elcardinal.com\/?p=6836"},"modified":"2026-08-27T17:17:30","modified_gmt":"2026-08-27T23:17:30","slug":"seph-consolida-la-planeacion-academica-para-el-ciclo-escolar-2026-2027","status":"publish","type":"post","link":"https:\/\/elcardinal.com\/?p=6836","title":{"rendered":"SEPH consolida la planeaci\u00f3n acad\u00e9mica para el ciclo escolar 2026-2027"},"content":{"rendered":"<p>Redacci\u00f3n<\/p>\n<p><span style=\"font-weight: 400;\">De cara al ciclo escolar 2026-2027, la Secretar\u00eda de Educaci\u00f3n P\u00fablica de Hidalgo (SEPH) fortalece la coordinaci\u00f3n y planeaci\u00f3n acad\u00e9mica de la educaci\u00f3n b\u00e1sica, mediante acciones orientadas a acompa\u00f1ar el trabajo de las comunidades educativas en el estado.\u00a0<\/span><\/p>\n<p><span style=\"font-weight: 400;\">En representaci\u00f3n del secretario de la SEPH, Natividad Castrej\u00f3n Valdez, la subsecretaria de Educaci\u00f3n B\u00e1sica, Nancy Adriana Le\u00f3n Vite, particip\u00f3 en una Reuni\u00f3n Estatal del Consejo T\u00e9cnico Escolar (CTE), en su fase intensiva, con la participaci\u00f3n de subdirectoras y subdirectores acad\u00e9micos de los distintos niveles de educaci\u00f3n b\u00e1sica.<\/span><\/p>\n<p><span style=\"font-weight: 400;\">El encuentro permiti\u00f3 revisar y articular las acciones que acompa\u00f1ar\u00e1n el trabajo de las comunidades educativas durante el nuevo ciclo escolar, con \u00e9nfasis en la organizaci\u00f3n, planeaci\u00f3n acad\u00e9mica, aprendizaje y bienestar de las y los estudiantes.<\/span><\/p>\n<p><span style=\"font-weight: 400;\">Durante la jornada se analizaron temas prioritarios como la Gu\u00eda Operativa para la Organizaci\u00f3n y Funcionamiento de las Escuelas, los Ejercicios Integradores del Aprendizaje, encuestas nacionales, maratones de lectura, jornadas nacionales por la paz y contra las adicciones, as\u00ed como el Sistema de Alerta Temprana (SisAT).<\/span><\/p>\n<p><span style=\"font-weight: 400;\">Tambi\u00e9n se revisaron las estrategias nacionales \u201cVive Saludable, Vive Feliz\u201d, \u201cEl ABC de las Emociones\u201d y \u201cEl Emocionario\u201d, adem\u00e1s de acciones para fortalecer la prevenci\u00f3n del abuso sexual y el maltrato infantil, con el prop\u00f3sito de contribuir a la construcci\u00f3n de entornos escolares seguros, saludables y favorables para el desarrollo integral de ni\u00f1as, ni\u00f1os y adolescentes.<\/span><\/p>\n<p><span style=\"font-weight: 400;\">La reuni\u00f3n fue coordinada con la Direcci\u00f3n General de Educaci\u00f3n B\u00e1sica, a cargo de Leobardo Cano Albarr\u00e1n, y conducida por la directora de Operaci\u00f3n para la Mejora Continua de la Educaci\u00f3n, Grissel Mart\u00ednez Aguilar.<\/span><\/p>\n<p><span style=\"font-weight: 400;\">Con estas acciones, la SEPH fortalece la coordinaci\u00f3n entre las distintas \u00e1reas y niveles de educaci\u00f3n b\u00e1sica para consolidar una planeaci\u00f3n acad\u00e9mica que contribuya al aprendizaje, bienestar y desarrollo integral de las comunidades educativas de Hidalgo durante el ciclo escolar 2026-2027.<\/span><\/p>\n<p><span style=\"font-weight: 400;\">En los trabajos participaron la titular de la Unidad de Gesti\u00f3n T\u00e9cnica, Claudia Huerta Ruiz; el director general de Acompa\u00f1amiento Socioemocional y Educativo, Samuel Nava Alc\u00e1ntara y el enlace de Vida Saludable de la Subsecretar\u00eda de Educaci\u00f3n B\u00e1sica, Aurorita Fernanda Reyes Oropeza.<\/span><\/p>\n","protected":false},"excerpt":{"rendered":"<p>Redacci\u00f3n De cara al ciclo escolar 2026-2027, la Secretar\u00eda de Educaci\u00f3n P\u00fablica de Hidalgo (SEPH) fortalece la coordinaci\u00f3n y planeaci\u00f3n acad\u00e9mica de la educaci\u00f3n b\u00e1sica, mediante acciones orientadas a acompa\u00f1ar el trabajo de las comunidades educativas en el estado.\u00a0 En representaci\u00f3n del secretario de la SEPH, Natividad Castrej\u00f3n Valdez, la subsecretaria de Educaci\u00f3n B\u00e1sica, Nancy<\/p>\n","protected":false},"author":2,"featured_media":6837,"comment_status":"open","ping_status":"open","sticky":false,"template":"","format":"standard","meta":{"footnotes":""},"categories":[404,31,44],"tags":[],"class_list":["post-6836","post","type-post","status-publish","format-standard","has-post-thumbnail","category-educacion","category-hidalgo","category-minuto-a-minuto"],"yoast_head":"<!-- This site is optimized with the Yoast SEO plugin v28.0 - https:\/\/yoast.com\/product\/yoast-seo-wordpress\/ -->\n<title>SEPH consolida la planeaci\u00f3n acad\u00e9mica para el ciclo escolar 2026-2027 - El Cardinal<\/title>\n<meta name=\"robots\" content=\"index, follow, max-snippet:-1, max-image-preview:large, max-video-preview:-1\" \/>\n<link rel=\"canonical\" href=\"https:\/\/elcardinal.com\/?p=6836\" \/>\n<meta property=\"og:locale\" content=\"es_MX\" \/>\n<meta property=\"og:type\" content=\"article\" \/>\n<meta property=\"og:title\" content=\"SEPH consolida la planeaci\u00f3n acad\u00e9mica para el ciclo escolar 2026-2027 - El Cardinal\" \/>\n<meta property=\"og:description\" content=\"Redacci\u00f3n De cara al ciclo escolar 2026-2027, la Secretar\u00eda de Educaci\u00f3n P\u00fablica de Hidalgo (SEPH) fortalece la coordinaci\u00f3n y planeaci\u00f3n acad\u00e9mica de la educaci\u00f3n b\u00e1sica, mediante acciones orientadas a acompa\u00f1ar el trabajo de las comunidades educativas en el estado.\u00a0 En representaci\u00f3n del secretario de la SEPH, Natividad Castrej\u00f3n Valdez, la subsecretaria de Educaci\u00f3n B\u00e1sica, Nancy\" \/>\n<meta property=\"og:url\" content=\"https:\/\/elcardinal.com\/?p=6836\" \/>\n<meta property=\"og:site_name\" content=\"El Cardinal\" \/>\n<meta property=\"article:publisher\" content=\"https:\/\/www.facebook.com\/profile.php?id=100063093107011\" \/>\n<meta property=\"article:published_time\" content=\"2026-08-26T23:16:52+00:00\" \/>\n<meta property=\"article:modified_time\" content=\"2026-08-27T23:17:30+00:00\" \/>\n<meta property=\"og:image\" content=\"https:\/\/elcardinal.com\/wp-content\/uploads\/2026\/08\/SEPH-consolida-la-planeacion-academica-para-el-ciclo-escolar-2026-2027.jpeg\" \/>\n\t<meta property=\"og:image:width\" content=\"1600\" \/>\n\t<meta property=\"og:image:height\" content=\"768\" \/>\n\t<meta property=\"og:image:type\" content=\"image\/jpeg\" \/>\n<meta name=\"author\" content=\"Antonio Alcaraz\" \/>\n<meta name=\"twitter:card\" content=\"summary_large_image\" \/>\n<meta name=\"twitter:creator\" content=\"@ElCardinal_Mx\" \/>\n<meta name=\"twitter:site\" content=\"@ElCardinal_Mx\" \/>\n<meta name=\"twitter:label1\" content=\"Escrito por\" \/>\n\t<meta name=\"twitter:data1\" content=\"Antonio Alcaraz\" \/>\n\t<meta name=\"twitter:label2\" content=\"Tiempo de lectura\" \/>\n\t<meta name=\"twitter:data2\" content=\"2 minutos\" \/>\n<script type=\"application\/ld+json\" class=\"yoast-schema-graph\">{\"@context\":\"https:\\\/\\\/schema.org\",\"@graph\":[{\"@type\":\"Article\",\"@id\":\"https:\\\/\\\/elcardinal.com\\\/?p=6836#article\",\"isPartOf\":{\"@id\":\"https:\\\/\\\/elcardinal.com\\\/?p=6836\"},\"author\":{\"name\":\"Antonio Alcaraz\",\"@id\":\"https:\\\/\\\/elcardinal.com\\\/#\\\/schema\\\/person\\\/3c352ec0a33987fe275c0e8a2ea69f8b\"},\"headline\":\"SEPH consolida la planeaci\u00f3n acad\u00e9mica para el ciclo escolar 2026-2027\",\"datePublished\":\"2026-08-26T23:16:52+00:00\",\"dateModified\":\"2026-08-27T23:17:30+00:00\",\"mainEntityOfPage\":{\"@id\":\"https:\\\/\\\/elcardinal.com\\\/?p=6836\"},\"wordCount\":409,\"commentCount\":0,\"publisher\":{\"@id\":\"https:\\\/\\\/elcardinal.com\\\/#organization\"},\"image\":{\"@id\":\"https:\\\/\\\/elcardinal.com\\\/?p=6836#primaryimage\"},\"thumbnailUrl\":\"https:\\\/\\\/elcardinal.com\\\/wp-content\\\/uploads\\\/2026\\\/08\\\/SEPH-consolida-la-planeacion-academica-para-el-ciclo-escolar-2026-2027.jpeg\",\"articleSection\":[\"Educaci\u00f3n\",\"Hidalgo\",\"Minuto a Minuto\"],\"inLanguage\":\"es\",\"potentialAction\":[{\"@type\":\"CommentAction\",\"name\":\"Comment\",\"target\":[\"https:\\\/\\\/elcardinal.com\\\/?p=6836#respond\"]}]},{\"@type\":\"WebPage\",\"@id\":\"https:\\\/\\\/elcardinal.com\\\/?p=6836\",\"url\":\"https:\\\/\\\/elcardinal.com\\\/?p=6836\",\"name\":\"SEPH consolida la planeaci\u00f3n acad\u00e9mica para el ciclo escolar 2026-2027 - El Cardinal\",\"isPartOf\":{\"@id\":\"https:\\\/\\\/elcardinal.com\\\/#website\"},\"primaryImageOfPage\":{\"@id\":\"https:\\\/\\\/elcardinal.com\\\/?p=6836#primaryimage\"},\"image\":{\"@id\":\"https:\\\/\\\/elcardinal.com\\\/?p=6836#primaryimage\"},\"thumbnailUrl\":\"https:\\\/\\\/elcardinal.com\\\/wp-content\\\/uploads\\\/2026\\\/08\\\/SEPH-consolida-la-planeacion-academica-para-el-ciclo-escolar-2026-2027.jpeg\",\"datePublished\":\"2026-08-26T23:16:52+00:00\",\"dateModified\":\"2026-08-27T23:17:30+00:00\",\"breadcrumb\":{\"@id\":\"https:\\\/\\\/elcardinal.com\\\/?p=6836#breadcrumb\"},\"inLanguage\":\"es\",\"potentialAction\":[{\"@type\":\"ReadAction\",\"target\":[\"https:\\\/\\\/elcardinal.com\\\/?p=6836\"]}]},{\"@type\":\"ImageObject\",\"inLanguage\":\"es\",\"@id\":\"https:\\\/\\\/elcardinal.com\\\/?p=6836#primaryimage\",\"url\":\"https:\\\/\\\/elcardinal.com\\\/wp-content\\\/uploads\\\/2026\\\/08\\\/SEPH-consolida-la-planeacion-academica-para-el-ciclo-escolar-2026-2027.jpeg\",\"contentUrl\":\"https:\\\/\\\/elcardinal.com\\\/wp-content\\\/uploads\\\/2026\\\/08\\\/SEPH-consolida-la-planeacion-academica-para-el-ciclo-escolar-2026-2027.jpeg\",\"width\":1600,\"height\":768},{\"@type\":\"BreadcrumbList\",\"@id\":\"https:\\\/\\\/elcardinal.com\\\/?p=6836#breadcrumb\",\"itemListElement\":[{\"@type\":\"ListItem\",\"position\":1,\"name\":\"Inicio\",\"item\":\"https:\\\/\\\/elcardinal.com\\\/\"},{\"@type\":\"ListItem\",\"position\":2,\"name\":\"SEPH consolida la planeaci\u00f3n acad\u00e9mica para el ciclo escolar 2026-2027\"}]},{\"@type\":\"WebSite\",\"@id\":\"https:\\\/\\\/elcardinal.com\\\/#website\",\"url\":\"https:\\\/\\\/elcardinal.com\\\/\",\"name\":\"El Cardinal\",\"description\":\"Periodismo honesto, con valor, sentido humano, a veces sarc\u00e1stico y divertido.\",\"publisher\":{\"@id\":\"https:\\\/\\\/elcardinal.com\\\/#organization\"},\"alternateName\":\"El Cardinal Noticias\",\"potentialAction\":[{\"@type\":\"SearchAction\",\"target\":{\"@type\":\"EntryPoint\",\"urlTemplate\":\"https:\\\/\\\/elcardinal.com\\\/?s={search_term_string}\"},\"query-input\":{\"@type\":\"PropertyValueSpecification\",\"valueRequired\":true,\"valueName\":\"search_term_string\"}}],\"inLanguage\":\"es\"},{\"@type\":\"Organization\",\"@id\":\"https:\\\/\\\/elcardinal.com\\\/#organization\",\"name\":\"El Cardinal\",\"url\":\"https:\\\/\\\/elcardinal.com\\\/\",\"logo\":{\"@type\":\"ImageObject\",\"inLanguage\":\"es\",\"@id\":\"https:\\\/\\\/elcardinal.com\\\/#\\\/schema\\\/logo\\\/image\\\/\",\"url\":\"https:\\\/\\\/elcardinal.com\\\/wp-content\\\/uploads\\\/2025\\\/04\\\/LOGO-EL-CARDINAL-Periodismo-con-valor.png\",\"contentUrl\":\"https:\\\/\\\/elcardinal.com\\\/wp-content\\\/uploads\\\/2025\\\/04\\\/LOGO-EL-CARDINAL-Periodismo-con-valor.png\",\"width\":755,\"height\":636,\"caption\":\"El Cardinal\"},\"image\":{\"@id\":\"https:\\\/\\\/elcardinal.com\\\/#\\\/schema\\\/logo\\\/image\\\/\"},\"sameAs\":[\"https:\\\/\\\/www.facebook.com\\\/profile.php?id=100063093107011\",\"https:\\\/\\\/x.com\\\/ElCardinal_Mx\"]},{\"@type\":\"Person\",\"@id\":\"https:\\\/\\\/elcardinal.com\\\/#\\\/schema\\\/person\\\/3c352ec0a33987fe275c0e8a2ea69f8b\",\"name\":\"Antonio Alcaraz\",\"image\":{\"@type\":\"ImageObject\",\"inLanguage\":\"es\",\"@id\":\"https:\\\/\\\/elcardinal.com\\\/wp-content\\\/uploads\\\/2025\\\/05\\\/cropped-TONO-96x96.jpg\",\"url\":\"https:\\\/\\\/elcardinal.com\\\/wp-content\\\/uploads\\\/2025\\\/05\\\/cropped-TONO-96x96.jpg\",\"contentUrl\":\"https:\\\/\\\/elcardinal.com\\\/wp-content\\\/uploads\\\/2025\\\/05\\\/cropped-TONO-96x96.jpg\",\"caption\":\"Antonio Alcaraz\"},\"url\":\"https:\\\/\\\/elcardinal.com\\\/?author=2\"}]}<\/script>\n<!-- \/ Yoast SEO plugin. -->","yoast_head_json":{"title":"SEPH consolida la planeaci\u00f3n acad\u00e9mica para el ciclo escolar 2026-2027 - El Cardinal","robots":{"index":"index","follow":"follow","max-snippet":"max-snippet:-1","max-image-preview":"max-image-preview:large","max-video-preview":"max-video-preview:-1"},"canonical":"https:\/\/elcardinal.com\/?p=6836","og_locale":"es_MX","og_type":"article","og_title":"SEPH consolida la planeaci\u00f3n acad\u00e9mica para el ciclo escolar 2026-2027 - El Cardinal","og_description":"Redacci\u00f3n De cara al ciclo escolar 2026-2027, la Secretar\u00eda de Educaci\u00f3n P\u00fablica de Hidalgo (SEPH) fortalece la coordinaci\u00f3n y planeaci\u00f3n acad\u00e9mica de la educaci\u00f3n b\u00e1sica, mediante acciones orientadas a acompa\u00f1ar el trabajo de las comunidades educativas en el estado.\u00a0 En representaci\u00f3n del secretario de la SEPH, Natividad Castrej\u00f3n Valdez, la subsecretaria de Educaci\u00f3n B\u00e1sica, Nancy","og_url":"https:\/\/elcardinal.com\/?p=6836","og_site_name":"El Cardinal","article_publisher":"https:\/\/www.facebook.com\/profile.php?id=100063093107011","article_published_time":"2026-08-26T23:16:52+00:00","article_modified_time":"2026-08-27T23:17:30+00:00","og_image":[{"width":1600,"height":768,"url":"https:\/\/elcardinal.com\/wp-content\/uploads\/2026\/08\/SEPH-consolida-la-planeacion-academica-para-el-ciclo-escolar-2026-2027.jpeg","type":"image\/jpeg"}],"author":"Antonio Alcaraz","twitter_card":"summary_large_image","twitter_creator":"@ElCardinal_Mx","twitter_site":"@ElCardinal_Mx","twitter_misc":{"Escrito por":"Antonio Alcaraz","Tiempo de lectura":"2 minutos"},"schema":{"@context":"https:\/\/schema.org","@graph":[{"@type":"Article","@id":"https:\/\/elcardinal.com\/?p=6836#article","isPartOf":{"@id":"https:\/\/elcardinal.com\/?p=6836"},"author":{"name":"Antonio Alcaraz","@id":"https:\/\/elcardinal.com\/#\/schema\/person\/3c352ec0a33987fe275c0e8a2ea69f8b"},"headline":"SEPH consolida la planeaci\u00f3n acad\u00e9mica para el ciclo escolar 2026-2027","datePublished":"2026-08-26T23:16:52+00:00","dateModified":"2026-08-27T23:17:30+00:00","mainEntityOfPage":{"@id":"https:\/\/elcardinal.com\/?p=6836"},"wordCount":409,"commentCount":0,"publisher":{"@id":"https:\/\/elcardinal.com\/#organization"},"image":{"@id":"https:\/\/elcardinal.com\/?p=6836#primaryimage"},"thumbnailUrl":"https:\/\/elcardinal.com\/wp-content\/uploads\/2026\/08\/SEPH-consolida-la-planeacion-academica-para-el-ciclo-escolar-2026-2027.jpeg","articleSection":["Educaci\u00f3n","Hidalgo","Minuto a Minuto"],"inLanguage":"es","potentialAction":[{"@type":"CommentAction","name":"Comment","target":["https:\/\/elcardinal.com\/?p=6836#respond"]}]},{"@type":"WebPage","@id":"https:\/\/elcardinal.com\/?p=6836","url":"https:\/\/elcardinal.com\/?p=6836","name":"SEPH consolida la planeaci\u00f3n acad\u00e9mica para el ciclo escolar 2026-2027 - El Cardinal","isPartOf":{"@id":"https:\/\/elcardinal.com\/#website"},"primaryImageOfPage":{"@id":"https:\/\/elcardinal.com\/?p=6836#primaryimage"},"image":{"@id":"https:\/\/elcardinal.com\/?p=6836#primaryimage"},"thumbnailUrl":"https:\/\/elcardinal.com\/wp-content\/uploads\/2026\/08\/SEPH-consolida-la-planeacion-academica-para-el-ciclo-escolar-2026-2027.jpeg","datePublished":"2026-08-26T23:16:52+00:00","dateModified":"2026-08-27T23:17:30+00:00","breadcrumb":{"@id":"https:\/\/elcardinal.com\/?p=6836#breadcrumb"},"inLanguage":"es","potentialAction":[{"@type":"ReadAction","target":["https:\/\/elcardinal.com\/?p=6836"]}]},{"@type":"ImageObject","inLanguage":"es","@id":"https:\/\/elcardinal.com\/?p=6836#primaryimage","url":"https:\/\/elcardinal.com\/wp-content\/uploads\/2026\/08\/SEPH-consolida-la-planeacion-academica-para-el-ciclo-escolar-2026-2027.jpeg","contentUrl":"https:\/\/elcardinal.com\/wp-content\/uploads\/2026\/08\/SEPH-consolida-la-planeacion-academica-para-el-ciclo-escolar-2026-2027.jpeg","width":1600,"height":768},{"@type":"BreadcrumbList","@id":"https:\/\/elcardinal.com\/?p=6836#breadcrumb","itemListElement":[{"@type":"ListItem","position":1,"name":"Inicio","item":"https:\/\/elcardinal.com\/"},{"@type":"ListItem","position":2,"name":"SEPH consolida la planeaci\u00f3n acad\u00e9mica para el ciclo escolar 2026-2027"}]},{"@type":"WebSite","@id":"https:\/\/elcardinal.com\/#website","url":"https:\/\/elcardinal.com\/","name":"El Cardinal","description":"Periodismo honesto, con valor, sentido humano, a veces sarc\u00e1stico y divertido.","publisher":{"@id":"https:\/\/elcardinal.com\/#organization"},"alternateName":"El Cardinal Noticias","potentialAction":[{"@type":"SearchAction","target":{"@type":"EntryPoint","urlTemplate":"https:\/\/elcardinal.com\/?s={search_term_string}"},"query-input":{"@type":"PropertyValueSpecification","valueRequired":true,"valueName":"search_term_string"}}],"inLanguage":"es"},{"@type":"Organization","@id":"https:\/\/elcardinal.com\/#organization","name":"El Cardinal","url":"https:\/\/elcardinal.com\/","logo":{"@type":"ImageObject","inLanguage":"es","@id":"https:\/\/elcardinal.com\/#\/schema\/logo\/image\/","url":"https:\/\/elcardinal.com\/wp-content\/uploads\/2025\/04\/LOGO-EL-CARDINAL-Periodismo-con-valor.png","contentUrl":"https:\/\/elcardinal.com\/wp-content\/uploads\/2025\/04\/LOGO-EL-CARDINAL-Periodismo-con-valor.png","width":755,"height":636,"caption":"El Cardinal"},"image":{"@id":"https:\/\/elcardinal.com\/#\/schema\/logo\/image\/"},"sameAs":["https:\/\/www.facebook.com\/profile.php?id=100063093107011","https:\/\/x.com\/ElCardinal_Mx"]},{"@type":"Person","@id":"https:\/\/elcardinal.com\/#\/schema\/person\/3c352ec0a33987fe275c0e8a2ea69f8b","name":"Antonio Alcaraz","image":{"@type":"ImageObject","inLanguage":"es","@id":"https:\/\/elcardinal.com\/wp-content\/uploads\/2025\/05\/cropped-TONO-96x96.jpg","url":"https:\/\/elcardinal.com\/wp-content\/uploads\/2025\/05\/cropped-TONO-96x96.jpg","contentUrl":"https:\/\/elcardinal.com\/wp-content\/uploads\/2025\/05\/cropped-TONO-96x96.jpg","caption":"Antonio Alcaraz"},"url":"https:\/\/elcardinal.com\/?author=2"}]}},"_links":{"self":[{"href":"https:\/\/elcardinal.com\/index.php?rest_route=\/wp\/v2\/posts\/6836","targetHints":{"allow":["GET"]}}],"collection":[{"href":"https:\/\/elcardinal.com\/index.php?rest_route=\/wp\/v2\/posts"}],"about":[{"href":"https:\/\/elcardinal.com\/index.php?rest_route=\/wp\/v2\/types\/post"}],"author":[{"embeddable":true,"href":"https:\/\/elcardinal.com\/index.php?rest_route=\/wp\/v2\/users\/2"}],"replies":[{"embeddable":true,"href":"https:\/\/elcardinal.com\/index.php?rest_route=%2Fwp%2Fv2%2Fcomments&post=6836"}],"version-history":[{"count":1,"href":"https:\/\/elcardinal.com\/index.php?rest_route=\/wp\/v2\/posts\/6836\/revisions"}],"predecessor-version":[{"id":6838,"href":"https:\/\/elcardinal.com\/index.php?rest_route=\/wp\/v2\/posts\/6836\/revisions\/6838"}],"wp:featuredmedia":[{"embeddable":true,"href":"https:\/\/elcardinal.com\/index.php?rest_route=\/wp\/v2\/media\/6837"}],"wp:attachment":[{"href":"https:\/\/elcardinal.com\/index.php?rest_route=%2Fwp%2Fv2%2Fmedia&parent=6836"}],"wp:term":[{"taxonomy":"category","embeddable":true,"href":"https:\/\/elcardinal.com\/index.php?rest_route=%2Fwp%2Fv2%2Fcategories&post=6836"},{"taxonomy":"post_tag","embeddable":true,"href":"https:\/\/elcardinal.com\/index.php?rest_route=%2Fwp%2Fv2%2Ftags&post=6836"}],"curies":[{"name":"wp","href":"https:\/\/api.w.org\/{rel}","templated":true}]}}