{"id":6840,"date":"2026-08-28T20:35:13","date_gmt":"2026-08-29T02:35:13","guid":{"rendered":"https:\/\/elcardinal.com\/?p=6840"},"modified":"2026-08-28T20:35:13","modified_gmt":"2026-08-29T02:35:13","slug":"andres-velazquez-destaca-resultados-y-cercania-con-la-ciudadania-durante-su-segundo-informe","status":"publish","type":"post","link":"https:\/\/elcardinal.com\/?p=6840","title":{"rendered":"Andr\u00e9s Vel\u00e1zquez destaca resultados y cercan\u00eda con la ciudadan\u00eda durante su segundo informe"},"content":{"rendered":"<p>Por: <strong>Jos\u00e9 Antonio Alcaraz Su\u00e1rez<\/strong><\/p>\n<p>Con la presencia del gobernador de Hidalgo,<strong> Julio Menchaca Salazar<\/strong>, y de la presidenta del Tribunal Superior de Justicia del Estado (TSJEH), <strong>Rebeca Aladro Echeverr\u00eda<\/strong>, el presidente de la Junta de Gobierno del Congreso de Hidalgo, <strong>Andr\u00e9s Vel\u00e1zquez V\u00e1zquez<\/strong>, present\u00f3 su segundo informe de actividades, donde destac\u00f3 los resultados alcanzados tanto en materia legislativa como de gesti\u00f3n social.<\/p>\n<blockquote><p>Durante su mensaje, <strong>Andr\u00e9s Vel\u00e1zquez<\/strong> resalt\u00f3 que entre el 5 de septiembre de 2024 y el 31 de julio de 2026 mantuvo un 99 por ciento de asistencia a las sesiones, adem\u00e1s de presentar 223 iniciativas, adherirse a 19 propuestas y sumar 242 intervenciones legislativas.<\/p><\/blockquote>\n<p>Tambi\u00e9n inform\u00f3 sobre 37 acuerdos econ\u00f3micos, de los cuales 19 fueron aprobados, as\u00ed como 690 minutos de participaci\u00f3n en tribuna.<\/p>\n<p>Uno de los temas que destac\u00f3 fue la creaci\u00f3n de procuradur\u00edas municipales de protecci\u00f3n de ni\u00f1as, ni\u00f1os y adolescentes en los <strong>84 municipios de Hidalgo<\/strong>, con el objetivo de pasar de un esquema de 16 procuradur\u00edas regionales a una atenci\u00f3n directa en cada municipio.<\/p>\n<p>El legislador tambi\u00e9n puso \u00e9nfasis en su trabajo de atenci\u00f3n ciudadana, al se\u00f1alar que realiz\u00f3 m\u00e1s de mil audiencias y atendi\u00f3 m\u00e1s de<strong> 400 peticiones a trav\u00e9s de redes sociales<\/strong>, adem\u00e1s de gestionar apoyos para medicamentos, tratamientos m\u00e9dicos, aparatos ortop\u00e9dicos, traslados y herramientas de trabajo.<\/p>\n<p>Asimismo, destac\u00f3 acciones relacionadas con el bienestar animal, actividades culturales y deportivas, apoyo a escuelas y atenci\u00f3n a familias afectadas por fen\u00f3menos naturales.<\/p>\n<p>En materia de funcionamiento del Congreso, inform\u00f3 que durante el periodo se celebraron 206 sesiones ordinarias y se logr\u00f3 optimizar en 40% el tiempo de respuesta legislativa.<\/p>\n<blockquote><p>\u201cEl poder solo tiene sentido cuando se pone al servicio del pueblo\u201d, fue uno de los principales mensajes del diputado, quien asegur\u00f3 que su trabajo busca mantener una pol\u00edtica cercana a la ciudadan\u00eda y con presencia en territorio.<\/p><\/blockquote>\n<p>\u201cServir no es ocupar un cargo, servir es responderle a la gente\u201d, afirm\u00f3 Vel\u00e1zquez V\u00e1zquez al cerrar su informe, reiterando su compromiso de continuar trabajando por Hidalgo y \u201ccaminando con el pueblo\u201d.<\/p>\n","protected":false},"excerpt":{"rendered":"<p>Por: Jos\u00e9 Antonio Alcaraz Su\u00e1rez Con la presencia del gobernador de Hidalgo, Julio Menchaca Salazar, y de la presidenta del Tribunal Superior de Justicia del Estado (TSJEH), Rebeca Aladro Echeverr\u00eda, el presidente de la Junta de Gobierno del Congreso de Hidalgo, Andr\u00e9s Vel\u00e1zquez V\u00e1zquez, present\u00f3 su segundo informe de actividades, donde destac\u00f3 los resultados alcanzados<\/p>\n","protected":false},"author":2,"featured_media":6841,"comment_status":"open","ping_status":"open","sticky":false,"template":"","format":"standard","meta":{"footnotes":""},"categories":[31,44,39],"tags":[150,62],"class_list":["post-6840","post","type-post","status-publish","format-standard","has-post-thumbnail","category-hidalgo","category-minuto-a-minuto","category-politica","tag-andres-velazquez-vazquez","tag-congreso-de-hidalgo"],"yoast_head":"<!-- This site is optimized with the Yoast SEO plugin v28.0 - https:\/\/yoast.com\/product\/yoast-seo-wordpress\/ -->\n<title>Andr\u00e9s Vel\u00e1zquez destaca resultados y cercan\u00eda con la ciudadan\u00eda durante su segundo informe - El Cardinal<\/title>\n<meta name=\"robots\" content=\"index, follow, max-snippet:-1, max-image-preview:large, max-video-preview:-1\" \/>\n<link rel=\"canonical\" href=\"https:\/\/elcardinal.com\/?p=6840\" \/>\n<meta property=\"og:locale\" content=\"es_MX\" \/>\n<meta property=\"og:type\" content=\"article\" \/>\n<meta property=\"og:title\" content=\"Andr\u00e9s Vel\u00e1zquez destaca resultados y cercan\u00eda con la ciudadan\u00eda durante su segundo informe - El Cardinal\" \/>\n<meta property=\"og:description\" content=\"Por: Jos\u00e9 Antonio Alcaraz Su\u00e1rez Con la presencia del gobernador de Hidalgo, Julio Menchaca Salazar, y de la presidenta del Tribunal Superior de Justicia del Estado (TSJEH), Rebeca Aladro Echeverr\u00eda, el presidente de la Junta de Gobierno del Congreso de Hidalgo, Andr\u00e9s Vel\u00e1zquez V\u00e1zquez, present\u00f3 su segundo informe de actividades, donde destac\u00f3 los resultados alcanzados\" \/>\n<meta property=\"og:url\" content=\"https:\/\/elcardinal.com\/?p=6840\" \/>\n<meta property=\"og:site_name\" content=\"El Cardinal\" \/>\n<meta property=\"article:publisher\" content=\"https:\/\/www.facebook.com\/profile.php?id=100063093107011\" \/>\n<meta property=\"article:published_time\" content=\"2026-08-29T02:35:13+00:00\" \/>\n<meta property=\"og:image\" content=\"https:\/\/elcardinal.com\/wp-content\/uploads\/2026\/08\/WhatsApp-Image-2026-08-28-at-8.26.37-PM-1.jpeg\" \/>\n\t<meta property=\"og:image:width\" content=\"1280\" \/>\n\t<meta property=\"og:image:height\" content=\"1007\" \/>\n\t<meta property=\"og:image:type\" content=\"image\/jpeg\" \/>\n<meta name=\"author\" content=\"Antonio Alcaraz\" \/>\n<meta name=\"twitter:card\" content=\"summary_large_image\" \/>\n<meta name=\"twitter:creator\" content=\"@ElCardinal_Mx\" \/>\n<meta name=\"twitter:site\" content=\"@ElCardinal_Mx\" \/>\n<meta name=\"twitter:label1\" content=\"Escrito por\" \/>\n\t<meta name=\"twitter:data1\" content=\"Antonio Alcaraz\" \/>\n\t<meta name=\"twitter:label2\" content=\"Tiempo de lectura\" \/>\n\t<meta name=\"twitter:data2\" content=\"2 minutos\" \/>\n<script type=\"application\/ld+json\" class=\"yoast-schema-graph\">{\"@context\":\"https:\\\/\\\/schema.org\",\"@graph\":[{\"@type\":\"Article\",\"@id\":\"https:\\\/\\\/elcardinal.com\\\/?p=6840#article\",\"isPartOf\":{\"@id\":\"https:\\\/\\\/elcardinal.com\\\/?p=6840\"},\"author\":{\"name\":\"Antonio Alcaraz\",\"@id\":\"https:\\\/\\\/elcardinal.com\\\/#\\\/schema\\\/person\\\/3c352ec0a33987fe275c0e8a2ea69f8b\"},\"headline\":\"Andr\u00e9s Vel\u00e1zquez destaca resultados y cercan\u00eda con la ciudadan\u00eda durante su segundo informe\",\"datePublished\":\"2026-08-29T02:35:13+00:00\",\"mainEntityOfPage\":{\"@id\":\"https:\\\/\\\/elcardinal.com\\\/?p=6840\"},\"wordCount\":372,\"commentCount\":0,\"publisher\":{\"@id\":\"https:\\\/\\\/elcardinal.com\\\/#organization\"},\"image\":{\"@id\":\"https:\\\/\\\/elcardinal.com\\\/?p=6840#primaryimage\"},\"thumbnailUrl\":\"https:\\\/\\\/elcardinal.com\\\/wp-content\\\/uploads\\\/2026\\\/08\\\/WhatsApp-Image-2026-08-28-at-8.26.37-PM-1.jpeg\",\"keywords\":[\"Andr\u00e9s Vel\u00e1zquez V\u00e1zquez\",\"Congreso de Hidalgo\"],\"articleSection\":[\"Hidalgo\",\"Minuto a Minuto\",\"Pol\u00edtica\"],\"inLanguage\":\"es\",\"potentialAction\":[{\"@type\":\"CommentAction\",\"name\":\"Comment\",\"target\":[\"https:\\\/\\\/elcardinal.com\\\/?p=6840#respond\"]}]},{\"@type\":\"WebPage\",\"@id\":\"https:\\\/\\\/elcardinal.com\\\/?p=6840\",\"url\":\"https:\\\/\\\/elcardinal.com\\\/?p=6840\",\"name\":\"Andr\u00e9s Vel\u00e1zquez destaca resultados y cercan\u00eda con la ciudadan\u00eda durante su segundo informe - El Cardinal\",\"isPartOf\":{\"@id\":\"https:\\\/\\\/elcardinal.com\\\/#website\"},\"primaryImageOfPage\":{\"@id\":\"https:\\\/\\\/elcardinal.com\\\/?p=6840#primaryimage\"},\"image\":{\"@id\":\"https:\\\/\\\/elcardinal.com\\\/?p=6840#primaryimage\"},\"thumbnailUrl\":\"https:\\\/\\\/elcardinal.com\\\/wp-content\\\/uploads\\\/2026\\\/08\\\/WhatsApp-Image-2026-08-28-at-8.26.37-PM-1.jpeg\",\"datePublished\":\"2026-08-29T02:35:13+00:00\",\"breadcrumb\":{\"@id\":\"https:\\\/\\\/elcardinal.com\\\/?p=6840#breadcrumb\"},\"inLanguage\":\"es\",\"potentialAction\":[{\"@type\":\"ReadAction\",\"target\":[\"https:\\\/\\\/elcardinal.com\\\/?p=6840\"]}]},{\"@type\":\"ImageObject\",\"inLanguage\":\"es\",\"@id\":\"https:\\\/\\\/elcardinal.com\\\/?p=6840#primaryimage\",\"url\":\"https:\\\/\\\/elcardinal.com\\\/wp-content\\\/uploads\\\/2026\\\/08\\\/WhatsApp-Image-2026-08-28-at-8.26.37-PM-1.jpeg\",\"contentUrl\":\"https:\\\/\\\/elcardinal.com\\\/wp-content\\\/uploads\\\/2026\\\/08\\\/WhatsApp-Image-2026-08-28-at-8.26.37-PM-1.jpeg\",\"width\":1280,\"height\":1007},{\"@type\":\"BreadcrumbList\",\"@id\":\"https:\\\/\\\/elcardinal.com\\\/?p=6840#breadcrumb\",\"itemListElement\":[{\"@type\":\"ListItem\",\"position\":1,\"name\":\"Inicio\",\"item\":\"https:\\\/\\\/elcardinal.com\\\/\"},{\"@type\":\"ListItem\",\"position\":2,\"name\":\"Andr\u00e9s Vel\u00e1zquez destaca resultados y cercan\u00eda con la ciudadan\u00eda durante su segundo informe\"}]},{\"@type\":\"WebSite\",\"@id\":\"https:\\\/\\\/elcardinal.com\\\/#website\",\"url\":\"https:\\\/\\\/elcardinal.com\\\/\",\"name\":\"El Cardinal\",\"description\":\"Periodismo honesto, con valor, sentido humano, a veces sarc\u00e1stico y divertido.\",\"publisher\":{\"@id\":\"https:\\\/\\\/elcardinal.com\\\/#organization\"},\"alternateName\":\"El Cardinal Noticias\",\"potentialAction\":[{\"@type\":\"SearchAction\",\"target\":{\"@type\":\"EntryPoint\",\"urlTemplate\":\"https:\\\/\\\/elcardinal.com\\\/?s={search_term_string}\"},\"query-input\":{\"@type\":\"PropertyValueSpecification\",\"valueRequired\":true,\"valueName\":\"search_term_string\"}}],\"inLanguage\":\"es\"},{\"@type\":\"Organization\",\"@id\":\"https:\\\/\\\/elcardinal.com\\\/#organization\",\"name\":\"El Cardinal\",\"url\":\"https:\\\/\\\/elcardinal.com\\\/\",\"logo\":{\"@type\":\"ImageObject\",\"inLanguage\":\"es\",\"@id\":\"https:\\\/\\\/elcardinal.com\\\/#\\\/schema\\\/logo\\\/image\\\/\",\"url\":\"https:\\\/\\\/elcardinal.com\\\/wp-content\\\/uploads\\\/2025\\\/04\\\/LOGO-EL-CARDINAL-Periodismo-con-valor.png\",\"contentUrl\":\"https:\\\/\\\/elcardinal.com\\\/wp-content\\\/uploads\\\/2025\\\/04\\\/LOGO-EL-CARDINAL-Periodismo-con-valor.png\",\"width\":755,\"height\":636,\"caption\":\"El Cardinal\"},\"image\":{\"@id\":\"https:\\\/\\\/elcardinal.com\\\/#\\\/schema\\\/logo\\\/image\\\/\"},\"sameAs\":[\"https:\\\/\\\/www.facebook.com\\\/profile.php?id=100063093107011\",\"https:\\\/\\\/x.com\\\/ElCardinal_Mx\"]},{\"@type\":\"Person\",\"@id\":\"https:\\\/\\\/elcardinal.com\\\/#\\\/schema\\\/person\\\/3c352ec0a33987fe275c0e8a2ea69f8b\",\"name\":\"Antonio Alcaraz\",\"image\":{\"@type\":\"ImageObject\",\"inLanguage\":\"es\",\"@id\":\"https:\\\/\\\/elcardinal.com\\\/wp-content\\\/uploads\\\/2025\\\/05\\\/cropped-TONO-96x96.jpg\",\"url\":\"https:\\\/\\\/elcardinal.com\\\/wp-content\\\/uploads\\\/2025\\\/05\\\/cropped-TONO-96x96.jpg\",\"contentUrl\":\"https:\\\/\\\/elcardinal.com\\\/wp-content\\\/uploads\\\/2025\\\/05\\\/cropped-TONO-96x96.jpg\",\"caption\":\"Antonio Alcaraz\"},\"url\":\"https:\\\/\\\/elcardinal.com\\\/?author=2\"}]}<\/script>\n<!-- \/ Yoast SEO plugin. -->","yoast_head_json":{"title":"Andr\u00e9s Vel\u00e1zquez destaca resultados y cercan\u00eda con la ciudadan\u00eda durante su segundo informe - El Cardinal","robots":{"index":"index","follow":"follow","max-snippet":"max-snippet:-1","max-image-preview":"max-image-preview:large","max-video-preview":"max-video-preview:-1"},"canonical":"https:\/\/elcardinal.com\/?p=6840","og_locale":"es_MX","og_type":"article","og_title":"Andr\u00e9s Vel\u00e1zquez destaca resultados y cercan\u00eda con la ciudadan\u00eda durante su segundo informe - El Cardinal","og_description":"Por: Jos\u00e9 Antonio Alcaraz Su\u00e1rez Con la presencia del gobernador de Hidalgo, Julio Menchaca Salazar, y de la presidenta del Tribunal Superior de Justicia del Estado (TSJEH), Rebeca Aladro Echeverr\u00eda, el presidente de la Junta de Gobierno del Congreso de Hidalgo, Andr\u00e9s Vel\u00e1zquez V\u00e1zquez, present\u00f3 su segundo informe de actividades, donde destac\u00f3 los resultados alcanzados","og_url":"https:\/\/elcardinal.com\/?p=6840","og_site_name":"El Cardinal","article_publisher":"https:\/\/www.facebook.com\/profile.php?id=100063093107011","article_published_time":"2026-08-29T02:35:13+00:00","og_image":[{"width":1280,"height":1007,"url":"https:\/\/elcardinal.com\/wp-content\/uploads\/2026\/08\/WhatsApp-Image-2026-08-28-at-8.26.37-PM-1.jpeg","type":"image\/jpeg"}],"author":"Antonio Alcaraz","twitter_card":"summary_large_image","twitter_creator":"@ElCardinal_Mx","twitter_site":"@ElCardinal_Mx","twitter_misc":{"Escrito por":"Antonio Alcaraz","Tiempo de lectura":"2 minutos"},"schema":{"@context":"https:\/\/schema.org","@graph":[{"@type":"Article","@id":"https:\/\/elcardinal.com\/?p=6840#article","isPartOf":{"@id":"https:\/\/elcardinal.com\/?p=6840"},"author":{"name":"Antonio Alcaraz","@id":"https:\/\/elcardinal.com\/#\/schema\/person\/3c352ec0a33987fe275c0e8a2ea69f8b"},"headline":"Andr\u00e9s Vel\u00e1zquez destaca resultados y cercan\u00eda con la ciudadan\u00eda durante su segundo informe","datePublished":"2026-08-29T02:35:13+00:00","mainEntityOfPage":{"@id":"https:\/\/elcardinal.com\/?p=6840"},"wordCount":372,"commentCount":0,"publisher":{"@id":"https:\/\/elcardinal.com\/#organization"},"image":{"@id":"https:\/\/elcardinal.com\/?p=6840#primaryimage"},"thumbnailUrl":"https:\/\/elcardinal.com\/wp-content\/uploads\/2026\/08\/WhatsApp-Image-2026-08-28-at-8.26.37-PM-1.jpeg","keywords":["Andr\u00e9s Vel\u00e1zquez V\u00e1zquez","Congreso de Hidalgo"],"articleSection":["Hidalgo","Minuto a Minuto","Pol\u00edtica"],"inLanguage":"es","potentialAction":[{"@type":"CommentAction","name":"Comment","target":["https:\/\/elcardinal.com\/?p=6840#respond"]}]},{"@type":"WebPage","@id":"https:\/\/elcardinal.com\/?p=6840","url":"https:\/\/elcardinal.com\/?p=6840","name":"Andr\u00e9s Vel\u00e1zquez destaca resultados y cercan\u00eda con la ciudadan\u00eda durante su segundo informe - El Cardinal","isPartOf":{"@id":"https:\/\/elcardinal.com\/#website"},"primaryImageOfPage":{"@id":"https:\/\/elcardinal.com\/?p=6840#primaryimage"},"image":{"@id":"https:\/\/elcardinal.com\/?p=6840#primaryimage"},"thumbnailUrl":"https:\/\/elcardinal.com\/wp-content\/uploads\/2026\/08\/WhatsApp-Image-2026-08-28-at-8.26.37-PM-1.jpeg","datePublished":"2026-08-29T02:35:13+00:00","breadcrumb":{"@id":"https:\/\/elcardinal.com\/?p=6840#breadcrumb"},"inLanguage":"es","potentialAction":[{"@type":"ReadAction","target":["https:\/\/elcardinal.com\/?p=6840"]}]},{"@type":"ImageObject","inLanguage":"es","@id":"https:\/\/elcardinal.com\/?p=6840#primaryimage","url":"https:\/\/elcardinal.com\/wp-content\/uploads\/2026\/08\/WhatsApp-Image-2026-08-28-at-8.26.37-PM-1.jpeg","contentUrl":"https:\/\/elcardinal.com\/wp-content\/uploads\/2026\/08\/WhatsApp-Image-2026-08-28-at-8.26.37-PM-1.jpeg","width":1280,"height":1007},{"@type":"BreadcrumbList","@id":"https:\/\/elcardinal.com\/?p=6840#breadcrumb","itemListElement":[{"@type":"ListItem","position":1,"name":"Inicio","item":"https:\/\/elcardinal.com\/"},{"@type":"ListItem","position":2,"name":"Andr\u00e9s Vel\u00e1zquez destaca resultados y cercan\u00eda con la ciudadan\u00eda durante su segundo informe"}]},{"@type":"WebSite","@id":"https:\/\/elcardinal.com\/#website","url":"https:\/\/elcardinal.com\/","name":"El Cardinal","description":"Periodismo honesto, con valor, sentido humano, a veces sarc\u00e1stico y divertido.","publisher":{"@id":"https:\/\/elcardinal.com\/#organization"},"alternateName":"El Cardinal Noticias","potentialAction":[{"@type":"SearchAction","target":{"@type":"EntryPoint","urlTemplate":"https:\/\/elcardinal.com\/?s={search_term_string}"},"query-input":{"@type":"PropertyValueSpecification","valueRequired":true,"valueName":"search_term_string"}}],"inLanguage":"es"},{"@type":"Organization","@id":"https:\/\/elcardinal.com\/#organization","name":"El Cardinal","url":"https:\/\/elcardinal.com\/","logo":{"@type":"ImageObject","inLanguage":"es","@id":"https:\/\/elcardinal.com\/#\/schema\/logo\/image\/","url":"https:\/\/elcardinal.com\/wp-content\/uploads\/2025\/04\/LOGO-EL-CARDINAL-Periodismo-con-valor.png","contentUrl":"https:\/\/elcardinal.com\/wp-content\/uploads\/2025\/04\/LOGO-EL-CARDINAL-Periodismo-con-valor.png","width":755,"height":636,"caption":"El Cardinal"},"image":{"@id":"https:\/\/elcardinal.com\/#\/schema\/logo\/image\/"},"sameAs":["https:\/\/www.facebook.com\/profile.php?id=100063093107011","https:\/\/x.com\/ElCardinal_Mx"]},{"@type":"Person","@id":"https:\/\/elcardinal.com\/#\/schema\/person\/3c352ec0a33987fe275c0e8a2ea69f8b","name":"Antonio Alcaraz","image":{"@type":"ImageObject","inLanguage":"es","@id":"https:\/\/elcardinal.com\/wp-content\/uploads\/2025\/05\/cropped-TONO-96x96.jpg","url":"https:\/\/elcardinal.com\/wp-content\/uploads\/2025\/05\/cropped-TONO-96x96.jpg","contentUrl":"https:\/\/elcardinal.com\/wp-content\/uploads\/2025\/05\/cropped-TONO-96x96.jpg","caption":"Antonio Alcaraz"},"url":"https:\/\/elcardinal.com\/?author=2"}]}},"_links":{"self":[{"href":"https:\/\/elcardinal.com\/index.php?rest_route=\/wp\/v2\/posts\/6840","targetHints":{"allow":["GET"]}}],"collection":[{"href":"https:\/\/elcardinal.com\/index.php?rest_route=\/wp\/v2\/posts"}],"about":[{"href":"https:\/\/elcardinal.com\/index.php?rest_route=\/wp\/v2\/types\/post"}],"author":[{"embeddable":true,"href":"https:\/\/elcardinal.com\/index.php?rest_route=\/wp\/v2\/users\/2"}],"replies":[{"embeddable":true,"href":"https:\/\/elcardinal.com\/index.php?rest_route=%2Fwp%2Fv2%2Fcomments&post=6840"}],"version-history":[{"count":1,"href":"https:\/\/elcardinal.com\/index.php?rest_route=\/wp\/v2\/posts\/6840\/revisions"}],"predecessor-version":[{"id":6843,"href":"https:\/\/elcardinal.com\/index.php?rest_route=\/wp\/v2\/posts\/6840\/revisions\/6843"}],"wp:featuredmedia":[{"embeddable":true,"href":"https:\/\/elcardinal.com\/index.php?rest_route=\/wp\/v2\/media\/6841"}],"wp:attachment":[{"href":"https:\/\/elcardinal.com\/index.php?rest_route=%2Fwp%2Fv2%2Fmedia&parent=6840"}],"wp:term":[{"taxonomy":"category","embeddable":true,"href":"https:\/\/elcardinal.com\/index.php?rest_route=%2Fwp%2Fv2%2Fcategories&post=6840"},{"taxonomy":"post_tag","embeddable":true,"href":"https:\/\/elcardinal.com\/index.php?rest_route=%2Fwp%2Fv2%2Ftags&post=6840"}],"curies":[{"name":"wp","href":"https:\/\/api.w.org\/{rel}","templated":true}]}}