{"id":6858,"date":"2026-08-25T09:13:50","date_gmt":"2026-08-25T15:13:50","guid":{"rendered":"https:\/\/elcardinal.com\/?p=6858"},"modified":"2026-08-30T09:14:43","modified_gmt":"2026-08-30T15:14:43","slug":"diputado-propone-fortalecer-la-activacion-fisica-y-el-deporte-como-practicas-cotidianas-e-incluyentes","status":"publish","type":"post","link":"https:\/\/elcardinal.com\/?p=6858","title":{"rendered":"Diputado propone fortalecer la activaci\u00f3n f\u00edsica y el deporte como pr\u00e1cticas cotidianas e incluyentes"},"content":{"rendered":"<p>Redacci\u00f3n<\/p>\n<p><span style=\"font-weight: 400;\">En sesi\u00f3n de la Diputaci\u00f3n Permanente, el legislador <\/span><b>Francisco Javier T\u00e9llez S\u00e1nchez<\/b><span style=\"font-weight: 400;\"> (PT) propuso la iniciativa que reforma la Ley de Cultura F\u00edsica, Deporte y Recreaci\u00f3n para el Estado de Hidalgo, con la finalidad de fortalecer el marco jur\u00eddico estatal en materia de cultura f\u00edsica y deporte, promoviendo la activaci\u00f3n f\u00edsica como una pr\u00e1ctica cotidiana, accesible e incluyente, tanto en el \u00e1mbito escolar como en los espacios comunitarios, mediante una mayor coordinaci\u00f3n entre las autoridades competentes y el aprovechamiento de los recursos e infraestructura existentes.<\/span><\/p>\n<p><span style=\"font-weight: 400;\">Con ello, mencion\u00f3 el diputado, se busca consolidar una pol\u00edtica p\u00fablica de car\u00e1cter preventivo que contribuya a disminuir los factores de riesgo asociados al sedentarismo y a las enfermedades cr\u00f3nicas no transmisibles, favorezca el bienestar f\u00edsico y mental de la poblaci\u00f3n, adem\u00e1s de fomentar estilos de vida saludables desde edades tempranas y a lo largo de las distintas etapas de la vida.<\/span><\/p>\n<p><span style=\"font-weight: 400;\">Adem\u00e1s, establece que estas acciones atiendan las condiciones y necesidades particulares de las comunidades, sin generar cargas administrativas o financieras adicionales para las instituciones educativas.<\/span><\/p>\n<p><b>Iniciativa<\/b><\/p>\n<p><b>Nuevo modelo judicial<\/b><\/p>\n<p><span style=\"font-weight: 400;\">Mientras que la diputada <\/span><b>Lizbeth Ira\u00eds Ordaz Islas<\/b><span style=\"font-weight: 400;\"> (Morena) present\u00f3 la iniciativa que reforma la Constituci\u00f3n Pol\u00edtica del Estado de Hidalgo, en materia del Poder Judicial, con el prop\u00f3sito de consolidar el nuevo modelo judicial mediante reglas que fortalezcan la legitimidad democr\u00e1tica, profesionalizaci\u00f3n, paridad de g\u00e9nero, rendici\u00f3n de cuentas y certeza jur\u00eddica.<\/span><\/p>\n","protected":false},"excerpt":{"rendered":"<p>Redacci\u00f3n En sesi\u00f3n de la Diputaci\u00f3n Permanente, el legislador Francisco Javier T\u00e9llez S\u00e1nchez (PT) propuso la iniciativa que reforma la Ley de Cultura F\u00edsica, Deporte y Recreaci\u00f3n para el Estado de Hidalgo, con la finalidad de fortalecer el marco jur\u00eddico estatal en materia de cultura f\u00edsica y deporte, promoviendo la activaci\u00f3n f\u00edsica como una pr\u00e1ctica<\/p>\n","protected":false},"author":2,"featured_media":6859,"comment_status":"open","ping_status":"open","sticky":false,"template":"","format":"standard","meta":{"footnotes":""},"categories":[31,44,39],"tags":[],"class_list":["post-6858","post","type-post","status-publish","format-standard","has-post-thumbnail","category-hidalgo","category-minuto-a-minuto","category-politica"],"yoast_head":"<!-- This site is optimized with the Yoast SEO plugin v28.0 - https:\/\/yoast.com\/product\/yoast-seo-wordpress\/ -->\n<title>Diputado propone fortalecer la activaci\u00f3n f\u00edsica y el deporte como pr\u00e1cticas cotidianas e incluyentes - El Cardinal<\/title>\n<meta name=\"robots\" content=\"index, follow, max-snippet:-1, max-image-preview:large, max-video-preview:-1\" \/>\n<link rel=\"canonical\" href=\"https:\/\/elcardinal.com\/?p=6858\" \/>\n<meta property=\"og:locale\" content=\"es_MX\" \/>\n<meta property=\"og:type\" content=\"article\" \/>\n<meta property=\"og:title\" content=\"Diputado propone fortalecer la activaci\u00f3n f\u00edsica y el deporte como pr\u00e1cticas cotidianas e incluyentes - El Cardinal\" \/>\n<meta property=\"og:description\" content=\"Redacci\u00f3n En sesi\u00f3n de la Diputaci\u00f3n Permanente, el legislador Francisco Javier T\u00e9llez S\u00e1nchez (PT) propuso la iniciativa que reforma la Ley de Cultura F\u00edsica, Deporte y Recreaci\u00f3n para el Estado de Hidalgo, con la finalidad de fortalecer el marco jur\u00eddico estatal en materia de cultura f\u00edsica y deporte, promoviendo la activaci\u00f3n f\u00edsica como una pr\u00e1ctica\" \/>\n<meta property=\"og:url\" content=\"https:\/\/elcardinal.com\/?p=6858\" \/>\n<meta property=\"og:site_name\" content=\"El Cardinal\" \/>\n<meta property=\"article:publisher\" content=\"https:\/\/www.facebook.com\/profile.php?id=100063093107011\" \/>\n<meta property=\"article:published_time\" content=\"2026-08-25T15:13:50+00:00\" \/>\n<meta property=\"article:modified_time\" content=\"2026-08-30T15:14:43+00:00\" \/>\n<meta property=\"og:image\" content=\"https:\/\/elcardinal.com\/wp-content\/uploads\/2026\/08\/Sesion-25.08.2026-Permanente-30.jpg\" \/>\n\t<meta property=\"og:image:width\" content=\"2400\" \/>\n\t<meta property=\"og:image:height\" content=\"1600\" \/>\n\t<meta property=\"og:image:type\" content=\"image\/jpeg\" \/>\n<meta name=\"author\" content=\"Antonio Alcaraz\" \/>\n<meta name=\"twitter:card\" content=\"summary_large_image\" \/>\n<meta name=\"twitter:creator\" content=\"@ElCardinal_Mx\" \/>\n<meta name=\"twitter:site\" content=\"@ElCardinal_Mx\" \/>\n<meta name=\"twitter:label1\" content=\"Escrito por\" \/>\n\t<meta name=\"twitter:data1\" content=\"Antonio Alcaraz\" \/>\n\t<meta name=\"twitter:label2\" content=\"Tiempo de lectura\" \/>\n\t<meta name=\"twitter:data2\" content=\"2 minutos\" \/>\n<script type=\"application\/ld+json\" class=\"yoast-schema-graph\">{\"@context\":\"https:\\\/\\\/schema.org\",\"@graph\":[{\"@type\":\"Article\",\"@id\":\"https:\\\/\\\/elcardinal.com\\\/?p=6858#article\",\"isPartOf\":{\"@id\":\"https:\\\/\\\/elcardinal.com\\\/?p=6858\"},\"author\":{\"name\":\"Antonio Alcaraz\",\"@id\":\"https:\\\/\\\/elcardinal.com\\\/#\\\/schema\\\/person\\\/3c352ec0a33987fe275c0e8a2ea69f8b\"},\"headline\":\"Diputado propone fortalecer la activaci\u00f3n f\u00edsica y el deporte como pr\u00e1cticas cotidianas e incluyentes\",\"datePublished\":\"2026-08-25T15:13:50+00:00\",\"dateModified\":\"2026-08-30T15:14:43+00:00\",\"mainEntityOfPage\":{\"@id\":\"https:\\\/\\\/elcardinal.com\\\/?p=6858\"},\"wordCount\":276,\"commentCount\":0,\"publisher\":{\"@id\":\"https:\\\/\\\/elcardinal.com\\\/#organization\"},\"image\":{\"@id\":\"https:\\\/\\\/elcardinal.com\\\/?p=6858#primaryimage\"},\"thumbnailUrl\":\"https:\\\/\\\/elcardinal.com\\\/wp-content\\\/uploads\\\/2026\\\/08\\\/Sesion-25.08.2026-Permanente-30.jpg\",\"articleSection\":[\"Hidalgo\",\"Minuto a Minuto\",\"Pol\u00edtica\"],\"inLanguage\":\"es\",\"potentialAction\":[{\"@type\":\"CommentAction\",\"name\":\"Comment\",\"target\":[\"https:\\\/\\\/elcardinal.com\\\/?p=6858#respond\"]}]},{\"@type\":\"WebPage\",\"@id\":\"https:\\\/\\\/elcardinal.com\\\/?p=6858\",\"url\":\"https:\\\/\\\/elcardinal.com\\\/?p=6858\",\"name\":\"Diputado propone fortalecer la activaci\u00f3n f\u00edsica y el deporte como pr\u00e1cticas cotidianas e incluyentes - El Cardinal\",\"isPartOf\":{\"@id\":\"https:\\\/\\\/elcardinal.com\\\/#website\"},\"primaryImageOfPage\":{\"@id\":\"https:\\\/\\\/elcardinal.com\\\/?p=6858#primaryimage\"},\"image\":{\"@id\":\"https:\\\/\\\/elcardinal.com\\\/?p=6858#primaryimage\"},\"thumbnailUrl\":\"https:\\\/\\\/elcardinal.com\\\/wp-content\\\/uploads\\\/2026\\\/08\\\/Sesion-25.08.2026-Permanente-30.jpg\",\"datePublished\":\"2026-08-25T15:13:50+00:00\",\"dateModified\":\"2026-08-30T15:14:43+00:00\",\"breadcrumb\":{\"@id\":\"https:\\\/\\\/elcardinal.com\\\/?p=6858#breadcrumb\"},\"inLanguage\":\"es\",\"potentialAction\":[{\"@type\":\"ReadAction\",\"target\":[\"https:\\\/\\\/elcardinal.com\\\/?p=6858\"]}]},{\"@type\":\"ImageObject\",\"inLanguage\":\"es\",\"@id\":\"https:\\\/\\\/elcardinal.com\\\/?p=6858#primaryimage\",\"url\":\"https:\\\/\\\/elcardinal.com\\\/wp-content\\\/uploads\\\/2026\\\/08\\\/Sesion-25.08.2026-Permanente-30.jpg\",\"contentUrl\":\"https:\\\/\\\/elcardinal.com\\\/wp-content\\\/uploads\\\/2026\\\/08\\\/Sesion-25.08.2026-Permanente-30.jpg\",\"width\":2400,\"height\":1600},{\"@type\":\"BreadcrumbList\",\"@id\":\"https:\\\/\\\/elcardinal.com\\\/?p=6858#breadcrumb\",\"itemListElement\":[{\"@type\":\"ListItem\",\"position\":1,\"name\":\"Inicio\",\"item\":\"https:\\\/\\\/elcardinal.com\\\/\"},{\"@type\":\"ListItem\",\"position\":2,\"name\":\"Diputado propone fortalecer la activaci\u00f3n f\u00edsica y el deporte como pr\u00e1cticas cotidianas e incluyentes\"}]},{\"@type\":\"WebSite\",\"@id\":\"https:\\\/\\\/elcardinal.com\\\/#website\",\"url\":\"https:\\\/\\\/elcardinal.com\\\/\",\"name\":\"El Cardinal\",\"description\":\"Periodismo honesto, con valor, sentido humano, a veces sarc\u00e1stico y divertido.\",\"publisher\":{\"@id\":\"https:\\\/\\\/elcardinal.com\\\/#organization\"},\"alternateName\":\"El Cardinal Noticias\",\"potentialAction\":[{\"@type\":\"SearchAction\",\"target\":{\"@type\":\"EntryPoint\",\"urlTemplate\":\"https:\\\/\\\/elcardinal.com\\\/?s={search_term_string}\"},\"query-input\":{\"@type\":\"PropertyValueSpecification\",\"valueRequired\":true,\"valueName\":\"search_term_string\"}}],\"inLanguage\":\"es\"},{\"@type\":\"Organization\",\"@id\":\"https:\\\/\\\/elcardinal.com\\\/#organization\",\"name\":\"El Cardinal\",\"url\":\"https:\\\/\\\/elcardinal.com\\\/\",\"logo\":{\"@type\":\"ImageObject\",\"inLanguage\":\"es\",\"@id\":\"https:\\\/\\\/elcardinal.com\\\/#\\\/schema\\\/logo\\\/image\\\/\",\"url\":\"https:\\\/\\\/elcardinal.com\\\/wp-content\\\/uploads\\\/2025\\\/04\\\/LOGO-EL-CARDINAL-Periodismo-con-valor.png\",\"contentUrl\":\"https:\\\/\\\/elcardinal.com\\\/wp-content\\\/uploads\\\/2025\\\/04\\\/LOGO-EL-CARDINAL-Periodismo-con-valor.png\",\"width\":755,\"height\":636,\"caption\":\"El Cardinal\"},\"image\":{\"@id\":\"https:\\\/\\\/elcardinal.com\\\/#\\\/schema\\\/logo\\\/image\\\/\"},\"sameAs\":[\"https:\\\/\\\/www.facebook.com\\\/profile.php?id=100063093107011\",\"https:\\\/\\\/x.com\\\/ElCardinal_Mx\"]},{\"@type\":\"Person\",\"@id\":\"https:\\\/\\\/elcardinal.com\\\/#\\\/schema\\\/person\\\/3c352ec0a33987fe275c0e8a2ea69f8b\",\"name\":\"Antonio Alcaraz\",\"image\":{\"@type\":\"ImageObject\",\"inLanguage\":\"es\",\"@id\":\"https:\\\/\\\/elcardinal.com\\\/wp-content\\\/uploads\\\/2025\\\/05\\\/cropped-TONO-96x96.jpg\",\"url\":\"https:\\\/\\\/elcardinal.com\\\/wp-content\\\/uploads\\\/2025\\\/05\\\/cropped-TONO-96x96.jpg\",\"contentUrl\":\"https:\\\/\\\/elcardinal.com\\\/wp-content\\\/uploads\\\/2025\\\/05\\\/cropped-TONO-96x96.jpg\",\"caption\":\"Antonio Alcaraz\"},\"url\":\"https:\\\/\\\/elcardinal.com\\\/?author=2\"}]}<\/script>\n<!-- \/ Yoast SEO plugin. -->","yoast_head_json":{"title":"Diputado propone fortalecer la activaci\u00f3n f\u00edsica y el deporte como pr\u00e1cticas cotidianas e incluyentes - El Cardinal","robots":{"index":"index","follow":"follow","max-snippet":"max-snippet:-1","max-image-preview":"max-image-preview:large","max-video-preview":"max-video-preview:-1"},"canonical":"https:\/\/elcardinal.com\/?p=6858","og_locale":"es_MX","og_type":"article","og_title":"Diputado propone fortalecer la activaci\u00f3n f\u00edsica y el deporte como pr\u00e1cticas cotidianas e incluyentes - El Cardinal","og_description":"Redacci\u00f3n En sesi\u00f3n de la Diputaci\u00f3n Permanente, el legislador Francisco Javier T\u00e9llez S\u00e1nchez (PT) propuso la iniciativa que reforma la Ley de Cultura F\u00edsica, Deporte y Recreaci\u00f3n para el Estado de Hidalgo, con la finalidad de fortalecer el marco jur\u00eddico estatal en materia de cultura f\u00edsica y deporte, promoviendo la activaci\u00f3n f\u00edsica como una pr\u00e1ctica","og_url":"https:\/\/elcardinal.com\/?p=6858","og_site_name":"El Cardinal","article_publisher":"https:\/\/www.facebook.com\/profile.php?id=100063093107011","article_published_time":"2026-08-25T15:13:50+00:00","article_modified_time":"2026-08-30T15:14:43+00:00","og_image":[{"width":2400,"height":1600,"url":"https:\/\/elcardinal.com\/wp-content\/uploads\/2026\/08\/Sesion-25.08.2026-Permanente-30.jpg","type":"image\/jpeg"}],"author":"Antonio Alcaraz","twitter_card":"summary_large_image","twitter_creator":"@ElCardinal_Mx","twitter_site":"@ElCardinal_Mx","twitter_misc":{"Escrito por":"Antonio Alcaraz","Tiempo de lectura":"2 minutos"},"schema":{"@context":"https:\/\/schema.org","@graph":[{"@type":"Article","@id":"https:\/\/elcardinal.com\/?p=6858#article","isPartOf":{"@id":"https:\/\/elcardinal.com\/?p=6858"},"author":{"name":"Antonio Alcaraz","@id":"https:\/\/elcardinal.com\/#\/schema\/person\/3c352ec0a33987fe275c0e8a2ea69f8b"},"headline":"Diputado propone fortalecer la activaci\u00f3n f\u00edsica y el deporte como pr\u00e1cticas cotidianas e incluyentes","datePublished":"2026-08-25T15:13:50+00:00","dateModified":"2026-08-30T15:14:43+00:00","mainEntityOfPage":{"@id":"https:\/\/elcardinal.com\/?p=6858"},"wordCount":276,"commentCount":0,"publisher":{"@id":"https:\/\/elcardinal.com\/#organization"},"image":{"@id":"https:\/\/elcardinal.com\/?p=6858#primaryimage"},"thumbnailUrl":"https:\/\/elcardinal.com\/wp-content\/uploads\/2026\/08\/Sesion-25.08.2026-Permanente-30.jpg","articleSection":["Hidalgo","Minuto a Minuto","Pol\u00edtica"],"inLanguage":"es","potentialAction":[{"@type":"CommentAction","name":"Comment","target":["https:\/\/elcardinal.com\/?p=6858#respond"]}]},{"@type":"WebPage","@id":"https:\/\/elcardinal.com\/?p=6858","url":"https:\/\/elcardinal.com\/?p=6858","name":"Diputado propone fortalecer la activaci\u00f3n f\u00edsica y el deporte como pr\u00e1cticas cotidianas e incluyentes - El Cardinal","isPartOf":{"@id":"https:\/\/elcardinal.com\/#website"},"primaryImageOfPage":{"@id":"https:\/\/elcardinal.com\/?p=6858#primaryimage"},"image":{"@id":"https:\/\/elcardinal.com\/?p=6858#primaryimage"},"thumbnailUrl":"https:\/\/elcardinal.com\/wp-content\/uploads\/2026\/08\/Sesion-25.08.2026-Permanente-30.jpg","datePublished":"2026-08-25T15:13:50+00:00","dateModified":"2026-08-30T15:14:43+00:00","breadcrumb":{"@id":"https:\/\/elcardinal.com\/?p=6858#breadcrumb"},"inLanguage":"es","potentialAction":[{"@type":"ReadAction","target":["https:\/\/elcardinal.com\/?p=6858"]}]},{"@type":"ImageObject","inLanguage":"es","@id":"https:\/\/elcardinal.com\/?p=6858#primaryimage","url":"https:\/\/elcardinal.com\/wp-content\/uploads\/2026\/08\/Sesion-25.08.2026-Permanente-30.jpg","contentUrl":"https:\/\/elcardinal.com\/wp-content\/uploads\/2026\/08\/Sesion-25.08.2026-Permanente-30.jpg","width":2400,"height":1600},{"@type":"BreadcrumbList","@id":"https:\/\/elcardinal.com\/?p=6858#breadcrumb","itemListElement":[{"@type":"ListItem","position":1,"name":"Inicio","item":"https:\/\/elcardinal.com\/"},{"@type":"ListItem","position":2,"name":"Diputado propone fortalecer la activaci\u00f3n f\u00edsica y el deporte como pr\u00e1cticas cotidianas e incluyentes"}]},{"@type":"WebSite","@id":"https:\/\/elcardinal.com\/#website","url":"https:\/\/elcardinal.com\/","name":"El Cardinal","description":"Periodismo honesto, con valor, sentido humano, a veces sarc\u00e1stico y divertido.","publisher":{"@id":"https:\/\/elcardinal.com\/#organization"},"alternateName":"El Cardinal Noticias","potentialAction":[{"@type":"SearchAction","target":{"@type":"EntryPoint","urlTemplate":"https:\/\/elcardinal.com\/?s={search_term_string}"},"query-input":{"@type":"PropertyValueSpecification","valueRequired":true,"valueName":"search_term_string"}}],"inLanguage":"es"},{"@type":"Organization","@id":"https:\/\/elcardinal.com\/#organization","name":"El Cardinal","url":"https:\/\/elcardinal.com\/","logo":{"@type":"ImageObject","inLanguage":"es","@id":"https:\/\/elcardinal.com\/#\/schema\/logo\/image\/","url":"https:\/\/elcardinal.com\/wp-content\/uploads\/2025\/04\/LOGO-EL-CARDINAL-Periodismo-con-valor.png","contentUrl":"https:\/\/elcardinal.com\/wp-content\/uploads\/2025\/04\/LOGO-EL-CARDINAL-Periodismo-con-valor.png","width":755,"height":636,"caption":"El Cardinal"},"image":{"@id":"https:\/\/elcardinal.com\/#\/schema\/logo\/image\/"},"sameAs":["https:\/\/www.facebook.com\/profile.php?id=100063093107011","https:\/\/x.com\/ElCardinal_Mx"]},{"@type":"Person","@id":"https:\/\/elcardinal.com\/#\/schema\/person\/3c352ec0a33987fe275c0e8a2ea69f8b","name":"Antonio Alcaraz","image":{"@type":"ImageObject","inLanguage":"es","@id":"https:\/\/elcardinal.com\/wp-content\/uploads\/2025\/05\/cropped-TONO-96x96.jpg","url":"https:\/\/elcardinal.com\/wp-content\/uploads\/2025\/05\/cropped-TONO-96x96.jpg","contentUrl":"https:\/\/elcardinal.com\/wp-content\/uploads\/2025\/05\/cropped-TONO-96x96.jpg","caption":"Antonio Alcaraz"},"url":"https:\/\/elcardinal.com\/?author=2"}]}},"_links":{"self":[{"href":"https:\/\/elcardinal.com\/index.php?rest_route=\/wp\/v2\/posts\/6858","targetHints":{"allow":["GET"]}}],"collection":[{"href":"https:\/\/elcardinal.com\/index.php?rest_route=\/wp\/v2\/posts"}],"about":[{"href":"https:\/\/elcardinal.com\/index.php?rest_route=\/wp\/v2\/types\/post"}],"author":[{"embeddable":true,"href":"https:\/\/elcardinal.com\/index.php?rest_route=\/wp\/v2\/users\/2"}],"replies":[{"embeddable":true,"href":"https:\/\/elcardinal.com\/index.php?rest_route=%2Fwp%2Fv2%2Fcomments&post=6858"}],"version-history":[{"count":1,"href":"https:\/\/elcardinal.com\/index.php?rest_route=\/wp\/v2\/posts\/6858\/revisions"}],"predecessor-version":[{"id":6860,"href":"https:\/\/elcardinal.com\/index.php?rest_route=\/wp\/v2\/posts\/6858\/revisions\/6860"}],"wp:featuredmedia":[{"embeddable":true,"href":"https:\/\/elcardinal.com\/index.php?rest_route=\/wp\/v2\/media\/6859"}],"wp:attachment":[{"href":"https:\/\/elcardinal.com\/index.php?rest_route=%2Fwp%2Fv2%2Fmedia&parent=6858"}],"wp:term":[{"taxonomy":"category","embeddable":true,"href":"https:\/\/elcardinal.com\/index.php?rest_route=%2Fwp%2Fv2%2Fcategories&post=6858"},{"taxonomy":"post_tag","embeddable":true,"href":"https:\/\/elcardinal.com\/index.php?rest_route=%2Fwp%2Fv2%2Ftags&post=6858"}],"curies":[{"name":"wp","href":"https:\/\/api.w.org\/{rel}","templated":true}]}}