{"id":6861,"date":"2026-08-28T09:14:47","date_gmt":"2026-08-28T15:14:47","guid":{"rendered":"https:\/\/elcardinal.com\/?p=6861"},"modified":"2026-08-30T09:17:05","modified_gmt":"2026-08-30T15:17:05","slug":"la-politica-se-mide-en-la-confianza-de-la-gente-andres-velazquez-vazquez-presenta-su-segundo-informe-de-actividades","status":"publish","type":"post","link":"https:\/\/elcardinal.com\/?p=6861","title":{"rendered":"\u201cLa pol\u00edtica se mide en la confianza de la gente\u201d: Andr\u00e9s Vel\u00e1zquez V\u00e1zquez presenta su Segundo Informe de Actividades"},"content":{"rendered":"<p>Redacci\u00f3n<\/p>\n<p><span style=\"font-weight: 400;\">Con un mensaje centrado en la cercan\u00eda ciudadana, la coordinaci\u00f3n institucional y los resultados legislativos, el diputado <\/span><b>Andr\u00e9s Vel\u00e1zquez V\u00e1zquez<\/b><span style=\"font-weight: 400;\">, presidente de la Junta de Gobierno del <\/span><b>Congreso del Estado de Hidalgo<\/b><span style=\"font-weight: 400;\"> y representante del Distrito XIII Pachuca Poniente, present\u00f3 su <\/span><b>Segundo Informe de Actividades<\/b><span style=\"font-weight: 400;\">, en el que destac\u00f3 que la pol\u00edtica adquiere sentido cuando se traduce en soluciones y bienestar para las familias.<\/span><\/p>\n<p><span style=\"font-weight: 400;\">Ante el gobernador de Hidalgo, <\/span><b>Julio Menchaca Salazar<\/b><span style=\"font-weight: 400;\"> y la magistrada presidenta del Poder Judicial, <\/span><b>Rebeca Aladro Echeverr\u00eda<\/b><span style=\"font-weight: 400;\">, legisladoras y legisladores, representantes de distintos sectores sociales, medios de comunicaci\u00f3n y ciudadanos, Vel\u00e1zquez V\u00e1zquez afirm\u00f3 que la confianza de la poblaci\u00f3n es la verdadera medida del trabajo pol\u00edtico.<\/span><\/p>\n<p><span style=\"font-weight: 400;\">\u201cLas palabras pueden emocionar por un momento, pero solo el trabajo constante permanece en la memoria del pueblo de Hidalgo\u201d, resalt\u00f3 en su mensaje.<\/span><\/p>\n<p><b>Legislar para transformar<\/b><\/p>\n<p><span style=\"font-weight: 400;\">Durante el periodo informado, el diputado registr\u00f3 un 99 por ciento de asistencia a las sesiones, present\u00f3 223 iniciativas y se adhiri\u00f3 a 19 propuestas, lo que representa 242 intervenciones legislativas en la materia.<\/span><\/p>\n<p><span style=\"font-weight: 400;\">Asimismo, particip\u00f3 en la presentaci\u00f3n de 37 acuerdos econ\u00f3micos, de los cuales 19 fueron aprobados, y acumul\u00f3 690 minutos en tribuna, contribuyendo al debate, di\u00e1logo y construcci\u00f3n legislativa.<\/span><\/p>\n<p><span style=\"font-weight: 400;\">De acuerdo con los resultados presentados, <\/span><b>Andr\u00e9s Vel\u00e1zquez V\u00e1zquez <\/b><span style=\"font-weight: 400;\">ocupa el primer lugar en n\u00famero de iniciativas aprobadas en la actual Legislatura.<\/span><\/p>\n<p><b>Una agenda legislativa con enfoque social<\/b><\/p>\n<p><span style=\"font-weight: 400;\">Entre las iniciativas impulsadas durante este segundo a\u00f1o destacan aquellas relacionadas con la salud mental, prevenci\u00f3n del suicidio y no discriminaci\u00f3n por orientaci\u00f3n sexual e identidad de g\u00e9nero, as\u00ed como propuestas para fortalecer la protecci\u00f3n y el bienestar animal.<\/span><\/p>\n<p><span style=\"font-weight: 400;\">A ello se suman propuestas orientadas a actualizar y fortalecer el marco jur\u00eddico local; la creaci\u00f3n de Procuradur\u00edas Municipales de Protecci\u00f3n de Ni\u00f1as, Ni\u00f1os y Adolescentes, as\u00ed como reformas encaminadas a reforzar el marco jur\u00eddico de protecci\u00f3n de este sector.<\/span><\/p>\n<p><span style=\"font-weight: 400;\">El conjunto de estas propuestas, se\u00f1al\u00f3, refleja una agenda encaminada a construir un Hidalgo m\u00e1s incluyente, protector, justo y con mejores condiciones de bienestar.<\/span><\/p>\n<p><b>Cuentas claras y fiscalizaci\u00f3n<\/b><\/p>\n<p><span style=\"font-weight: 400;\">El informe tambi\u00e9n destac\u00f3 el trabajo realizado desde la Comisi\u00f3n Inspectora de la Auditor\u00eda Superior del Estado de Hidalgo, de la cual es presidente, donde se llevaron a cabo nueve sesiones, se dio seguimiento a cinco logros de fiscalizaci\u00f3n con sus respectivos informes entregados a la comisi\u00f3n y se registr\u00f3 100 por ciento de asistencia.<\/span><\/p>\n<p><span style=\"font-weight: 400;\">Para el legislador, la responsabilidad p\u00fablica implica necesariamente transparencia, honestidad y rendici\u00f3n de cuentas.<\/span><\/p>\n<p><b>Reconocer a quienes hacen grande a Hidalgo<\/b><\/p>\n<p><span style=\"font-weight: 400;\">Desde la Comisi\u00f3n Especial para la entrega de la Medalla Miguel Hidalgo y Costilla y la Presea Pedro Mar\u00eda Anaya, el diputado gestion\u00f3 la entrega de<\/span> <span style=\"font-weight: 400;\">dos reconocimientos a hidalguenses sobresalientes.<\/span><\/p>\n<p><span style=\"font-weight: 400;\">Asimismo, record\u00f3 la entrega de la distinci\u00f3n \u201cLa Mina del Tiempo\u201d, como homenaje a personas que desde \u00e1mbitos como la cultura, ciencia, emprendimiento, sector empresarial, deporte, servicio p\u00fablico y compromiso social han contribuido a engrandecer al estado y al pa\u00eds.<\/span><\/p>\n<p><b>Un Congreso cercano y abierto a la ciudadan\u00eda<\/b><\/p>\n<p><span style=\"font-weight: 400;\">Durante su segundo a\u00f1o de actividades, el legislador destac\u00f3 la apertura de la Casa del Pueblo a estudiantes, organizaciones sociales, sectores productivos, mujeres, j\u00f3venes, adultos mayores, integrantes de la comunidad LGBTIQ+, ejidatarios y ciudadan\u00eda en general. \u201cEntendimos que el Congreso no pod\u00eda seguir siendo un Poder distante\u201d, se\u00f1al\u00f3.<\/span><\/p>\n<p><span style=\"font-weight: 400;\">En este sentido, resalt\u00f3 la atenci\u00f3n brindada desde su Casa de Atenci\u00f3n Ciudadana, donde acumul\u00f3 m\u00e1s de mil audiencias ciudadanas, adem\u00e1s de m\u00e1s de 500 reuniones en el Congreso del Estado con representantes de diferentes sectores y m\u00e1s de 400 peticiones recibidas mediante redes sociales.<\/span><\/p>\n<p><b>Gesti\u00f3n social con rostro humano<\/b><\/p>\n<p><span style=\"font-weight: 400;\">Durante el periodo informado, el diputado entreg\u00f3 apoyos para medicamentos, tratamientos m\u00e9dicos, insumos ortop\u00e9dicos, traslados y herramientas de trabajo, acciones que, de acuerdo con el legislador, contribuyeron a atender las necesidades de casi 2 mil personas.<\/span><\/p>\n<p><span style=\"font-weight: 400;\">Tambi\u00e9n impuls\u00f3 actividades culturales, deportivas y educativas, apoyos para fiestas patronales, uniformes de equipos deportivos, proyectos escolares y expresiones art\u00edsticas, entre ellas la creaci\u00f3n de murales en los tradicionales barrios altos de Pachuca.<\/span><\/p>\n<p><span style=\"font-weight: 400;\">El diputado destac\u00f3 adem\u00e1s las jornadas de esterilizaci\u00f3n de perros y gatos, como parte de una visi\u00f3n de gobierno sensible y responsable con el bienestar animal. Ante las afectaciones provocadas por la vaguada monz\u00f3nica, se\u00f1al\u00f3 que su equipo mantuvo presencia en territorio para acompa\u00f1ar a las familias que enfrentaron momentos de adversidad.<\/span><\/p>\n<p><b>Coordinaci\u00f3n entre gobiernos<\/b><\/p>\n<p><span style=\"font-weight: 400;\">El presidente de la Junta de Gobierno reconoci\u00f3 el trabajo de la primera presidenta de M\u00e9xico, la doctora <\/span><b>Claudia Sheinbaum Pardo<\/b><span style=\"font-weight: 400;\">, y destac\u00f3 que desde el Congreso de Hidalgo se aprobaron 28 minutas federales, como parte del acompa\u00f1amiento legislativo a la transformaci\u00f3n nacional.<\/span><\/p>\n<p><span style=\"font-weight: 400;\">Asimismo, reconoci\u00f3 al gobernador <\/span><b>Julio Menchaca Salazar<\/b><span style=\"font-weight: 400;\"> por las iniciativas presentadas ante el Congreso y el respaldo a la construcci\u00f3n del <\/span><b>nuevo Sal\u00f3n de Plenos<\/b><span style=\"font-weight: 400;\">, obra que calific\u00f3 como muestra del fortalecimiento institucional.<\/span><\/p>\n<p><span style=\"font-weight: 400;\">Tambi\u00e9n reconoci\u00f3 el trabajo de la magistrada presidenta del Poder Judicial, <\/span><b>Rebeca Aladro Echeverr\u00eda<\/b><span style=\"font-weight: 400;\">, particularmente por las propuestas encaminadas a fortalecer la mediaci\u00f3n y conciliaci\u00f3n como mecanismos para resolver conflictos familiares y civiles de manera m\u00e1s \u00e1gil.<\/span><\/p>\n<p><b>Resultados para Pachuca<\/b><\/p>\n<p><span style=\"font-weight: 400;\">Como representante del Distrito XIII Pachuca Poniente, el diputado afirm\u00f3 que mantiene presente el origen y las necesidades de la poblaci\u00f3n que representa.<\/span><\/p>\n<p><span style=\"font-weight: 400;\">Reconoci\u00f3 el trabajo del presidente municipal de Pachuca, <\/span><b>Jorge Reyes Hern\u00e1ndez<\/b><span style=\"font-weight: 400;\">, y destac\u00f3 que una de las iniciativas presentadas ante el Congreso permiti\u00f3 avanzar para que m\u00e1s de 2 mil trabajadores del municipio tengan acceso a seguridad social mediante el Instituto Mexicano del Seguro Social (IMSS).<\/span><\/p>\n<p><b>Fortalecimiento municipal y agenda de mujeres<\/b><\/p>\n<p><span style=\"font-weight: 400;\">En materia de fortalecimiento a los municipios, inform\u00f3 que el Congreso aprob\u00f3 financiamiento por parte de Banobras<\/span> <span style=\"font-weight: 400;\">por m\u00e1s de 125 millones de pesos, recursos que permitir\u00e1n a los gobiernos municipales contar con mayores herramientas para desarrollar obras y acciones en beneficio de sus comunidades.<\/span><\/p>\n<p><span style=\"font-weight: 400;\">Asimismo, destac\u00f3 las reformas e iniciativas impulsadas para fortalecer los derechos de las mujeres, ampliar su participaci\u00f3n y garantizar condiciones de igualdad y protecci\u00f3n.<\/span><\/p>\n<p><b>Una pol\u00edtica que pone a las personas en el centro<\/b><\/p>\n<p><span style=\"font-weight: 400;\">El diputado<\/span><b> Andr\u00e9s Vel\u00e1zquez V\u00e1zquez<\/b><span style=\"font-weight: 400;\"> agradeci\u00f3 a su familia, su principal fortaleza, a su equipo de trabajo y al partido que pertenece, Morena.<\/span><\/p>\n<p><span style=\"font-weight: 400;\">Asegur\u00f3 que todav\u00eda existen grandes retos, pero sostuvo que una pol\u00edtica con sentido humano puede transformar realidades. \u201cHoy puedo decir con serenidad que he honrado la confianza que me otorgaron. No con promesas. Con resultados. No con protagonismos. Con trabajo. No con discursos vac\u00edos. Con cercan\u00eda\u201d.<\/span><\/p>\n<p><span style=\"font-weight: 400;\">Fiel a una de las frases que ha acompa\u00f1ado su trayectoria p\u00fablica, cerr\u00f3 recordando que \u201ca la vida se viene a sumar amigos\u201d, reafirmando su cercan\u00eda con la ciudadan\u00eda y su compromiso de continuar trabajando desde el <\/span><b>Congreso del Estado de Hidalgo<\/b><span style=\"font-weight: 400;\">.<\/span><\/p>\n<p><b>Julio Menchaca Salazar<\/b><span style=\"font-weight: 400;\">, gobernador del estado, felicit\u00f3 al diputado por este ejercicio de rendici\u00f3n de cuentas y reconoci\u00f3 el esfuerzo conjunto de legisladores, gobiernos municipales, trabajadores, empresarios y distintos sectores sociales para construir un Hidalgo con mayores oportunidades y mejores condiciones de vida.<\/span><\/p>\n","protected":false},"excerpt":{"rendered":"<p>Redacci\u00f3n Con un mensaje centrado en la cercan\u00eda ciudadana, la coordinaci\u00f3n institucional y los resultados legislativos, el diputado Andr\u00e9s Vel\u00e1zquez V\u00e1zquez, presidente de la Junta de Gobierno del Congreso del Estado de Hidalgo y representante del Distrito XIII Pachuca Poniente, present\u00f3 su Segundo Informe de Actividades, en el que destac\u00f3 que la pol\u00edtica adquiere sentido<\/p>\n","protected":false},"author":2,"featured_media":6862,"comment_status":"open","ping_status":"open","sticky":false,"template":"","format":"standard","meta":{"footnotes":""},"categories":[31,44,39],"tags":[],"class_list":["post-6861","post","type-post","status-publish","format-standard","has-post-thumbnail","category-hidalgo","category-minuto-a-minuto","category-politica"],"yoast_head":"<!-- This site is optimized with the Yoast SEO plugin v28.0 - https:\/\/yoast.com\/product\/yoast-seo-wordpress\/ -->\n<title>\u201cLa pol\u00edtica se mide en la confianza de la gente\u201d: Andr\u00e9s Vel\u00e1zquez V\u00e1zquez presenta su Segundo Informe de Actividades - El Cardinal<\/title>\n<meta name=\"robots\" content=\"index, follow, max-snippet:-1, max-image-preview:large, max-video-preview:-1\" \/>\n<link rel=\"canonical\" href=\"https:\/\/elcardinal.com\/?p=6861\" \/>\n<meta property=\"og:locale\" content=\"es_MX\" \/>\n<meta property=\"og:type\" content=\"article\" \/>\n<meta property=\"og:title\" content=\"\u201cLa pol\u00edtica se mide en la confianza de la gente\u201d: Andr\u00e9s Vel\u00e1zquez V\u00e1zquez presenta su Segundo Informe de Actividades - El Cardinal\" \/>\n<meta property=\"og:description\" content=\"Redacci\u00f3n Con un mensaje centrado en la cercan\u00eda ciudadana, la coordinaci\u00f3n institucional y los resultados legislativos, el diputado Andr\u00e9s Vel\u00e1zquez V\u00e1zquez, presidente de la Junta de Gobierno del Congreso del Estado de Hidalgo y representante del Distrito XIII Pachuca Poniente, present\u00f3 su Segundo Informe de Actividades, en el que destac\u00f3 que la pol\u00edtica adquiere sentido\" \/>\n<meta property=\"og:url\" content=\"https:\/\/elcardinal.com\/?p=6861\" \/>\n<meta property=\"og:site_name\" content=\"El Cardinal\" \/>\n<meta property=\"article:publisher\" content=\"https:\/\/www.facebook.com\/profile.php?id=100063093107011\" \/>\n<meta property=\"article:published_time\" content=\"2026-08-28T15:14:47+00:00\" \/>\n<meta property=\"article:modified_time\" content=\"2026-08-30T15:17:05+00:00\" \/>\n<meta property=\"og:image\" content=\"https:\/\/elcardinal.com\/wp-content\/uploads\/2026\/08\/28.08.2026-2do.-Informe-Andres-Velazquez-137.jpg\" \/>\n\t<meta property=\"og:image:width\" content=\"2400\" \/>\n\t<meta property=\"og:image:height\" content=\"1600\" \/>\n\t<meta property=\"og:image:type\" content=\"image\/jpeg\" \/>\n<meta name=\"author\" content=\"Antonio Alcaraz\" \/>\n<meta name=\"twitter:card\" content=\"summary_large_image\" \/>\n<meta name=\"twitter:creator\" content=\"@ElCardinal_Mx\" \/>\n<meta name=\"twitter:site\" content=\"@ElCardinal_Mx\" \/>\n<meta name=\"twitter:label1\" content=\"Escrito por\" \/>\n\t<meta name=\"twitter:data1\" content=\"Antonio Alcaraz\" \/>\n\t<meta name=\"twitter:label2\" content=\"Tiempo de lectura\" \/>\n\t<meta name=\"twitter:data2\" content=\"6 minutos\" \/>\n<script type=\"application\/ld+json\" class=\"yoast-schema-graph\">{\"@context\":\"https:\\\/\\\/schema.org\",\"@graph\":[{\"@type\":\"Article\",\"@id\":\"https:\\\/\\\/elcardinal.com\\\/?p=6861#article\",\"isPartOf\":{\"@id\":\"https:\\\/\\\/elcardinal.com\\\/?p=6861\"},\"author\":{\"name\":\"Antonio Alcaraz\",\"@id\":\"https:\\\/\\\/elcardinal.com\\\/#\\\/schema\\\/person\\\/3c352ec0a33987fe275c0e8a2ea69f8b\"},\"headline\":\"\u201cLa pol\u00edtica se mide en la confianza de la gente\u201d: Andr\u00e9s Vel\u00e1zquez V\u00e1zquez presenta su Segundo Informe de Actividades\",\"datePublished\":\"2026-08-28T15:14:47+00:00\",\"dateModified\":\"2026-08-30T15:17:05+00:00\",\"mainEntityOfPage\":{\"@id\":\"https:\\\/\\\/elcardinal.com\\\/?p=6861\"},\"wordCount\":1251,\"commentCount\":0,\"publisher\":{\"@id\":\"https:\\\/\\\/elcardinal.com\\\/#organization\"},\"image\":{\"@id\":\"https:\\\/\\\/elcardinal.com\\\/?p=6861#primaryimage\"},\"thumbnailUrl\":\"https:\\\/\\\/elcardinal.com\\\/wp-content\\\/uploads\\\/2026\\\/08\\\/28.08.2026-2do.-Informe-Andres-Velazquez-137.jpg\",\"articleSection\":[\"Hidalgo\",\"Minuto a Minuto\",\"Pol\u00edtica\"],\"inLanguage\":\"es\",\"potentialAction\":[{\"@type\":\"CommentAction\",\"name\":\"Comment\",\"target\":[\"https:\\\/\\\/elcardinal.com\\\/?p=6861#respond\"]}]},{\"@type\":\"WebPage\",\"@id\":\"https:\\\/\\\/elcardinal.com\\\/?p=6861\",\"url\":\"https:\\\/\\\/elcardinal.com\\\/?p=6861\",\"name\":\"\u201cLa pol\u00edtica se mide en la confianza de la gente\u201d: Andr\u00e9s Vel\u00e1zquez V\u00e1zquez presenta su Segundo Informe de Actividades - El Cardinal\",\"isPartOf\":{\"@id\":\"https:\\\/\\\/elcardinal.com\\\/#website\"},\"primaryImageOfPage\":{\"@id\":\"https:\\\/\\\/elcardinal.com\\\/?p=6861#primaryimage\"},\"image\":{\"@id\":\"https:\\\/\\\/elcardinal.com\\\/?p=6861#primaryimage\"},\"thumbnailUrl\":\"https:\\\/\\\/elcardinal.com\\\/wp-content\\\/uploads\\\/2026\\\/08\\\/28.08.2026-2do.-Informe-Andres-Velazquez-137.jpg\",\"datePublished\":\"2026-08-28T15:14:47+00:00\",\"dateModified\":\"2026-08-30T15:17:05+00:00\",\"breadcrumb\":{\"@id\":\"https:\\\/\\\/elcardinal.com\\\/?p=6861#breadcrumb\"},\"inLanguage\":\"es\",\"potentialAction\":[{\"@type\":\"ReadAction\",\"target\":[\"https:\\\/\\\/elcardinal.com\\\/?p=6861\"]}]},{\"@type\":\"ImageObject\",\"inLanguage\":\"es\",\"@id\":\"https:\\\/\\\/elcardinal.com\\\/?p=6861#primaryimage\",\"url\":\"https:\\\/\\\/elcardinal.com\\\/wp-content\\\/uploads\\\/2026\\\/08\\\/28.08.2026-2do.-Informe-Andres-Velazquez-137.jpg\",\"contentUrl\":\"https:\\\/\\\/elcardinal.com\\\/wp-content\\\/uploads\\\/2026\\\/08\\\/28.08.2026-2do.-Informe-Andres-Velazquez-137.jpg\",\"width\":2400,\"height\":1600},{\"@type\":\"BreadcrumbList\",\"@id\":\"https:\\\/\\\/elcardinal.com\\\/?p=6861#breadcrumb\",\"itemListElement\":[{\"@type\":\"ListItem\",\"position\":1,\"name\":\"Inicio\",\"item\":\"https:\\\/\\\/elcardinal.com\\\/\"},{\"@type\":\"ListItem\",\"position\":2,\"name\":\"\u201cLa pol\u00edtica se mide en la confianza de la gente\u201d: Andr\u00e9s Vel\u00e1zquez V\u00e1zquez presenta su Segundo Informe de Actividades\"}]},{\"@type\":\"WebSite\",\"@id\":\"https:\\\/\\\/elcardinal.com\\\/#website\",\"url\":\"https:\\\/\\\/elcardinal.com\\\/\",\"name\":\"El Cardinal\",\"description\":\"Periodismo honesto, con valor, sentido humano, a veces sarc\u00e1stico y divertido.\",\"publisher\":{\"@id\":\"https:\\\/\\\/elcardinal.com\\\/#organization\"},\"alternateName\":\"El Cardinal Noticias\",\"potentialAction\":[{\"@type\":\"SearchAction\",\"target\":{\"@type\":\"EntryPoint\",\"urlTemplate\":\"https:\\\/\\\/elcardinal.com\\\/?s={search_term_string}\"},\"query-input\":{\"@type\":\"PropertyValueSpecification\",\"valueRequired\":true,\"valueName\":\"search_term_string\"}}],\"inLanguage\":\"es\"},{\"@type\":\"Organization\",\"@id\":\"https:\\\/\\\/elcardinal.com\\\/#organization\",\"name\":\"El Cardinal\",\"url\":\"https:\\\/\\\/elcardinal.com\\\/\",\"logo\":{\"@type\":\"ImageObject\",\"inLanguage\":\"es\",\"@id\":\"https:\\\/\\\/elcardinal.com\\\/#\\\/schema\\\/logo\\\/image\\\/\",\"url\":\"https:\\\/\\\/elcardinal.com\\\/wp-content\\\/uploads\\\/2025\\\/04\\\/LOGO-EL-CARDINAL-Periodismo-con-valor.png\",\"contentUrl\":\"https:\\\/\\\/elcardinal.com\\\/wp-content\\\/uploads\\\/2025\\\/04\\\/LOGO-EL-CARDINAL-Periodismo-con-valor.png\",\"width\":755,\"height\":636,\"caption\":\"El Cardinal\"},\"image\":{\"@id\":\"https:\\\/\\\/elcardinal.com\\\/#\\\/schema\\\/logo\\\/image\\\/\"},\"sameAs\":[\"https:\\\/\\\/www.facebook.com\\\/profile.php?id=100063093107011\",\"https:\\\/\\\/x.com\\\/ElCardinal_Mx\"]},{\"@type\":\"Person\",\"@id\":\"https:\\\/\\\/elcardinal.com\\\/#\\\/schema\\\/person\\\/3c352ec0a33987fe275c0e8a2ea69f8b\",\"name\":\"Antonio Alcaraz\",\"image\":{\"@type\":\"ImageObject\",\"inLanguage\":\"es\",\"@id\":\"https:\\\/\\\/elcardinal.com\\\/wp-content\\\/uploads\\\/2025\\\/05\\\/cropped-TONO-96x96.jpg\",\"url\":\"https:\\\/\\\/elcardinal.com\\\/wp-content\\\/uploads\\\/2025\\\/05\\\/cropped-TONO-96x96.jpg\",\"contentUrl\":\"https:\\\/\\\/elcardinal.com\\\/wp-content\\\/uploads\\\/2025\\\/05\\\/cropped-TONO-96x96.jpg\",\"caption\":\"Antonio Alcaraz\"},\"url\":\"https:\\\/\\\/elcardinal.com\\\/?author=2\"}]}<\/script>\n<!-- \/ Yoast SEO plugin. -->","yoast_head_json":{"title":"\u201cLa pol\u00edtica se mide en la confianza de la gente\u201d: Andr\u00e9s Vel\u00e1zquez V\u00e1zquez presenta su Segundo Informe de Actividades - El Cardinal","robots":{"index":"index","follow":"follow","max-snippet":"max-snippet:-1","max-image-preview":"max-image-preview:large","max-video-preview":"max-video-preview:-1"},"canonical":"https:\/\/elcardinal.com\/?p=6861","og_locale":"es_MX","og_type":"article","og_title":"\u201cLa pol\u00edtica se mide en la confianza de la gente\u201d: Andr\u00e9s Vel\u00e1zquez V\u00e1zquez presenta su Segundo Informe de Actividades - El Cardinal","og_description":"Redacci\u00f3n Con un mensaje centrado en la cercan\u00eda ciudadana, la coordinaci\u00f3n institucional y los resultados legislativos, el diputado Andr\u00e9s Vel\u00e1zquez V\u00e1zquez, presidente de la Junta de Gobierno del Congreso del Estado de Hidalgo y representante del Distrito XIII Pachuca Poniente, present\u00f3 su Segundo Informe de Actividades, en el que destac\u00f3 que la pol\u00edtica adquiere sentido","og_url":"https:\/\/elcardinal.com\/?p=6861","og_site_name":"El Cardinal","article_publisher":"https:\/\/www.facebook.com\/profile.php?id=100063093107011","article_published_time":"2026-08-28T15:14:47+00:00","article_modified_time":"2026-08-30T15:17:05+00:00","og_image":[{"width":2400,"height":1600,"url":"https:\/\/elcardinal.com\/wp-content\/uploads\/2026\/08\/28.08.2026-2do.-Informe-Andres-Velazquez-137.jpg","type":"image\/jpeg"}],"author":"Antonio Alcaraz","twitter_card":"summary_large_image","twitter_creator":"@ElCardinal_Mx","twitter_site":"@ElCardinal_Mx","twitter_misc":{"Escrito por":"Antonio Alcaraz","Tiempo de lectura":"6 minutos"},"schema":{"@context":"https:\/\/schema.org","@graph":[{"@type":"Article","@id":"https:\/\/elcardinal.com\/?p=6861#article","isPartOf":{"@id":"https:\/\/elcardinal.com\/?p=6861"},"author":{"name":"Antonio Alcaraz","@id":"https:\/\/elcardinal.com\/#\/schema\/person\/3c352ec0a33987fe275c0e8a2ea69f8b"},"headline":"\u201cLa pol\u00edtica se mide en la confianza de la gente\u201d: Andr\u00e9s Vel\u00e1zquez V\u00e1zquez presenta su Segundo Informe de Actividades","datePublished":"2026-08-28T15:14:47+00:00","dateModified":"2026-08-30T15:17:05+00:00","mainEntityOfPage":{"@id":"https:\/\/elcardinal.com\/?p=6861"},"wordCount":1251,"commentCount":0,"publisher":{"@id":"https:\/\/elcardinal.com\/#organization"},"image":{"@id":"https:\/\/elcardinal.com\/?p=6861#primaryimage"},"thumbnailUrl":"https:\/\/elcardinal.com\/wp-content\/uploads\/2026\/08\/28.08.2026-2do.-Informe-Andres-Velazquez-137.jpg","articleSection":["Hidalgo","Minuto a Minuto","Pol\u00edtica"],"inLanguage":"es","potentialAction":[{"@type":"CommentAction","name":"Comment","target":["https:\/\/elcardinal.com\/?p=6861#respond"]}]},{"@type":"WebPage","@id":"https:\/\/elcardinal.com\/?p=6861","url":"https:\/\/elcardinal.com\/?p=6861","name":"\u201cLa pol\u00edtica se mide en la confianza de la gente\u201d: Andr\u00e9s Vel\u00e1zquez V\u00e1zquez presenta su Segundo Informe de Actividades - El Cardinal","isPartOf":{"@id":"https:\/\/elcardinal.com\/#website"},"primaryImageOfPage":{"@id":"https:\/\/elcardinal.com\/?p=6861#primaryimage"},"image":{"@id":"https:\/\/elcardinal.com\/?p=6861#primaryimage"},"thumbnailUrl":"https:\/\/elcardinal.com\/wp-content\/uploads\/2026\/08\/28.08.2026-2do.-Informe-Andres-Velazquez-137.jpg","datePublished":"2026-08-28T15:14:47+00:00","dateModified":"2026-08-30T15:17:05+00:00","breadcrumb":{"@id":"https:\/\/elcardinal.com\/?p=6861#breadcrumb"},"inLanguage":"es","potentialAction":[{"@type":"ReadAction","target":["https:\/\/elcardinal.com\/?p=6861"]}]},{"@type":"ImageObject","inLanguage":"es","@id":"https:\/\/elcardinal.com\/?p=6861#primaryimage","url":"https:\/\/elcardinal.com\/wp-content\/uploads\/2026\/08\/28.08.2026-2do.-Informe-Andres-Velazquez-137.jpg","contentUrl":"https:\/\/elcardinal.com\/wp-content\/uploads\/2026\/08\/28.08.2026-2do.-Informe-Andres-Velazquez-137.jpg","width":2400,"height":1600},{"@type":"BreadcrumbList","@id":"https:\/\/elcardinal.com\/?p=6861#breadcrumb","itemListElement":[{"@type":"ListItem","position":1,"name":"Inicio","item":"https:\/\/elcardinal.com\/"},{"@type":"ListItem","position":2,"name":"\u201cLa pol\u00edtica se mide en la confianza de la gente\u201d: Andr\u00e9s Vel\u00e1zquez V\u00e1zquez presenta su Segundo Informe de Actividades"}]},{"@type":"WebSite","@id":"https:\/\/elcardinal.com\/#website","url":"https:\/\/elcardinal.com\/","name":"El Cardinal","description":"Periodismo honesto, con valor, sentido humano, a veces sarc\u00e1stico y divertido.","publisher":{"@id":"https:\/\/elcardinal.com\/#organization"},"alternateName":"El Cardinal Noticias","potentialAction":[{"@type":"SearchAction","target":{"@type":"EntryPoint","urlTemplate":"https:\/\/elcardinal.com\/?s={search_term_string}"},"query-input":{"@type":"PropertyValueSpecification","valueRequired":true,"valueName":"search_term_string"}}],"inLanguage":"es"},{"@type":"Organization","@id":"https:\/\/elcardinal.com\/#organization","name":"El Cardinal","url":"https:\/\/elcardinal.com\/","logo":{"@type":"ImageObject","inLanguage":"es","@id":"https:\/\/elcardinal.com\/#\/schema\/logo\/image\/","url":"https:\/\/elcardinal.com\/wp-content\/uploads\/2025\/04\/LOGO-EL-CARDINAL-Periodismo-con-valor.png","contentUrl":"https:\/\/elcardinal.com\/wp-content\/uploads\/2025\/04\/LOGO-EL-CARDINAL-Periodismo-con-valor.png","width":755,"height":636,"caption":"El Cardinal"},"image":{"@id":"https:\/\/elcardinal.com\/#\/schema\/logo\/image\/"},"sameAs":["https:\/\/www.facebook.com\/profile.php?id=100063093107011","https:\/\/x.com\/ElCardinal_Mx"]},{"@type":"Person","@id":"https:\/\/elcardinal.com\/#\/schema\/person\/3c352ec0a33987fe275c0e8a2ea69f8b","name":"Antonio Alcaraz","image":{"@type":"ImageObject","inLanguage":"es","@id":"https:\/\/elcardinal.com\/wp-content\/uploads\/2025\/05\/cropped-TONO-96x96.jpg","url":"https:\/\/elcardinal.com\/wp-content\/uploads\/2025\/05\/cropped-TONO-96x96.jpg","contentUrl":"https:\/\/elcardinal.com\/wp-content\/uploads\/2025\/05\/cropped-TONO-96x96.jpg","caption":"Antonio Alcaraz"},"url":"https:\/\/elcardinal.com\/?author=2"}]}},"_links":{"self":[{"href":"https:\/\/elcardinal.com\/index.php?rest_route=\/wp\/v2\/posts\/6861","targetHints":{"allow":["GET"]}}],"collection":[{"href":"https:\/\/elcardinal.com\/index.php?rest_route=\/wp\/v2\/posts"}],"about":[{"href":"https:\/\/elcardinal.com\/index.php?rest_route=\/wp\/v2\/types\/post"}],"author":[{"embeddable":true,"href":"https:\/\/elcardinal.com\/index.php?rest_route=\/wp\/v2\/users\/2"}],"replies":[{"embeddable":true,"href":"https:\/\/elcardinal.com\/index.php?rest_route=%2Fwp%2Fv2%2Fcomments&post=6861"}],"version-history":[{"count":1,"href":"https:\/\/elcardinal.com\/index.php?rest_route=\/wp\/v2\/posts\/6861\/revisions"}],"predecessor-version":[{"id":6863,"href":"https:\/\/elcardinal.com\/index.php?rest_route=\/wp\/v2\/posts\/6861\/revisions\/6863"}],"wp:featuredmedia":[{"embeddable":true,"href":"https:\/\/elcardinal.com\/index.php?rest_route=\/wp\/v2\/media\/6862"}],"wp:attachment":[{"href":"https:\/\/elcardinal.com\/index.php?rest_route=%2Fwp%2Fv2%2Fmedia&parent=6861"}],"wp:term":[{"taxonomy":"category","embeddable":true,"href":"https:\/\/elcardinal.com\/index.php?rest_route=%2Fwp%2Fv2%2Fcategories&post=6861"},{"taxonomy":"post_tag","embeddable":true,"href":"https:\/\/elcardinal.com\/index.php?rest_route=%2Fwp%2Fv2%2Ftags&post=6861"}],"curies":[{"name":"wp","href":"https:\/\/api.w.org\/{rel}","templated":true}]}}