{"id":6865,"date":"2026-08-30T19:41:04","date_gmt":"2026-08-31T01:41:04","guid":{"rendered":"https:\/\/elcardinal.com\/?p=6865"},"modified":"2026-08-30T19:41:04","modified_gmt":"2026-08-31T01:41:04","slug":"regresaran-a-clases-569-mil-estudiantes-de-educacion-basica-en-hidalgo","status":"publish","type":"post","link":"https:\/\/elcardinal.com\/?p=6865","title":{"rendered":"Regresar\u00e1n a clases 569 mil estudiantes de educaci\u00f3n b\u00e1sica en Hidalgo"},"content":{"rendered":"<p>Redacci\u00f3n<\/p>\n<p>El secretario de Educaci\u00f3n P\u00fablica de Hidalgo, Natividad Castrej\u00f3n Valdez, inform\u00f3 que 569 mil estudiantes de educaci\u00f3n b\u00e1sica regresar\u00e1n a clases el pr\u00f3ximo 31 de agosto, en apego al calendario escolar 2026-2027.<\/p>\n<p>Como parte de la preparaci\u00f3n para el inicio del ciclo, la SEPH realiz\u00f3 acciones coordinadas para que las comunidades escolares contaran con los materiales necesarios desde el primer d\u00eda.<\/p>\n<p>Estas acciones forman parte de la pol\u00edtica educativa impulsada por el gobernador Julio Menchaca Salazar y tienen como prop\u00f3sito garantizar condiciones adecuadas para el regreso a clases y el desarrollo de las comunidades escolares.<\/p>\n<p>Natividad Castrej\u00f3n inform\u00f3 que se distribuir\u00e1n 3 millones 958 mil 230 libros de texto gratuitos y 488 mil 977 paquetes de \u00fatiles escolares, mediante un trabajo conjunto con las subsecretar\u00edas de Educaci\u00f3n B\u00e1sica, Administraci\u00f3n y Finanzas, as\u00ed como Planeaci\u00f3n y Evaluaci\u00f3n; adem\u00e1s de las direcciones generales de Servicios Regionales y Educaci\u00f3n B\u00e1sica, a trav\u00e9s de la direcci\u00f3n de Materiales Educativos.<\/p>\n<p>Asimismo, se\u00f1al\u00f3 que se contempla la entrega de 475 mil 14 uniformes y 475 mil 14 pares de calzado escolar, que ser\u00e1n distribuidos durante las primeras semanas del ciclo directamente en los centros escolares, incluidas las comunidades apartadas.<\/p>\n<p>Los vales para \u00fatiles escolares comenzaron a imprimirse el 24 de agosto mediante el Sistema de Padres de Familia (SIP) y podr\u00e1n canjearse desde el primer d\u00eda de clases. Para dudas, las familias pueden comunicarse al 771 711 6044, 771 717 3500 ext. 2057, al correo sispadresdefam2@seph.b.mx o mediante el chatbot 771 175 6152.<\/p>\n<p>Finalmente, Natividad Castrej\u00f3n Valdez se\u00f1al\u00f3 que continuar\u00e1 el trabajo para que este nuevo ciclo represente m\u00e1s oportunidades para ni\u00f1as, ni\u00f1os, adolescentes y j\u00f3venes, con una educaci\u00f3n que transforme y abra caminos.<\/p>\n","protected":false},"excerpt":{"rendered":"<p>Redacci\u00f3n El secretario de Educaci\u00f3n P\u00fablica de Hidalgo, Natividad Castrej\u00f3n Valdez, inform\u00f3 que 569 mil estudiantes de educaci\u00f3n b\u00e1sica regresar\u00e1n a clases el pr\u00f3ximo 31 de agosto, en apego al calendario escolar 2026-2027. Como parte de la preparaci\u00f3n para el inicio del ciclo, la SEPH realiz\u00f3 acciones coordinadas para que las comunidades escolares contaran con<\/p>\n","protected":false},"author":2,"featured_media":6867,"comment_status":"open","ping_status":"open","sticky":false,"template":"","format":"standard","meta":{"footnotes":""},"categories":[404,31,44],"tags":[128,215],"class_list":["post-6865","post","type-post","status-publish","format-standard","has-post-thumbnail","category-educacion","category-hidalgo","category-minuto-a-minuto","tag-natividad-castrejon","tag-seph"],"yoast_head":"<!-- This site is optimized with the Yoast SEO plugin v28.0 - https:\/\/yoast.com\/product\/yoast-seo-wordpress\/ -->\n<title>Regresar\u00e1n a clases 569 mil estudiantes de educaci\u00f3n b\u00e1sica en Hidalgo - El Cardinal<\/title>\n<meta name=\"robots\" content=\"index, follow, max-snippet:-1, max-image-preview:large, max-video-preview:-1\" \/>\n<link rel=\"canonical\" href=\"https:\/\/elcardinal.com\/?p=6865\" \/>\n<meta property=\"og:locale\" content=\"es_MX\" \/>\n<meta property=\"og:type\" content=\"article\" \/>\n<meta property=\"og:title\" content=\"Regresar\u00e1n a clases 569 mil estudiantes de educaci\u00f3n b\u00e1sica en Hidalgo - El Cardinal\" \/>\n<meta property=\"og:description\" content=\"Redacci\u00f3n El secretario de Educaci\u00f3n P\u00fablica de Hidalgo, Natividad Castrej\u00f3n Valdez, inform\u00f3 que 569 mil estudiantes de educaci\u00f3n b\u00e1sica regresar\u00e1n a clases el pr\u00f3ximo 31 de agosto, en apego al calendario escolar 2026-2027. Como parte de la preparaci\u00f3n para el inicio del ciclo, la SEPH realiz\u00f3 acciones coordinadas para que las comunidades escolares contaran con\" \/>\n<meta property=\"og:url\" content=\"https:\/\/elcardinal.com\/?p=6865\" \/>\n<meta property=\"og:site_name\" content=\"El Cardinal\" \/>\n<meta property=\"article:publisher\" content=\"https:\/\/www.facebook.com\/profile.php?id=100063093107011\" \/>\n<meta property=\"article:published_time\" content=\"2026-08-31T01:41:04+00:00\" \/>\n<meta property=\"og:image\" content=\"https:\/\/elcardinal.com\/wp-content\/uploads\/2026\/08\/2_Regresaran-a-clases-569-mil-estudiantes-de-educacion-basica-en-Hidalgo.jpg\" \/>\n\t<meta property=\"og:image:width\" content=\"1280\" \/>\n\t<meta property=\"og:image:height\" content=\"853\" \/>\n\t<meta property=\"og:image:type\" content=\"image\/jpeg\" \/>\n<meta name=\"author\" content=\"Antonio Alcaraz\" \/>\n<meta name=\"twitter:card\" content=\"summary_large_image\" \/>\n<meta name=\"twitter:creator\" content=\"@ElCardinal_Mx\" \/>\n<meta name=\"twitter:site\" content=\"@ElCardinal_Mx\" \/>\n<meta name=\"twitter:label1\" content=\"Escrito por\" \/>\n\t<meta name=\"twitter:data1\" content=\"Antonio Alcaraz\" \/>\n\t<meta name=\"twitter:label2\" content=\"Tiempo de lectura\" \/>\n\t<meta name=\"twitter:data2\" content=\"2 minutos\" \/>\n<script type=\"application\/ld+json\" class=\"yoast-schema-graph\">{\"@context\":\"https:\\\/\\\/schema.org\",\"@graph\":[{\"@type\":\"Article\",\"@id\":\"https:\\\/\\\/elcardinal.com\\\/?p=6865#article\",\"isPartOf\":{\"@id\":\"https:\\\/\\\/elcardinal.com\\\/?p=6865\"},\"author\":{\"name\":\"Antonio Alcaraz\",\"@id\":\"https:\\\/\\\/elcardinal.com\\\/#\\\/schema\\\/person\\\/3c352ec0a33987fe275c0e8a2ea69f8b\"},\"headline\":\"Regresar\u00e1n a clases 569 mil estudiantes de educaci\u00f3n b\u00e1sica en Hidalgo\",\"datePublished\":\"2026-08-31T01:41:04+00:00\",\"mainEntityOfPage\":{\"@id\":\"https:\\\/\\\/elcardinal.com\\\/?p=6865\"},\"wordCount\":309,\"commentCount\":0,\"publisher\":{\"@id\":\"https:\\\/\\\/elcardinal.com\\\/#organization\"},\"image\":{\"@id\":\"https:\\\/\\\/elcardinal.com\\\/?p=6865#primaryimage\"},\"thumbnailUrl\":\"https:\\\/\\\/elcardinal.com\\\/wp-content\\\/uploads\\\/2026\\\/08\\\/2_Regresaran-a-clases-569-mil-estudiantes-de-educacion-basica-en-Hidalgo.jpg\",\"keywords\":[\"Natividad Castrej\u00f3n\",\"SEPH\"],\"articleSection\":[\"Educaci\u00f3n\",\"Hidalgo\",\"Minuto a Minuto\"],\"inLanguage\":\"es\",\"potentialAction\":[{\"@type\":\"CommentAction\",\"name\":\"Comment\",\"target\":[\"https:\\\/\\\/elcardinal.com\\\/?p=6865#respond\"]}]},{\"@type\":\"WebPage\",\"@id\":\"https:\\\/\\\/elcardinal.com\\\/?p=6865\",\"url\":\"https:\\\/\\\/elcardinal.com\\\/?p=6865\",\"name\":\"Regresar\u00e1n a clases 569 mil estudiantes de educaci\u00f3n b\u00e1sica en Hidalgo - El Cardinal\",\"isPartOf\":{\"@id\":\"https:\\\/\\\/elcardinal.com\\\/#website\"},\"primaryImageOfPage\":{\"@id\":\"https:\\\/\\\/elcardinal.com\\\/?p=6865#primaryimage\"},\"image\":{\"@id\":\"https:\\\/\\\/elcardinal.com\\\/?p=6865#primaryimage\"},\"thumbnailUrl\":\"https:\\\/\\\/elcardinal.com\\\/wp-content\\\/uploads\\\/2026\\\/08\\\/2_Regresaran-a-clases-569-mil-estudiantes-de-educacion-basica-en-Hidalgo.jpg\",\"datePublished\":\"2026-08-31T01:41:04+00:00\",\"breadcrumb\":{\"@id\":\"https:\\\/\\\/elcardinal.com\\\/?p=6865#breadcrumb\"},\"inLanguage\":\"es\",\"potentialAction\":[{\"@type\":\"ReadAction\",\"target\":[\"https:\\\/\\\/elcardinal.com\\\/?p=6865\"]}]},{\"@type\":\"ImageObject\",\"inLanguage\":\"es\",\"@id\":\"https:\\\/\\\/elcardinal.com\\\/?p=6865#primaryimage\",\"url\":\"https:\\\/\\\/elcardinal.com\\\/wp-content\\\/uploads\\\/2026\\\/08\\\/2_Regresaran-a-clases-569-mil-estudiantes-de-educacion-basica-en-Hidalgo.jpg\",\"contentUrl\":\"https:\\\/\\\/elcardinal.com\\\/wp-content\\\/uploads\\\/2026\\\/08\\\/2_Regresaran-a-clases-569-mil-estudiantes-de-educacion-basica-en-Hidalgo.jpg\",\"width\":1280,\"height\":853},{\"@type\":\"BreadcrumbList\",\"@id\":\"https:\\\/\\\/elcardinal.com\\\/?p=6865#breadcrumb\",\"itemListElement\":[{\"@type\":\"ListItem\",\"position\":1,\"name\":\"Inicio\",\"item\":\"https:\\\/\\\/elcardinal.com\\\/\"},{\"@type\":\"ListItem\",\"position\":2,\"name\":\"Regresar\u00e1n a clases 569 mil estudiantes de educaci\u00f3n b\u00e1sica en Hidalgo\"}]},{\"@type\":\"WebSite\",\"@id\":\"https:\\\/\\\/elcardinal.com\\\/#website\",\"url\":\"https:\\\/\\\/elcardinal.com\\\/\",\"name\":\"El Cardinal\",\"description\":\"Periodismo honesto, con valor, sentido humano, a veces sarc\u00e1stico y divertido.\",\"publisher\":{\"@id\":\"https:\\\/\\\/elcardinal.com\\\/#organization\"},\"alternateName\":\"El Cardinal Noticias\",\"potentialAction\":[{\"@type\":\"SearchAction\",\"target\":{\"@type\":\"EntryPoint\",\"urlTemplate\":\"https:\\\/\\\/elcardinal.com\\\/?s={search_term_string}\"},\"query-input\":{\"@type\":\"PropertyValueSpecification\",\"valueRequired\":true,\"valueName\":\"search_term_string\"}}],\"inLanguage\":\"es\"},{\"@type\":\"Organization\",\"@id\":\"https:\\\/\\\/elcardinal.com\\\/#organization\",\"name\":\"El Cardinal\",\"url\":\"https:\\\/\\\/elcardinal.com\\\/\",\"logo\":{\"@type\":\"ImageObject\",\"inLanguage\":\"es\",\"@id\":\"https:\\\/\\\/elcardinal.com\\\/#\\\/schema\\\/logo\\\/image\\\/\",\"url\":\"https:\\\/\\\/elcardinal.com\\\/wp-content\\\/uploads\\\/2025\\\/04\\\/LOGO-EL-CARDINAL-Periodismo-con-valor.png\",\"contentUrl\":\"https:\\\/\\\/elcardinal.com\\\/wp-content\\\/uploads\\\/2025\\\/04\\\/LOGO-EL-CARDINAL-Periodismo-con-valor.png\",\"width\":755,\"height\":636,\"caption\":\"El Cardinal\"},\"image\":{\"@id\":\"https:\\\/\\\/elcardinal.com\\\/#\\\/schema\\\/logo\\\/image\\\/\"},\"sameAs\":[\"https:\\\/\\\/www.facebook.com\\\/profile.php?id=100063093107011\",\"https:\\\/\\\/x.com\\\/ElCardinal_Mx\"]},{\"@type\":\"Person\",\"@id\":\"https:\\\/\\\/elcardinal.com\\\/#\\\/schema\\\/person\\\/3c352ec0a33987fe275c0e8a2ea69f8b\",\"name\":\"Antonio Alcaraz\",\"image\":{\"@type\":\"ImageObject\",\"inLanguage\":\"es\",\"@id\":\"https:\\\/\\\/elcardinal.com\\\/wp-content\\\/uploads\\\/2025\\\/05\\\/cropped-TONO-96x96.jpg\",\"url\":\"https:\\\/\\\/elcardinal.com\\\/wp-content\\\/uploads\\\/2025\\\/05\\\/cropped-TONO-96x96.jpg\",\"contentUrl\":\"https:\\\/\\\/elcardinal.com\\\/wp-content\\\/uploads\\\/2025\\\/05\\\/cropped-TONO-96x96.jpg\",\"caption\":\"Antonio Alcaraz\"},\"url\":\"https:\\\/\\\/elcardinal.com\\\/?author=2\"}]}<\/script>\n<!-- \/ Yoast SEO plugin. -->","yoast_head_json":{"title":"Regresar\u00e1n a clases 569 mil estudiantes de educaci\u00f3n b\u00e1sica en Hidalgo - El Cardinal","robots":{"index":"index","follow":"follow","max-snippet":"max-snippet:-1","max-image-preview":"max-image-preview:large","max-video-preview":"max-video-preview:-1"},"canonical":"https:\/\/elcardinal.com\/?p=6865","og_locale":"es_MX","og_type":"article","og_title":"Regresar\u00e1n a clases 569 mil estudiantes de educaci\u00f3n b\u00e1sica en Hidalgo - El Cardinal","og_description":"Redacci\u00f3n El secretario de Educaci\u00f3n P\u00fablica de Hidalgo, Natividad Castrej\u00f3n Valdez, inform\u00f3 que 569 mil estudiantes de educaci\u00f3n b\u00e1sica regresar\u00e1n a clases el pr\u00f3ximo 31 de agosto, en apego al calendario escolar 2026-2027. Como parte de la preparaci\u00f3n para el inicio del ciclo, la SEPH realiz\u00f3 acciones coordinadas para que las comunidades escolares contaran con","og_url":"https:\/\/elcardinal.com\/?p=6865","og_site_name":"El Cardinal","article_publisher":"https:\/\/www.facebook.com\/profile.php?id=100063093107011","article_published_time":"2026-08-31T01:41:04+00:00","og_image":[{"width":1280,"height":853,"url":"https:\/\/elcardinal.com\/wp-content\/uploads\/2026\/08\/2_Regresaran-a-clases-569-mil-estudiantes-de-educacion-basica-en-Hidalgo.jpg","type":"image\/jpeg"}],"author":"Antonio Alcaraz","twitter_card":"summary_large_image","twitter_creator":"@ElCardinal_Mx","twitter_site":"@ElCardinal_Mx","twitter_misc":{"Escrito por":"Antonio Alcaraz","Tiempo de lectura":"2 minutos"},"schema":{"@context":"https:\/\/schema.org","@graph":[{"@type":"Article","@id":"https:\/\/elcardinal.com\/?p=6865#article","isPartOf":{"@id":"https:\/\/elcardinal.com\/?p=6865"},"author":{"name":"Antonio Alcaraz","@id":"https:\/\/elcardinal.com\/#\/schema\/person\/3c352ec0a33987fe275c0e8a2ea69f8b"},"headline":"Regresar\u00e1n a clases 569 mil estudiantes de educaci\u00f3n b\u00e1sica en Hidalgo","datePublished":"2026-08-31T01:41:04+00:00","mainEntityOfPage":{"@id":"https:\/\/elcardinal.com\/?p=6865"},"wordCount":309,"commentCount":0,"publisher":{"@id":"https:\/\/elcardinal.com\/#organization"},"image":{"@id":"https:\/\/elcardinal.com\/?p=6865#primaryimage"},"thumbnailUrl":"https:\/\/elcardinal.com\/wp-content\/uploads\/2026\/08\/2_Regresaran-a-clases-569-mil-estudiantes-de-educacion-basica-en-Hidalgo.jpg","keywords":["Natividad Castrej\u00f3n","SEPH"],"articleSection":["Educaci\u00f3n","Hidalgo","Minuto a Minuto"],"inLanguage":"es","potentialAction":[{"@type":"CommentAction","name":"Comment","target":["https:\/\/elcardinal.com\/?p=6865#respond"]}]},{"@type":"WebPage","@id":"https:\/\/elcardinal.com\/?p=6865","url":"https:\/\/elcardinal.com\/?p=6865","name":"Regresar\u00e1n a clases 569 mil estudiantes de educaci\u00f3n b\u00e1sica en Hidalgo - El Cardinal","isPartOf":{"@id":"https:\/\/elcardinal.com\/#website"},"primaryImageOfPage":{"@id":"https:\/\/elcardinal.com\/?p=6865#primaryimage"},"image":{"@id":"https:\/\/elcardinal.com\/?p=6865#primaryimage"},"thumbnailUrl":"https:\/\/elcardinal.com\/wp-content\/uploads\/2026\/08\/2_Regresaran-a-clases-569-mil-estudiantes-de-educacion-basica-en-Hidalgo.jpg","datePublished":"2026-08-31T01:41:04+00:00","breadcrumb":{"@id":"https:\/\/elcardinal.com\/?p=6865#breadcrumb"},"inLanguage":"es","potentialAction":[{"@type":"ReadAction","target":["https:\/\/elcardinal.com\/?p=6865"]}]},{"@type":"ImageObject","inLanguage":"es","@id":"https:\/\/elcardinal.com\/?p=6865#primaryimage","url":"https:\/\/elcardinal.com\/wp-content\/uploads\/2026\/08\/2_Regresaran-a-clases-569-mil-estudiantes-de-educacion-basica-en-Hidalgo.jpg","contentUrl":"https:\/\/elcardinal.com\/wp-content\/uploads\/2026\/08\/2_Regresaran-a-clases-569-mil-estudiantes-de-educacion-basica-en-Hidalgo.jpg","width":1280,"height":853},{"@type":"BreadcrumbList","@id":"https:\/\/elcardinal.com\/?p=6865#breadcrumb","itemListElement":[{"@type":"ListItem","position":1,"name":"Inicio","item":"https:\/\/elcardinal.com\/"},{"@type":"ListItem","position":2,"name":"Regresar\u00e1n a clases 569 mil estudiantes de educaci\u00f3n b\u00e1sica en Hidalgo"}]},{"@type":"WebSite","@id":"https:\/\/elcardinal.com\/#website","url":"https:\/\/elcardinal.com\/","name":"El Cardinal","description":"Periodismo honesto, con valor, sentido humano, a veces sarc\u00e1stico y divertido.","publisher":{"@id":"https:\/\/elcardinal.com\/#organization"},"alternateName":"El Cardinal Noticias","potentialAction":[{"@type":"SearchAction","target":{"@type":"EntryPoint","urlTemplate":"https:\/\/elcardinal.com\/?s={search_term_string}"},"query-input":{"@type":"PropertyValueSpecification","valueRequired":true,"valueName":"search_term_string"}}],"inLanguage":"es"},{"@type":"Organization","@id":"https:\/\/elcardinal.com\/#organization","name":"El Cardinal","url":"https:\/\/elcardinal.com\/","logo":{"@type":"ImageObject","inLanguage":"es","@id":"https:\/\/elcardinal.com\/#\/schema\/logo\/image\/","url":"https:\/\/elcardinal.com\/wp-content\/uploads\/2025\/04\/LOGO-EL-CARDINAL-Periodismo-con-valor.png","contentUrl":"https:\/\/elcardinal.com\/wp-content\/uploads\/2025\/04\/LOGO-EL-CARDINAL-Periodismo-con-valor.png","width":755,"height":636,"caption":"El Cardinal"},"image":{"@id":"https:\/\/elcardinal.com\/#\/schema\/logo\/image\/"},"sameAs":["https:\/\/www.facebook.com\/profile.php?id=100063093107011","https:\/\/x.com\/ElCardinal_Mx"]},{"@type":"Person","@id":"https:\/\/elcardinal.com\/#\/schema\/person\/3c352ec0a33987fe275c0e8a2ea69f8b","name":"Antonio Alcaraz","image":{"@type":"ImageObject","inLanguage":"es","@id":"https:\/\/elcardinal.com\/wp-content\/uploads\/2025\/05\/cropped-TONO-96x96.jpg","url":"https:\/\/elcardinal.com\/wp-content\/uploads\/2025\/05\/cropped-TONO-96x96.jpg","contentUrl":"https:\/\/elcardinal.com\/wp-content\/uploads\/2025\/05\/cropped-TONO-96x96.jpg","caption":"Antonio Alcaraz"},"url":"https:\/\/elcardinal.com\/?author=2"}]}},"_links":{"self":[{"href":"https:\/\/elcardinal.com\/index.php?rest_route=\/wp\/v2\/posts\/6865","targetHints":{"allow":["GET"]}}],"collection":[{"href":"https:\/\/elcardinal.com\/index.php?rest_route=\/wp\/v2\/posts"}],"about":[{"href":"https:\/\/elcardinal.com\/index.php?rest_route=\/wp\/v2\/types\/post"}],"author":[{"embeddable":true,"href":"https:\/\/elcardinal.com\/index.php?rest_route=\/wp\/v2\/users\/2"}],"replies":[{"embeddable":true,"href":"https:\/\/elcardinal.com\/index.php?rest_route=%2Fwp%2Fv2%2Fcomments&post=6865"}],"version-history":[{"count":1,"href":"https:\/\/elcardinal.com\/index.php?rest_route=\/wp\/v2\/posts\/6865\/revisions"}],"predecessor-version":[{"id":6868,"href":"https:\/\/elcardinal.com\/index.php?rest_route=\/wp\/v2\/posts\/6865\/revisions\/6868"}],"wp:featuredmedia":[{"embeddable":true,"href":"https:\/\/elcardinal.com\/index.php?rest_route=\/wp\/v2\/media\/6867"}],"wp:attachment":[{"href":"https:\/\/elcardinal.com\/index.php?rest_route=%2Fwp%2Fv2%2Fmedia&parent=6865"}],"wp:term":[{"taxonomy":"category","embeddable":true,"href":"https:\/\/elcardinal.com\/index.php?rest_route=%2Fwp%2Fv2%2Fcategories&post=6865"},{"taxonomy":"post_tag","embeddable":true,"href":"https:\/\/elcardinal.com\/index.php?rest_route=%2Fwp%2Fv2%2Ftags&post=6865"}],"curies":[{"name":"wp","href":"https:\/\/api.w.org\/{rel}","templated":true}]}}